{"id":207376,"date":"2023-05-25T08:40:13","date_gmt":"2023-05-25T11:40:13","guid":{"rendered":"https:\/\/www.agrobase.com.br\/concursos\/?p=207376"},"modified":"2023-11-14T10:38:33","modified_gmt":"2023-11-14T13:38:33","slug":"processo-seletivo-do-ifrj-edital-020-2023","status":"publish","type":"post","link":"https:\/\/www.agrobase.com.br\/concursos\/2023\/processo-seletivo-do-ifrj-edital-020-2023\/","title":{"rendered":"Processo Seletivo do IFRJ | Edital 020\/2023"},"content":{"rendered":"<p>\u00c9 lan\u00e7ado edital de Processo Seletivo do <a href=\"https:\/\/portal.ifrj.edu.br\/\" title=\"Instituto Federal de Educa\u00e7\u00e3o, Ci\u00eancia e Tecnologia do Rio de Janeiro\" target=\"_blank\" rel=\"noopener\">IFRJ<\/a>, visando o preenchimento de onze vagas do quadro de professores substitutos do Instituto.<\/p>\n<h2>Cargos e Remunera\u00e7\u00e3o<\/h2>\n<p>Como apresentado pelo edital 020\/2023 do Processo Seletivo da Instituto Federal do Rio de Janeiro (IFRJ) ser\u00e3o preenchidas <strong>11 vagas<\/strong>, oportunizando a participa\u00e7\u00e3o de professores para disputar vagas como substitutos na carreira do magist\u00e9rio superior, t\u00e9cnico e tecnol\u00f3gico.<\/p>\n<p>Os selecionados poder\u00e3o ser lotados nos seguintes campi e \u00e1reas de atua\u00e7\u00e3o:<\/p>\n<p><strong>Na regi\u00e3o da Baixada Fluminense:<\/strong> Materiais, Processos e Sustentabilidade; Produ\u00e7\u00e3o de Moda; Tecnologia do Vestu\u00e1rio (01); Trabalho, Direitos Humanos e Projetos Culturais (01); Seguran\u00e7a do trabalho; Gest\u00e3o de Riscos; Higiene do Trabalho; Gest\u00e3o Integrada; Qualidade, Meio Ambiente e Sa\u00fade; Desenho T\u00e9cnico; Ergonomia (01); L\u00edngua Inglesa (01); F\u00edsica I; F\u00edsica II; F\u00edsica III (01)<br \/>\n<strong>Na regi\u00e3o Metropolitana:<\/strong> Ci\u00eancia da Computa\u00e7\u00e3o, Desenvolvimento de jogos digitais com engines, desenvolvimento de aplicativos multiplataforma (01); Farmacognosia, Homeopatia, Farmacot\u00e9cnica e Fundamento (01); Micologia ( T\u00e9cnico em Alimentos), Microbiologia Aplicada (T\u00e9cnico em Biotecnologia), Microbiologia Aplicada II (Gradua\u00e7\u00e3o em Ci\u00eancias Biol\u00f3gicas, Bacharelado (01); Filosofia I &#8211; VIII (01); Higiene do Trabalho e Toxicologia (01);<br \/>\n<strong>Na regi\u00e3o Sul Fluminense:<\/strong> Cultural; Hist\u00f3ria da Arte e Cultura Aplicada ao Turismo I; Hist\u00f3ria da Arte e da Cultura a Aplicada ao Turismo II; Artes I e II (01).<\/p>\n<p>Os docentes desempenhar\u00e3o suas atividades sob jornadas de trabalho de <strong>20h<\/strong> ou <strong>40 horas por semana<\/strong>, o profissional ter\u00e1 direito a vencimentos b\u00e1sicos que variam entre <strong>R$ 2.236,32<\/strong> a <strong>R$ 3.130,85<\/strong> mensais, acrescidos de retribui\u00e7\u00e3o por titula\u00e7\u00e3o.<\/p>\n<p><strong>Clique abaixo para exibir o quadro de vagas do Processo Seletivo do IFRJ (Edital 020\/2023)<\/strong><br \/>\n<a target=\"_blank\" href=\"https:\/\/www.agrobase.com.br\/concursos\/wp-content\/uploads\/sites\/4\/2023\/05\/quadro-de-vagas-edital-020-2023-ifrj.pdf\" rel=\"noopener\"><img loading=\"lazy\" decoding=\"async\" src=\"https:\/\/www.agrobase.com.br\/concursos\/wp-content\/uploads\/sites\/4\/2018\/12\/quadro-de-vagas-do-processo-seletivo-do-ifrj.png\" alt=\"Vagas Concurso P\u00fablico do IFRJ (PDF)\" width=\"570\" height=\"160\" class=\"aligncenter size-full\" \/><\/a><\/p>\n<h2>Inscri\u00e7\u00f5es<\/h2>\n<p>As inscri\u00e7\u00f5es aos concursos ser\u00e3o realizadas exclusivamente de forma presencial, at\u00e9 o dia <strong>05 de junho de 2023<\/strong>, por meio do endere\u00e7o eletr\u00f4nico <a href=\"https:\/\/portal.ifrj.edu.br\/concurso-docente\/professor-substituto\" rel=\"noopener\" target=\"_blank\">portal.ifrj.edu.br<\/a>.<\/p>\n<p>A taxa de inscri\u00e7\u00e3o do cobrada ser\u00e1 de <strong>R$ 80,00<\/strong>.<\/p>\n<h2>Provas<\/h2>\n<p>O Processo de Sele\u00e7\u00e3o do IFRJ avaliar\u00e1 os professores concorrentes atrav\u00e9s das provas abaixo:<\/p>\n<ol>\n<li><strong>An\u00e1lise Curricular.<\/strong><\/li>\n<li><strong>Entrevista Remota.<\/strong><\/li>\n<\/ol>\n<p>A entrevista ser\u00e1 realizada nos dias <strong>06<\/strong> e <strong>07 de julho de 2023<\/strong>, de acordo com as datas e hor\u00e1rios estabelecidos na Convoca\u00e7\u00e3o para as Entrevistas<\/p>\n<h2>Informa\u00e7\u00f5es<\/h2>\n<p>O resultado final ser\u00e1 divulgado no dia <strong>21 de julho de 2023<\/strong>, na p\u00e1gina do IFRJ: portal.ifrj.edu.br.<\/p>\n","protected":false},"excerpt":{"rendered":"<p>\u00c9 lan\u00e7ado edital de Processo Seletivo do IFRJ, visando o preenchimento de onze vagas do quadro de professores substitutos do Instituto.<\/p>\n","protected":false},"author":7,"featured_media":207377,"comment_status":"open","ping_status":"open","sticky":false,"template":"","format":"standard","meta":{"_acf_changed":false,"_breakdance_hide_in_design_set":false,"_breakdance_tags":"","footnotes":""},"categories":[4,5,145,6,7,126,10,12,14,151,17,112,122,20,22,154,159],"tags":[56],"_amplo":[],"destaque":[],"instituicoes":[1729],"class_list":["post-207376","post","type-post","status-publish","format-standard","has-post-thumbnail","hentry","category-agronomia","category-arquitetura","category-artes-cenicas","category-biologia","category-biomedicina","category-ciencia-computacao","category-direito","category-enfermagem","category-engenharia","category-engenharia-computacao","category-farmacia","category-filosofia","category-fisica","category-letras","category-veterinaria","category-moda","category-tecnologia-da-informacao","tag-rio-de-janeiro","instituicoes-instituto-federal-de-educacao-ciencia-e-tecnologia-do-rio-de-janeiro-ifrj"],"acf":{"_tipo_vagas":"vagas","_numero_vagas":11,"_quadro_vagas":null,"_cargos":"professores","_cargos_especificos":"","_salario_max":"R$","_abertura":"20230505","_encerramento":"20230605","_inscricoes":"","_executora_concurso":"","_instituicao_concurso":[1729],"_link_adicional":null,"_anexos":[{"_arquivo_anexo":207378,"_titulo_anexo":"Edital 020\/2023"}],"_produtos":null,"_vagas":"","_salario_min":"","_instituicao":"","_edital":"","_anexos_edital":"","_fund_incompleto":"","_fund_completo":"","_medio":"","_superior":""},"_links":{"self":[{"href":"https:\/\/www.agrobase.com.br\/concursos\/wp-json\/wp\/v2\/posts\/207376","targetHints":{"allow":["GET"]}}],"collection":[{"href":"https:\/\/www.agrobase.com.br\/concursos\/wp-json\/wp\/v2\/posts"}],"about":[{"href":"https:\/\/www.agrobase.com.br\/concursos\/wp-json\/wp\/v2\/types\/post"}],"author":[{"embeddable":true,"href":"https:\/\/www.agrobase.com.br\/concursos\/wp-json\/wp\/v2\/users\/7"}],"replies":[{"embeddable":true,"href":"https:\/\/www.agrobase.com.br\/concursos\/wp-json\/wp\/v2\/comments?post=207376"}],"version-history":[{"count":0,"href":"https:\/\/www.agrobase.com.br\/concursos\/wp-json\/wp\/v2\/posts\/207376\/revisions"}],"acf:term":[{"embeddable":true,"taxonomy":"instituicoes","href":"https:\/\/www.agrobase.com.br\/concursos\/wp-json\/wp\/v2\/instituicoes\/1729"}],"wp:featuredmedia":[{"embeddable":true,"href":"https:\/\/www.agrobase.com.br\/concursos\/wp-json\/wp\/v2\/media\/207377"}],"wp:attachment":[{"href":"https:\/\/www.agrobase.com.br\/concursos\/wp-json\/wp\/v2\/media?parent=207376"}],"wp:term":[{"taxonomy":"category","embeddable":true,"href":"https:\/\/www.agrobase.com.br\/concursos\/wp-json\/wp\/v2\/categories?post=207376"},{"taxonomy":"post_tag","embeddable":true,"href":"https:\/\/www.agrobase.com.br\/concursos\/wp-json\/wp\/v2\/tags?post=207376"},{"taxonomy":"_amplo","embeddable":true,"href":"https:\/\/www.agrobase.com.br\/concursos\/wp-json\/wp\/v2\/_amplo?post=207376"},{"taxonomy":"destaque","embeddable":true,"href":"https:\/\/www.agrobase.com.br\/concursos\/wp-json\/wp\/v2\/destaque?post=207376"},{"taxonomy":"instituicoes","embeddable":true,"href":"https:\/\/www.agrobase.com.br\/concursos\/wp-json\/wp\/v2\/instituicoes?post=207376"}],"curies":[{"name":"wp","href":"https:\/\/api.w.org\/{rel}","templated":true}]}}