{"id":207253,"date":"2023-05-23T08:50:22","date_gmt":"2023-05-23T11:50:22","guid":{"rendered":"https:\/\/www.agrobase.com.br\/concursos\/?p=207253"},"modified":"2023-05-22T18:52:18","modified_gmt":"2023-05-22T21:52:18","slug":"sao-lancados-dois-editais-de-concurso-em-itabirito-mg","status":"publish","type":"post","link":"https:\/\/www.agrobase.com.br\/concursos\/2023\/sao-lancados-dois-editais-de-concurso-em-itabirito-mg\/","title":{"rendered":"S\u00e3o lan\u00e7ados dois editais de Concurso em Itabirito &#8211; MG"},"content":{"rendered":"<p>Conforme anunciado, promove-se dois editais de Concurso P\u00fablico na cidade de <a href=\"https:\/\/itabirito.mg.gov.br\/\" title=\"Prefeitura de Itabirito\" target=\"_blank\" rel=\"noopener\">Itabirito<\/a>, no estado de Minas Gerais, totalizando 297 vagas.<\/p>\n<h2>Cargos<\/h2>\n<p><strong>Edital 001\/2023:<\/strong> Secret\u00e1ria Escolar (1); Fonoaudi\u00f3logo Escolar (3); <a href=\"https:\/\/www.agrobase.com.br\/concursos\/vagas\/nutricao\/\" rel=\"noopener\" target=\"_blank\">Nutricionista<\/a> Escolar (1); Professor de Educa\u00e7\u00e3o &#8211; PI &#8211; Educa\u00e7\u00e3o Infantil, Anos Iniciais do Ensino Fundamental I (1\u00ba ao 5\u00ba ano), Educa\u00e7\u00e3o de Jovens e Adultos (1\u00ba ao 5\u00ba ano) (67); Professor de Educa\u00e7\u00e3o B\u00e1sica &#8211; PII &#8211; Artes (1); Professor de Educa\u00e7\u00e3o B\u00e1sica &#8211; PII &#8211; Ci\u00eancias (1); Professor de Educa\u00e7\u00e3o B\u00e1sica &#8211; PII &#8211; Educa\u00e7\u00e3o F\u00edsica (5); Professor de Educa\u00e7\u00e3o B\u00e1sica &#8211; PII &#8211; Ensino Religioso (1); Professor de Educa\u00e7\u00e3o B\u00e1sica &#8211; PII &#8211; Geografia (3); Professor de Educa\u00e7\u00e3o B\u00e1sica- PII- Hist\u00f3ria (1); Professor de Educa\u00e7\u00e3o B\u00e1sica- PII- Ingl\u00eas (1); Professor de Educa\u00e7\u00e3o B\u00e1sica- PII- Matem\u00e1tica (1); Professor de Educa\u00e7\u00e3o B\u00e1sica- PII- M\u00fasica (3); Professor de Educa\u00e7\u00e3o B\u00e1sica- PII- Portugu\u00eas (2); Psic\u00f3logo Escolar (7); Psicopedagogo Escolar (2); Supervisor Escolar (4); Terapeuta Ocupacional Escolar (2);<\/p>\n<p><strong>Edital 002\/2023:<\/strong> Auxiliar Administrativo II (12x 36) (2); Auxiliar de Farm\u00e1cia (12&#215;36) (5); Auxiliar de Farm\u00e1cia (40 horas) (7); Auxiliar de Sa\u00fade Bucal (18); T\u00e9cnico em Enfermagem I (40 horas) (30) T\u00e9cnico em Enfermagem II (12&#215;36) (17); T\u00e9cnico em Patologia Cl\u00ednica (12&#215;36) (5); T\u00e9cnico em Pr\u00f3tese Dent\u00e1ria (3); T\u00e9cnico em Radiologia (4); T\u00e9cnico em Sa\u00fade Bucal (12) Assistente Social Sa\u00fade (2); Bioqu\u00edmico\/Biom\u00e9dico (1); Cirurgi\u00e3o Dentista Especialista em Atendimento a Pacientes com Necessidades Especiais (2); Cirurgi\u00e3o Dentista Especialista em Cirurgia e Traumatologia Buco Maxilo Facial (2); Cirurgi\u00e3o Dentista Especialista em Endodontia (3); Cirurgi\u00e3o Dentista Especialista em Odontopediatria (1); Cirurgi\u00e3o Dentista Especialista em Ortodontia (1); Cirurgi\u00e3o Dentista Especialista em Periodontia (2); Cirurgi\u00e3o Dentista Especialista em Pr\u00f3tese Dent\u00e1ria (2); Cirurgi\u00e3o Dentista PSF (10); Educador F\u00edsico (1); Enfermeiro I (1); Enfermeiro II (6); Enfermeiro PSF (4); Farmac\u00eautico (3); Fisioterapeuta (1); Fonoaudi\u00f3logo Sa\u00fade (5); M\u00e9dico II &#8211; Ginecologista (6); M\u00e9dico II &#8211; Pediatra (6); M\u00e9dico PSF (12); <a href=\"https:\/\/www.agrobase.com.br\/concursos\/vagas\/veterinaria\/\" rel=\"noopener\" target=\"_blank\">M\u00e9dico Veterin\u00e1rio<\/a> Sa\u00fade (2); Nutricionista da Sa\u00fade (1); Psic\u00f3logo da Sa\u00fade (9); Psicopedagogo Sa\u00fade (1); Terapeuta Ocupacional Sa\u00fade (4).<\/p>\n<h2>Remunera\u00e7\u00f5es<\/h2>\n<p>No edital primeiro os valores salariais variam entre <strong>R$ 2.796,47<\/strong> e <strong>R$ 5.064,76<\/strong>, considerando atua\u00e7\u00f5es semanais em jornadas de <strong>25h<\/strong>, <strong>27h<\/strong>, <strong>30h<\/strong> ou <strong>40 horas<\/strong>.<\/p>\n<p>J\u00e1 no segundo edital os valores partem de <strong>R$ 2.118,21<\/strong>, podendo alcan\u00e7ar at\u00e9 <strong>R$ 8.474,65<\/strong>, dependendo do cargo. As jornadas de trabalho s\u00e3o de <strong>20h<\/strong>, <strong>24h<\/strong>, <strong>30h<\/strong>, <strong>40h<\/strong> ou em regime de <strong>12h\/36h<\/strong>.<\/p>\n<h2>Inscri\u00e7\u00f5es<\/h2>\n<p>Para se inscrever, \u00e9 poss\u00edvel preencher a ficha de inscri\u00e7\u00e3o no site do IMAM, de <strong>19 de julho<\/strong> \u00e0s 21h de <strong>18 de agosto de 2023<\/strong>.<\/p>\n<p>Cada inscri\u00e7\u00e3o resulta em uma taxa de inscri\u00e7\u00e3o com valores de: <strong>R$ 70,00<\/strong>, <strong>R$ 80,00<\/strong> ou <strong>R$ 100,00<\/strong>.<\/p>\n<h2>Etapas<\/h2>\n<p>Entre as etapas escolhidas para avaliar os inscritos nos concursos est\u00e3o:<\/p>\n<ol>\n<li><strong>Prova Objetiva de M\u00faltipla Escolha.<\/strong><\/li>\n<li><strong>Prova de Reda\u00e7\u00e3o.<\/strong><\/li>\n<li><strong>Prova de T\u00edtulos.<\/strong><\/li>\n<li><strong>Avalia\u00e7\u00e3o Psicol\u00f3gica.<\/strong><\/li>\n<\/ol>\n<p>Consulte o edital para verificar quais etapas se aplicam ao seu cargo de interesse, j\u00e1 que nem todas s\u00e3o aplicadas para todos os cargos.<\/p>\n<h2>Resultados<\/h2>\n<p>Todos os resultados, cronogramas, altera\u00e7\u00f5es, informativos e comprovantes devem ser acompanhados, sob total responsabilidade do participante, no endere\u00e7o eletr\u00f4nico da Organizadora do Concurso (https:\/\/imam.org.br\/).<\/p>\n","protected":false},"excerpt":{"rendered":"<p>Conforme anunciado, promove-se dois editais de Concurso P\u00fablico na cidade de Itabirito, no estado de Minas Gerais, totalizando 297 vagas.<\/p>\n","protected":false},"author":7,"featured_media":207256,"comment_status":"open","ping_status":"open","sticky":false,"template":"","format":"standard","meta":{"_acf_changed":false,"_breakdance_hide_in_design_set":false,"_breakdance_tags":"","footnotes":""},"categories":[6,7,106,141,11,12,17,18,19,111,100,20,116,21,22,23,24,25,26,101,108,143,134],"tags":[50],"_amplo":[],"destaque":[],"instituicoes":[2272],"class_list":["post-207253","post","type-post","status-publish","format-standard","has-post-thumbnail","hentry","category-biologia","category-biomedicina","category-bioquimica","category-educacao-artistica","category-educacao-fisica","category-enfermagem","category-farmacia","category-fisioterapia","category-fonoaudiologia","category-geografia","category-historia","category-letras","category-matematica","category-medicina","category-veterinaria","category-nutricao","category-odontologia","category-pedagogia","category-psicologia","category-servico-social","category-tecnico-enfermagem","category-tecnico-odontologia","category-terapia-ocupacional","tag-minas-gerais","instituicoes-prefeitura-municipal-de-itabirito-mg"],"acf":{"_tipo_vagas":"vagas","_numero_vagas":297,"_quadro_vagas":null,"_cargos":"diversos","_cargos_especificos":"","_salario_max":"R$","_abertura":"20230719","_encerramento":"20230818","_inscricoes":"","_executora_concurso":40279,"_instituicao_concurso":[2272],"_link_adicional":null,"_anexos":[{"_arquivo_anexo":207254,"_titulo_anexo":"Edital 001\/2023"},{"_arquivo_anexo":207255,"_titulo_anexo":"Edital 002\/2023"}],"_produtos":null,"_vagas":"","_salario_min":"","_instituicao":"","_edital":"","_anexos_edital":"","_fund_incompleto":"","_fund_completo":"","_medio":"","_superior":""},"_links":{"self":[{"href":"https:\/\/www.agrobase.com.br\/concursos\/wp-json\/wp\/v2\/posts\/207253","targetHints":{"allow":["GET"]}}],"collection":[{"href":"https:\/\/www.agrobase.com.br\/concursos\/wp-json\/wp\/v2\/posts"}],"about":[{"href":"https:\/\/www.agrobase.com.br\/concursos\/wp-json\/wp\/v2\/types\/post"}],"author":[{"embeddable":true,"href":"https:\/\/www.agrobase.com.br\/concursos\/wp-json\/wp\/v2\/users\/7"}],"replies":[{"embeddable":true,"href":"https:\/\/www.agrobase.com.br\/concursos\/wp-json\/wp\/v2\/comments?post=207253"}],"version-history":[{"count":0,"href":"https:\/\/www.agrobase.com.br\/concursos\/wp-json\/wp\/v2\/posts\/207253\/revisions"}],"acf:term":[{"embeddable":true,"taxonomy":"instituicoes","href":"https:\/\/www.agrobase.com.br\/concursos\/wp-json\/wp\/v2\/instituicoes\/2272"}],"acf:post":[{"embeddable":true,"href":"https:\/\/www.agrobase.com.br\/concursos\/wp-json\/wp\/v2\/executora\/40279"}],"wp:featuredmedia":[{"embeddable":true,"href":"https:\/\/www.agrobase.com.br\/concursos\/wp-json\/wp\/v2\/media\/207256"}],"wp:attachment":[{"href":"https:\/\/www.agrobase.com.br\/concursos\/wp-json\/wp\/v2\/media?parent=207253"}],"wp:term":[{"taxonomy":"category","embeddable":true,"href":"https:\/\/www.agrobase.com.br\/concursos\/wp-json\/wp\/v2\/categories?post=207253"},{"taxonomy":"post_tag","embeddable":true,"href":"https:\/\/www.agrobase.com.br\/concursos\/wp-json\/wp\/v2\/tags?post=207253"},{"taxonomy":"_amplo","embeddable":true,"href":"https:\/\/www.agrobase.com.br\/concursos\/wp-json\/wp\/v2\/_amplo?post=207253"},{"taxonomy":"destaque","embeddable":true,"href":"https:\/\/www.agrobase.com.br\/concursos\/wp-json\/wp\/v2\/destaque?post=207253"},{"taxonomy":"instituicoes","embeddable":true,"href":"https:\/\/www.agrobase.com.br\/concursos\/wp-json\/wp\/v2\/instituicoes?post=207253"}],"curies":[{"name":"wp","href":"https:\/\/api.w.org\/{rel}","templated":true}]}}