{"id":207241,"date":"2023-05-23T08:00:08","date_gmt":"2023-05-23T11:00:08","guid":{"rendered":"https:\/\/www.agrobase.com.br\/concursos\/?p=207241"},"modified":"2023-05-22T17:50:00","modified_gmt":"2023-05-22T20:50:00","slug":"processo-seletivo-da-ufvjm-mg-edital-035-2023","status":"publish","type":"post","link":"https:\/\/www.agrobase.com.br\/concursos\/2023\/processo-seletivo-da-ufvjm-mg-edital-035-2023\/","title":{"rendered":"Processo Seletivo da UFVJM &#8211; MG | Edital 035\/2023"},"content":{"rendered":"<p>O Processo Seletivo da <a target=\"_blank\" href=\"http:\/\/www.ufvjm.edu.br\/\" rel=\"noopener\">UFVJM<\/a> abre inscri\u00e7\u00f5es para preenchimento de seis vagas de professores substitutos.<\/p>\n<h2>Cargos e Remunera\u00e7\u00e3o<\/h2>\n<p>O edital 035\/2023 da Universidade Federal dos Vales do Jequitinhonha e Mucuri (UFCJM) prev\u00ea a abertura de <strong>06 vagas<\/strong> de professores lotados no Campus JK, na cidade de Diamantina, em Minas Gerais e nas \u00e1reas\/disciplinas abaixo:<\/p>\n<p><em>Ensino de Matem\u00e1tica\/ Matem\u00e1tica e Educa\u00e7\u00e3o I, Matem\u00e1tica e Educa\u00e7\u00e3o II, Matem\u00e1tica e Educa\u00e7\u00e3o III, Matem\u00e1tica e Educa\u00e7\u00e3o IV, Inform\u00e1tica no Ensino de Matem\u00e1tica, Est\u00e1gio Supervisionado I, Est\u00e1gio Supervisionado II, Est\u00e1gio Supervisionado III, Trabalho de Conclus\u00e3o de Curso I, Trabalho de Conclus\u00e3o de Curso II, Orienta\u00e7\u00e3o de TCC, Hist\u00f3ria da Matem\u00e1tica, T\u00f3picos Especiais em Ensino de Matem\u00e1tica, Geometria B\u00e1sica, Matem\u00e1tica Elementar II, Introdu\u00e7\u00e3o ao C\u00e1lculo, C\u00e1lculo Diferencial e Integral I e C\u00e1lculo Diferencial e Integral II (1); Educa\u00e7\u00e3o \/ Sociologia da Educa\u00e7\u00e3o; Hist\u00f3ria da Educa\u00e7\u00e3o; Fundamentos da Educa\u00e7\u00e3o; Hist\u00f3ria, Meio Ambiente e Educa\u00e7\u00e3o Ambiental; Filosofia da Educa\u00e7\u00e3o; Educa\u00e7\u00e3o e Direitos Humanos; Gest\u00e3o de Sistemas de Ensino e Pol\u00edticas Educacionais (2); Geoci\u00eancias \/ Hidrogeologia e Geologia Ambiental (1); Geoci\u00eancias\/Geologia de Engenharia e Geologia (1); Letras e Educa\u00e7\u00e3o do Campo &#8211; Linguagens e C\u00f3digos \/ Disciplinas: Literatura Brasileira, Est\u00e1gio Supervisionado Obrigat\u00f3rio, Pr\u00e1ticas de Ensino, Pr\u00e1ticas de Leitura do texto liter\u00e1rio (1)<\/em><\/p>\n<p>Os vencimentos mensais ser\u00e3o de <strong>R$ 3.412,63<\/strong> a <strong>R$ 4.692,37<\/strong>, em jornada de <strong>40 horas semanais<\/strong>.<\/p>\n<p><strong>Clique abaixo para exibir o quadro de vagas do Processo de Sele\u00e7\u00e3o da UFVJM (Edital 035\/2023)<\/strong><br \/>\n<a target=\"_blank\" href=\"https:\/\/www.agrobase.com.br\/concursos\/wp-content\/uploads\/sites\/4\/2023\/05\/quadro-de-vagas-edital-035-2023-ufvjm.pdf\" rel=\"noopener\"><img loading=\"lazy\" decoding=\"async\" src=\"https:\/\/www.agrobase.com.br\/concursos\/wp-content\/uploads\/sites\/4\/2017\/10\/quadro-de-vagas-do-processo-seletivo-da-ufvjm.png\" alt=\"Vagas Concurso UFVJM (PDF)\" width=\"570\" height=\"160\" class=\"aligncenter size-full\" \/><\/a><\/p>\n<h2>Inscri\u00e7\u00e3o<\/h2>\n<ul>\n<li><strong>Presencial:<\/strong> as inscri\u00e7\u00f5es ser\u00e3o recebidas entre os dias <strong>22<\/strong> e <strong>26 de maio de 2023<\/strong>, e de segunda a sexta-feira, das 9h30 \u00e0s 11h30 e das 14h \u00e0s 16h30, exceto s\u00e1bados, domingos, feriados e pontos facultativos, no Campus de Diamantina, localizado na Rodovia MGT 367, km 583, n\u00ba 5000, Alto da Jacuba.<\/li>\n<\/ul>\n<p>A candidatura tamb\u00e9m pode ser feita pelos correios, via SEDEX, para a Pr\u00f3-Reitoria de Gest\u00e3o de Pessoas, no endere\u00e7o acima, dentro do per\u00edodo de inscri\u00e7\u00f5es.<\/p>\n<p>As taxas de inscri\u00e7\u00e3o seguem os seguintes valores: <strong>R$ 75,00<\/strong> a <strong>R$ 200,00<\/strong>.<\/p>\n<h2>Provas<\/h2>\n<p>Os inscritos no Certame ser\u00e3o avaliados atrav\u00e9s de:<\/p>\n<ol>\n<li><strong>An\u00e1lise de Curr\u00edculo.<\/strong><\/li>\n<li><strong>Prova Did\u00e1tica.<\/strong><\/li>\n<li><strong>Entrevista.<\/strong><\/li>\n<\/ol>\n<p>As provas est\u00e3o previstas para serem realizadas nos dias <strong>06<\/strong> e <strong>07 de junho de 2023<\/strong>, no Campus JK, localizado na Rodovia MGT 367, km 583, n\u00ba 5000, Alto da Jacuba.<\/p>\n<h2>Resultado<\/h2>\n<p>\u00c9 de inteira responsabilidade do candidato acompanhar a publica\u00e7\u00e3o de todos os atos e comunicados referentes ao processo seletivo no site da UFVJM.<\/p>\n","protected":false},"excerpt":{"rendered":"<p>O Processo Seletivo da UFVJM abre inscri\u00e7\u00f5es para preenchimento de seis vagas de professores substitutos.<\/p>\n","protected":false},"author":7,"featured_media":207242,"comment_status":"open","ping_status":"open","sticky":false,"template":"","format":"standard","meta":{"_acf_changed":false,"_breakdance_hide_in_design_set":false,"_breakdance_tags":"","footnotes":""},"categories":[111,115,100,20,25],"tags":[50],"_amplo":[],"destaque":[],"instituicoes":[],"class_list":["post-207241","post","type-post","status-publish","format-standard","has-post-thumbnail","hentry","category-geografia","category-geologia","category-historia","category-letras","category-pedagogia","tag-minas-gerais"],"acf":{"_tipo_vagas":"vagas","_numero_vagas":6,"_quadro_vagas":null,"_cargos":"professores","_cargos_especificos":"","_salario_max":"R$","_abertura":"20230522","_encerramento":"20230526","_inscricoes":"","_executora_concurso":"","_instituicao_concurso":[],"_link_adicional":null,"_anexos":[{"_arquivo_anexo":207245,"_titulo_anexo":"Edital 035\/2023"}],"_produtos":null,"_vagas":"","_salario_min":"","_instituicao":"","_edital":"","_anexos_edital":"","_fund_incompleto":"","_fund_completo":"","_medio":"","_superior":""},"_links":{"self":[{"href":"https:\/\/www.agrobase.com.br\/concursos\/wp-json\/wp\/v2\/posts\/207241","targetHints":{"allow":["GET"]}}],"collection":[{"href":"https:\/\/www.agrobase.com.br\/concursos\/wp-json\/wp\/v2\/posts"}],"about":[{"href":"https:\/\/www.agrobase.com.br\/concursos\/wp-json\/wp\/v2\/types\/post"}],"author":[{"embeddable":true,"href":"https:\/\/www.agrobase.com.br\/concursos\/wp-json\/wp\/v2\/users\/7"}],"replies":[{"embeddable":true,"href":"https:\/\/www.agrobase.com.br\/concursos\/wp-json\/wp\/v2\/comments?post=207241"}],"version-history":[{"count":0,"href":"https:\/\/www.agrobase.com.br\/concursos\/wp-json\/wp\/v2\/posts\/207241\/revisions"}],"wp:featuredmedia":[{"embeddable":true,"href":"https:\/\/www.agrobase.com.br\/concursos\/wp-json\/wp\/v2\/media\/207242"}],"wp:attachment":[{"href":"https:\/\/www.agrobase.com.br\/concursos\/wp-json\/wp\/v2\/media?parent=207241"}],"wp:term":[{"taxonomy":"category","embeddable":true,"href":"https:\/\/www.agrobase.com.br\/concursos\/wp-json\/wp\/v2\/categories?post=207241"},{"taxonomy":"post_tag","embeddable":true,"href":"https:\/\/www.agrobase.com.br\/concursos\/wp-json\/wp\/v2\/tags?post=207241"},{"taxonomy":"_amplo","embeddable":true,"href":"https:\/\/www.agrobase.com.br\/concursos\/wp-json\/wp\/v2\/_amplo?post=207241"},{"taxonomy":"destaque","embeddable":true,"href":"https:\/\/www.agrobase.com.br\/concursos\/wp-json\/wp\/v2\/destaque?post=207241"},{"taxonomy":"instituicoes","embeddable":true,"href":"https:\/\/www.agrobase.com.br\/concursos\/wp-json\/wp\/v2\/instituicoes?post=207241"}],"curies":[{"name":"wp","href":"https:\/\/api.w.org\/{rel}","templated":true}]}}