{"id":207023,"date":"2023-05-17T08:30:08","date_gmt":"2023-05-17T11:30:08","guid":{"rendered":"https:\/\/www.agrobase.com.br\/concursos\/?p=207023"},"modified":"2023-05-16T19:11:49","modified_gmt":"2023-05-16T22:11:49","slug":"foi-aberto-concurso-pela-ufrj-para-tecnicos-administrativos","status":"publish","type":"post","link":"https:\/\/www.agrobase.com.br\/concursos\/2023\/foi-aberto-concurso-pela-ufrj-para-tecnicos-administrativos\/","title":{"rendered":"Foi aberto concurso pela UFRJ para t\u00e9cnicos administrativos"},"content":{"rendered":"<p>Mais um edital de Concurso \u00e9 aberto na <a href=\"https:\/\/ufrj.br\/\" title=\"Universidade Federal do Rio de Janeiro\" target=\"_blank\" rel=\"noopener\">UFRJ<\/a>, a qual selecionar\u00e1 profissionais para a contrata\u00e7\u00e3o de 88 T\u00e9cnicos Administrativos.<\/p>\n<h2>Cargos e Remunera\u00e7\u00e3o<\/h2>\n<p>Conforme informa\u00e7\u00f5es obtidas por meio da leitura do edital 491\/2023, as <strong>88 vagas<\/strong> de trabalho s\u00e3o destinadas a suprir necessidades de profissionais t\u00e9cnicos-administrativo para as Unidades do Rio de Janeiro, Duque de Caxias e Maca\u00e9. Existem vagas dispon\u00edveis para a classe &#8220;C&#8221; e &#8220;D&#8221;, n\u00edvel m\u00e9dio e t\u00e9cnico, nos seguintes cargos:<\/p>\n<p><em>assistente de alunos (2); assistente em administra\u00e7\u00e3o (26); t\u00e9cnicos de tecnologia da informa\u00e7\u00e3o nas \u00e1reas de an\u00e1lise de redes (2), desenvolvimento (2), projeto de redes (2), seguran\u00e7a (2) e suporte de infraestrutura (6); t\u00e9cnico em enfermagem &#8211; geral (13); t\u00e9cnico em enfermagem &#8211; pedi\u00e1trica (2); t\u00e9cnico em farm\u00e1cia (10); t\u00e9cnico em radiologia &#8211; geral (8); t\u00e9cnico em radiologia &#8211; radioterapia (2); t\u00e9cnicos de laborat\u00f3rio nas \u00e1reas de acessibilidade (1), alimentos (1), biomedicina (1), edifica\u00e7\u00f5es (1), el\u00e9trica (1), eletr\u00f4nica (1), f\u00edsica (1), projetos mec\u00e2nicos (1) e qu\u00edmica (3)<\/em><\/p>\n<p>Contudo, a jornada de trabalho semanal pode ser de <strong>24h<\/strong> ou de <strong>40 horas<\/strong> e a remunera\u00e7\u00e3o b\u00e1sica vai de <strong>R$ 2.120,13<\/strong> a <strong>R$ 2.667,19<\/strong>.<\/p>\n<p>De acordo com o edital de abertura, a seguir destacamos os requisitos de todas as oportunidades:<\/p>\n<p><strong>Clique abaixo para exibir o quadro de vagas do Concurso da UFRJ (Edital 491\/2023)<\/strong><br \/>\n<a target=\"_blank\" href=\"https:\/\/www.agrobase.com.br\/concursos\/wp-content\/uploads\/sites\/4\/2023\/05\/quadro-de-vagas-edital-491-2023-ufrj.pdf\" rel=\"noopener\"><img loading=\"lazy\" decoding=\"async\" src=\"https:\/\/www.agrobase.com.br\/concursos\/wp-content\/uploads\/sites\/4\/2017\/08\/quadro-de-vagas-do-concurso-publico-da-ufrj.png\" alt=\"Vagas Concurso P\u00fablico da Universidade Federal do Rio de Janeiro (PDF)\" width=\"570\" height=\"160\" class=\"aligncenter size-full\" \/><\/a><\/p>\n<h2>Inscri\u00e7\u00e3o<\/h2>\n<ul>\n<li><strong>Internet:<\/strong> as inscri\u00e7\u00f5es ser\u00e3o recebidas exclusivamente pela internet atrav\u00e9s do endere\u00e7o eletr\u00f4nico <a href=\"https:\/\/concursos.pr4.ufrj.br\/index.php\/61-concursos\/concursos-em-andamento\/edital-491-de-29-de-abril-de-2023\/635-edital-n-491-de-29-de-abril-de-2023\" rel=\"noopener\" target=\"_blank\">concursos.pr4.ufrj.br<\/a>, no per\u00edodo das 10h do dia <strong>31 de maio de 2023<\/strong> a <strong>02 de julho de 2023<\/strong>.<\/li>\n<\/ul>\n<p>O valor da taxa de inscri\u00e7\u00e3o ser\u00e1 de <strong>R$ 80,00 (oitenta reais)<\/strong> para o cargo de Assistente de Alunos e <strong>R$ 100,00 (cem reais)<\/strong> para os cargos de Assistente em Administra\u00e7\u00e3o, T\u00e9cnico de Tecnologia da Informa\u00e7\u00e3o, T\u00e9cnico em Enfermagem, T\u00e9cnico em Farm\u00e1cia, T\u00e9cnico em Radiologia e T\u00e9cnico de Laborat\u00f3rio.<\/p>\n<h2>Provas<\/h2>\n<p>O processo de sele\u00e7\u00e3o efetivo para T\u00e9cnicos Administrativos da UFRJ prev\u00ea as etapas, a saber:<\/p>\n<ol>\n<li><strong>Prova Objetiva.<\/strong> Para todos.<\/li>\n<li><strong>Prova Pr\u00e1tica.<\/strong> Aos empregos de t\u00e9cnicos em enfermagem, em farm\u00e1cia, em radiologia e de laborat\u00f3rio.<\/li>\n<\/ol>\n<h2>Resultado<\/h2>\n<p>Por fim, o resultado final do Certame para t\u00e9cnicos administrativos da UFRJ ser\u00e1 publicado no Di\u00e1rio Oficial da Uni\u00e3o e divulgado no endere\u00e7o eletr\u00f4nico do concurso.<\/p>\n","protected":false},"excerpt":{"rendered":"<p>Mais um edital de Concurso \u00e9 aberto na UFRJ, a qual selecionar\u00e1 profissionais para a contrata\u00e7\u00e3o de 88 T\u00e9cnicos Administrativos.<\/p>\n","protected":false},"author":7,"featured_media":207025,"comment_status":"open","ping_status":"open","sticky":false,"template":"","format":"standard","meta":{"_acf_changed":false,"_breakdance_hide_in_design_set":false,"_breakdance_tags":"","footnotes":""},"categories":[150,108,161,159],"tags":[56],"_amplo":[],"destaque":[],"instituicoes":[209],"class_list":["post-207023","post","type-post","status-publish","format-standard","has-post-thumbnail","hentry","category-tecnico-eletronica","category-tecnico-enfermagem","category-tecnico-laboratorio","category-tecnologia-da-informacao","tag-rio-de-janeiro","instituicoes-universidade-federal-do-rio-de-janeiro-ufrj"],"acf":{"_tipo_vagas":"vagas","_numero_vagas":88,"_quadro_vagas":null,"_cargos":"t\u00e9cnicos administrativos","_cargos_especificos":"","_salario_max":"R$","_abertura":"20230531","_encerramento":"20230702","_inscricoes":"","_executora_concurso":"","_instituicao_concurso":[209],"_link_adicional":null,"_anexos":[{"_arquivo_anexo":207024,"_titulo_anexo":"Edital 491\/2023"}],"_produtos":null,"_vagas":"","_salario_min":"","_instituicao":"","_edital":"","_anexos_edital":"","_fund_incompleto":"","_fund_completo":"","_medio":"","_superior":""},"_links":{"self":[{"href":"https:\/\/www.agrobase.com.br\/concursos\/wp-json\/wp\/v2\/posts\/207023","targetHints":{"allow":["GET"]}}],"collection":[{"href":"https:\/\/www.agrobase.com.br\/concursos\/wp-json\/wp\/v2\/posts"}],"about":[{"href":"https:\/\/www.agrobase.com.br\/concursos\/wp-json\/wp\/v2\/types\/post"}],"author":[{"embeddable":true,"href":"https:\/\/www.agrobase.com.br\/concursos\/wp-json\/wp\/v2\/users\/7"}],"replies":[{"embeddable":true,"href":"https:\/\/www.agrobase.com.br\/concursos\/wp-json\/wp\/v2\/comments?post=207023"}],"version-history":[{"count":0,"href":"https:\/\/www.agrobase.com.br\/concursos\/wp-json\/wp\/v2\/posts\/207023\/revisions"}],"acf:term":[{"embeddable":true,"taxonomy":"instituicoes","href":"https:\/\/www.agrobase.com.br\/concursos\/wp-json\/wp\/v2\/instituicoes\/209"}],"wp:featuredmedia":[{"embeddable":true,"href":"https:\/\/www.agrobase.com.br\/concursos\/wp-json\/wp\/v2\/media\/207025"}],"wp:attachment":[{"href":"https:\/\/www.agrobase.com.br\/concursos\/wp-json\/wp\/v2\/media?parent=207023"}],"wp:term":[{"taxonomy":"category","embeddable":true,"href":"https:\/\/www.agrobase.com.br\/concursos\/wp-json\/wp\/v2\/categories?post=207023"},{"taxonomy":"post_tag","embeddable":true,"href":"https:\/\/www.agrobase.com.br\/concursos\/wp-json\/wp\/v2\/tags?post=207023"},{"taxonomy":"_amplo","embeddable":true,"href":"https:\/\/www.agrobase.com.br\/concursos\/wp-json\/wp\/v2\/_amplo?post=207023"},{"taxonomy":"destaque","embeddable":true,"href":"https:\/\/www.agrobase.com.br\/concursos\/wp-json\/wp\/v2\/destaque?post=207023"},{"taxonomy":"instituicoes","embeddable":true,"href":"https:\/\/www.agrobase.com.br\/concursos\/wp-json\/wp\/v2\/instituicoes?post=207023"}],"curies":[{"name":"wp","href":"https:\/\/api.w.org\/{rel}","templated":true}]}}