{"id":206990,"date":"2023-06-05T07:40:22","date_gmt":"2023-06-05T10:40:22","guid":{"rendered":"https:\/\/www.agrobase.com.br\/concursos\/?p=206990"},"modified":"2023-06-02T13:18:29","modified_gmt":"2023-06-02T16:18:29","slug":"concurso-publico-da-ufrj-edital-490-2023","status":"publish","type":"post","link":"https:\/\/www.agrobase.com.br\/concursos\/2023\/concurso-publico-da-ufrj-edital-490-2023\/","title":{"rendered":"Concurso P\u00fablico da UFRJ | Edital 490\/2023 [Prorrogado]"},"content":{"rendered":"<p>\u00c9 promovido o edital de Concurso P\u00fablico pela <a href=\"https:\/\/ufrj.br\/\" title=\"Universidade Federal do Rio de Janeiro\" target=\"_blank\" rel=\"noopener\">UFRJ<\/a>, a qual realizar\u00e1 a contrata\u00e7\u00e3o de 194 T\u00e9cnicos Administrativos para os Campi do Rio de Janeiro, Duque de Caxias e Maca\u00e9.<\/p>\n<h2>Cargos e Remunera\u00e7\u00e3o<\/h2>\n<p>Conforme informa\u00e7\u00f5es obtidas por meio da leitura do edital 490\/2023, as <strong>194 vagas<\/strong> de trabalho s\u00e3o destinadas a suprir necessidades de profissionais t\u00e9cnicos-administrativo para as Unidades do Rio de Janeiro, Duque de Caxias e Maca\u00e9. Existem vagas dispon\u00edveis para a classe &#8220;E&#8221;, n\u00edvel superior, nos seguintes cargos:<\/p>\n<p><em>Administrador (3); Analista de Tecnologia da Informa\u00e7\u00e3o &#8211; Desenvolvimento (3); Analista de Tecnologia da Informa\u00e7\u00e3o &#8211; Suporte de Infraestrutura (3); Analista de Tecnologia da Informa\u00e7\u00e3o &#8211; An\u00e1lise de Redes (3); Analista de Tecnologia da Informa\u00e7\u00e3o &#8211; Projeto de Redes (3); Analista de Tecnologia da Informa\u00e7\u00e3o &#8211; Seguran\u00e7a (3); Arquiteto e Urbanista (2); Arquivista (2); Assistente Social (5); Auditor (5); Bibliotec\u00e1rio-Documentalista (18); Bi\u00f3logo (7); Biom\u00e9dico (3); Contador (2); Economista (1); Enfermeiro (38); Engenheiro &#8211; Eletricista (1); Engenheiro &#8211; Ambiental (1); Engenheiro &#8211; Civil (2); Engenheiro &#8211; Eletricista (2); Engenheiro &#8211; Produ\u00e7\u00e3o (1); Estat\u00edstico (1); Farmac\u00eautico (4); Farmac\u00eautico Bioqu\u00edmico (4); Fisioterapeuta (1); Ge\u00f3grafo (1); M\u00e9dico &#8211; Anestesia (1); M\u00e9dico &#8211; Cardiologia (2); M\u00e9dico &#8211; Cirurgia Cardiovascular (1); M\u00e9dico &#8211; Cirurgia Geral (1); M\u00e9dico &#8211; Cirurgia Tor\u00e1cica (1); M\u00e9dico &#8211; Cl\u00ednica M\u00e9dica (1); M\u00e9dico &#8211; Cl\u00ednica M\u00e9dica Emerg\u00eancia (2); M\u00e9dico &#8211; Endocrinologia (1); M\u00e9dico &#8211; Geneticista Pedi\u00e1trico (1); M\u00e9dico &#8211; Geriatria (1); M\u00e9dico &#8211; Hematologia (1); M\u00e9dico &#8211; Infectologia (2); M\u00e9dico &#8211; Intensivista (1); M\u00e9dico &#8211; Intensivista Pedi\u00e1trica (1); M\u00e9dico &#8211; Mastologia (1); M\u00e9dico &#8211; Medicina do Trabalho (2); M\u00e9dico &#8211; Medicina F\u00edsica e Reabilita\u00e7\u00e3o (1); M\u00e9dico &#8211; Neonatologia (UTI) (1); M\u00e9dico &#8211; Neurofisiologia para EEG (1); M\u00e9dico &#8211; Neurologia (1); M\u00e9dico &#8211; Neurologia Eletromiografia (1); M\u00e9dico &#8211; Neurologia Pedi\u00e1trica (1); M\u00e9dico &#8211; Obstetr\u00edcia (1); M\u00e9dico &#8211; Oftalmologia (1); M\u00e9dico &#8211; Ortopedia e Traumatologia (2); M\u00e9dico &#8211; Otorrinolaringologia (1); M\u00e9dico &#8211; Patologia (1); M\u00e9dico &#8211; Emerg\u00eancia Pedi\u00e1trica (2); M\u00e9dico &#8211; Pediatria (1); M\u00e9dico &#8211; Pneumologia (1); M\u00e9dico &#8211; Proctologia (1); M\u00e9dico &#8211; Radiologia (2); M\u00e9dico &#8211; Radiologia Pedi\u00e1trica (1); M\u00e9dico &#8211; Reumatologia (1); M\u00e9dico &#8211; Sanitarista (1); M\u00e9dico &#8211; Urologia (1); M\u00fasico &#8211; Viola (1); M\u00fasico &#8211; Violino (2); M\u00fasico &#8211; Piano (1); Nutricionista &#8211; Geral (1); Nutricionista &#8211; Alimenta\u00e7\u00e3o Coletiva (1); Nutricionista &#8211; Cl\u00ednica (1); Nutricionista &#8211; Sa\u00fade P\u00fablica (1); Odont\u00f3logo &#8211; Endodontia, Dent\u00edstica e Pr\u00f3tese (1); Odont\u00f3logo &#8211; Pr\u00f3tese Dent\u00e1ria e Implantodontia (1); Odont\u00f3logo &#8211; Pr\u00f3tese, Dent\u00edstica e Periodontia (1); Odont\u00f3logo &#8211; Radiologia (2); Pedagogo (2); Produtor Cultural (1); Psic\u00f3logo &#8211; Cl\u00ednica (1); Psic\u00f3logo &#8211; Hospitalar (1); Psic\u00f3logo &#8211; Organizacional (1); T\u00e9cnico Desportivo (2); T\u00e9cnico em Assuntos Educacionais (1); T\u00e9cnico em Assuntos Educacionais (9); Tecn\u00f3logo (1)<\/em><\/p>\n<p>Contudo, a jornada de trabalho semanal pode ser de <strong>20h<\/strong> ou de <strong>40 horas<\/strong> e a remunera\u00e7\u00e3o poder\u00e1 chegar ao valor de <strong>R$ 4.556,92<\/strong>.<\/p>\n<p>De acordo com o edital de abertura, a seguir destacamos os requisitos de todas as oportunidades:<\/p>\n<p><strong>Clique abaixo para exibir o quadro de vagas do Concurso da UFRJ (Edital 490\/2023)<\/strong><br \/>\n<a target=\"_blank\" href=\"https:\/\/www.agrobase.com.br\/concursos\/wp-content\/uploads\/sites\/4\/2023\/05\/quadro-de-vagas-edital-490-2023-ufrj.pdf\" rel=\"noopener\"><img loading=\"lazy\" decoding=\"async\" src=\"https:\/\/www.agrobase.com.br\/concursos\/wp-content\/uploads\/sites\/4\/2017\/08\/quadro-de-vagas-do-concurso-publico-da-ufrj.png\" alt=\"Vagas Concurso P\u00fablico da Universidade Federal do Rio de Janeiro (PDF)\" width=\"570\" height=\"160\" class=\"aligncenter size-full\" \/><\/a><\/p>\n<h2>Inscri\u00e7\u00e3o<\/h2>\n<ul>\n<li><strong>Internet:<\/strong> as inscri\u00e7\u00f5es ser\u00e3o recebidas exclusivamente pela internet atrav\u00e9s do endere\u00e7o eletr\u00f4nico <a href=\"https:\/\/concursos.pr4.ufrj.br\/\" rel=\"noopener\" target=\"_blank\">concursos.pr4.ufrj.br<\/a>, no per\u00edodo das 10h do dia <del datetime=\"2023-06-02T16:14:42+00:00\">14 de junho de 2023<\/del><strong>31 de maio de 2023<\/strong> a <del datetime=\"2023-06-02T16:14:42+00:00\">02 de julho de 2023<\/del><strong>16 de julho de 2023<\/strong>, com taxas de <strong>R$ 160,00<\/strong>.<\/li>\n<\/ul>\n<h2>Provas<\/h2>\n<p>O processo de sele\u00e7\u00e3o efetivo para T\u00e9cnicos Administrativos da UFRJ prev\u00ea as etapas, a saber:<\/p>\n<ol>\n<li><strong>Prova Objetiva.<\/strong><\/li>\n<li><strong>Prova Pr\u00e1tica.<\/strong><\/li>\n<li><strong>Prova Discursiva.<\/strong><\/li>\n<li><strong>Prova de T\u00edtulos.<\/strong><\/li>\n<\/ol>\n<h2>Resultado<\/h2>\n<p>Por fim, o resultado final do Certame para t\u00e9cnicos administrativos da UFRJ ser\u00e1 publicado no Di\u00e1rio Oficial da Uni\u00e3o e divulgado no endere\u00e7o eletr\u00f4nico do concurso.<\/p>\n","protected":false},"excerpt":{"rendered":"<p>\u00c9 promovido o edital de Concurso P\u00fablico pela UFRJ, a qual realizar\u00e1 a contrata\u00e7\u00e3o de 194 T\u00e9cnicos Administrativos para os Campi do Rio de Janeiro, Duque de Caxias e Maca\u00e9.<\/p>\n","protected":false},"author":7,"featured_media":206993,"comment_status":"open","ping_status":"open","sticky":false,"template":"","format":"standard","meta":{"_acf_changed":false,"_breakdance_hide_in_design_set":false,"_breakdance_tags":"","footnotes":""},"categories":[3,5,144,94,6,7,9,120,10,117,12,13,14,125,103,136,17,18,111,99,21,119,23,24,25,26,110,101,159],"tags":[56],"_amplo":[],"destaque":[],"instituicoes":[209],"class_list":["post-206990","post","type-post","status-publish","format-standard","has-post-thumbnail","hentry","category-administracao","category-arquitetura","category-arquivologia","category-biblioteconomia","category-biologia","category-biomedicina","category-ciencias-contabeis","category-comunicacao-social","category-direito","category-economia","category-enfermagem","category-engenharia-ambiental","category-engenharia","category-engenharia-producao","category-engenharia-eletrica","category-estatistica","category-farmacia","category-fisioterapia","category-geografia","category-jornalismo","category-medicina","category-musica","category-nutricao","category-odontologia","category-pedagogia","category-psicologia","category-relacoes-publicas","category-servico-social","category-tecnologia-da-informacao","tag-rio-de-janeiro","instituicoes-universidade-federal-do-rio-de-janeiro-ufrj"],"acf":{"_tipo_vagas":"vagas","_numero_vagas":194,"_quadro_vagas":null,"_cargos":"diversos","_cargos_especificos":"","_salario_max":"R$","_abertura":"20230614","_encerramento":"20230716","_inscricoes":"","_executora_concurso":"","_instituicao_concurso":[209],"_link_adicional":null,"_anexos":[{"_arquivo_anexo":206991,"_titulo_anexo":"Edital 490\/2023"},{"_arquivo_anexo":207804,"_titulo_anexo":"Retifica\u00e7\u00e3o I"},{"_arquivo_anexo":207805,"_titulo_anexo":"Retifica\u00e7\u00e3o II"}],"_produtos":null,"_vagas":"","_salario_min":"","_instituicao":"","_edital":"","_anexos_edital":"","_fund_incompleto":"","_fund_completo":"","_medio":"","_superior":""},"_links":{"self":[{"href":"https:\/\/www.agrobase.com.br\/concursos\/wp-json\/wp\/v2\/posts\/206990","targetHints":{"allow":["GET"]}}],"collection":[{"href":"https:\/\/www.agrobase.com.br\/concursos\/wp-json\/wp\/v2\/posts"}],"about":[{"href":"https:\/\/www.agrobase.com.br\/concursos\/wp-json\/wp\/v2\/types\/post"}],"author":[{"embeddable":true,"href":"https:\/\/www.agrobase.com.br\/concursos\/wp-json\/wp\/v2\/users\/7"}],"replies":[{"embeddable":true,"href":"https:\/\/www.agrobase.com.br\/concursos\/wp-json\/wp\/v2\/comments?post=206990"}],"version-history":[{"count":0,"href":"https:\/\/www.agrobase.com.br\/concursos\/wp-json\/wp\/v2\/posts\/206990\/revisions"}],"acf:term":[{"embeddable":true,"taxonomy":"instituicoes","href":"https:\/\/www.agrobase.com.br\/concursos\/wp-json\/wp\/v2\/instituicoes\/209"}],"wp:featuredmedia":[{"embeddable":true,"href":"https:\/\/www.agrobase.com.br\/concursos\/wp-json\/wp\/v2\/media\/206993"}],"wp:attachment":[{"href":"https:\/\/www.agrobase.com.br\/concursos\/wp-json\/wp\/v2\/media?parent=206990"}],"wp:term":[{"taxonomy":"category","embeddable":true,"href":"https:\/\/www.agrobase.com.br\/concursos\/wp-json\/wp\/v2\/categories?post=206990"},{"taxonomy":"post_tag","embeddable":true,"href":"https:\/\/www.agrobase.com.br\/concursos\/wp-json\/wp\/v2\/tags?post=206990"},{"taxonomy":"_amplo","embeddable":true,"href":"https:\/\/www.agrobase.com.br\/concursos\/wp-json\/wp\/v2\/_amplo?post=206990"},{"taxonomy":"destaque","embeddable":true,"href":"https:\/\/www.agrobase.com.br\/concursos\/wp-json\/wp\/v2\/destaque?post=206990"},{"taxonomy":"instituicoes","embeddable":true,"href":"https:\/\/www.agrobase.com.br\/concursos\/wp-json\/wp\/v2\/instituicoes?post=206990"}],"curies":[{"name":"wp","href":"https:\/\/api.w.org\/{rel}","templated":true}]}}