{"id":206921,"date":"2023-05-16T08:50:15","date_gmt":"2023-05-16T11:50:15","guid":{"rendered":"https:\/\/www.agrobase.com.br\/concursos\/?p=206921"},"modified":"2023-05-15T17:43:17","modified_gmt":"2023-05-15T20:43:17","slug":"lancados-15-editais-de-processos-seletivos-pela-furb-sc","status":"publish","type":"post","link":"https:\/\/www.agrobase.com.br\/concursos\/2023\/lancados-15-editais-de-processos-seletivos-pela-furb-sc\/","title":{"rendered":"Lan\u00e7ados 15 editais de Processos Seletivos pela FURB &#8211; SC"},"content":{"rendered":"<p>Postado pela FURB &#8211; SC, os 15 editais de Processo Seletivo devem selecionar profissionais para diversas vagas de professores universit\u00e1rios, em car\u00e1ter tempor\u00e1rio.<\/p>\n<p>Confiram os editais e as respectivas \u00e1reas de atua\u00e7\u00e3o com vagas em aberto:<\/p>\n<p>Edital 029\/2023 &#8211; Departamento de Ci\u00eancias Farmac\u00eauticas, do Centro de Ci\u00eancias da Sa\u00fade: Hematologia; An\u00e1lises Cl\u00ednicas; Banco de Sangue\/Disciplinas: Hematologia; Hematologia Cl\u00ednica I e II; Virologia; Hemoterapia e Banco de Sangue;<br \/>\nEdital 030\/2023 -Departamento de Ci\u00eancias Farmac\u00eauticas, do Centro de Ci\u00eancias da Sa\u00fade: Parasitologia Cl\u00ednica; An\u00e1lises Cl\u00ednicas\/Disciplinas: Parasitologia Cl\u00ednica I e II;<br \/>\nEdital 031\/2023 -Departamento de Ci\u00eancias Farmac\u00eauticas, do Centro de Ci\u00eancias da Sa\u00fade: Bioqu\u00edmica Cl\u00ednica; Citologia Cl\u00ednica; An\u00e1lises Cl\u00ednicas\/Disciplinas: Bioqu\u00edmica Cl\u00ednica I e II; Citologia Cl\u00ednica; Uroan\u00e1lise; L\u00edquidos Corporais;<br \/>\nEdital 032\/2023 &#8211; Departamento de Ci\u00eancias Farmac\u00eauticas, do Centro de Ci\u00eancias da Sa\u00fade: Nutri\u00e7\u00e3o Cl\u00ednica\/Disciplinas: Nutri\u00e7\u00e3o Cl\u00ednica I; Nutri\u00e7\u00e3o Cl\u00ednica II; Nutri\u00e7\u00e3o Aplicada ao Exerc\u00edcio F\u00edsico; Est\u00e1gio em Nutri\u00e7\u00e3o Cl\u00ednica I; Est\u00e1gio em Nutri\u00e7\u00e3o Cl\u00ednica II; Prescri\u00e7\u00e3o Magistral em Nutri\u00e7\u00e3o; Nutri\u00e7\u00e3o Cl\u00ednica Funcional e Est\u00e9tica;<br \/>\nEdital 033\/2023 &#8211; Departamento de Ci\u00eancias Farmac\u00eauticas, do Centro de Ci\u00eancias da Sa\u00fade: Qu\u00edmica Farmac\u00eautica Medicinal\/Disciplinas: Qu\u00edmica Farmac\u00eautica Medicinal I, II, III e IV;<br \/>\nEdital 034\/2023 &#8211; Departamento de Arquitetura e Urbanismo, do Centro de Ci\u00eancias Tecnol\u00f3gicas: Tecnologias\/Disciplinas: Tecnologia da Arquitetura 1 &#8211; Tipologias Arquitet\u00f4nicas, Sistemas e Materiais Construtivos na Arquitetura; Tecnologia da Arquitetura 2 &#8211; Pr\u00e1tica de Canteiro de Obras; Sistemas Estruturais na Arquitetura; Tecnologia da Arquitetura 3 &#8211; Compatibiliza\u00e7\u00e3o de Projetos e Gest\u00e3o de Obra e Tecnologia da Arquitetura 4 &#8211; Gest\u00e3o de Escrit\u00f3rio;<br \/>\nEdital 035\/2023 &#8211; Departamento de Servi\u00e7o Social, do Centro de Ci\u00eancias Humanas e da Comunica\u00e7\u00e3o: Servi\u00e7o Social\/Disciplinas: Introdu\u00e7\u00e3o ao Servi\u00e7o Social; Servi\u00e7o Social, Fam\u00edlia e Gera\u00e7\u00f5es; Pesquisa em Servi\u00e7o Social I; Pesquisa em Servi\u00e7o Social II, Pol\u00edtica Social: Sa\u00fade; Servi\u00e7o Social, Pol\u00edtica Social: Desenvolvimento Urbano e Meio Ambiente; Fundamentos Te\u00f3rico &#8211; Metodol\u00f3gicos do Servi\u00e7o Social I, II e I;<br \/>\nEdital 036\/2023 &#8211; Departamento de Comunica\u00e7\u00e3o, do Centro de Ci\u00eancias Humanas e da Comunica\u00e7\u00e3o: Eixo de Fundamenta\u00e7\u00e3o Espec\u00edfica\/Disciplinas: G\u00eaneros Jornal\u00edsticos; \u00c9tica no Jornalismo; Teorias do Jornalismo; e M\u00eddia Regional;<br \/>\nEdital 037\/2023 &#8211; Departamento de Comunica\u00e7\u00e3o, do Centro de Ci\u00eancias Humanas e da Comunica\u00e7\u00e3o: Produ\u00e7\u00e3o Publicit\u00e1ria Digital\/Disciplinas: Reda\u00e7\u00e3o Publicit\u00e1ria III &#8211; Multim\u00eddia; Produ\u00e7\u00e3o Publicit\u00e1ria em M\u00eddia Digital;<br \/>\nEdital 038\/2023 &#8211; Departamento de Comunica\u00e7\u00e3o, do Centro de Ci\u00eancias Humanas e da Comunica\u00e7\u00e3o: Gest\u00e3o e Estrat\u00e9gias da Comunica\u00e7\u00e3o\/Disciplinas: Promo\u00e7\u00e3o e Merchandising; Comunica\u00e7\u00e3o Empresarial;<br \/>\nEdital 039\/2023 &#8211; Departamento de Artes, do Centro de Ci\u00eancias da Educa\u00e7\u00e3o, Artes e Letras: Instrumento\/Disciplinas: Optativa da Pr\u00e1tica Instrumental &#8211; Flauta Doce I, II, III e IV;<br \/>\nEdital 040\/2023 &#8211; Departamento de Ci\u00eancias Naturais, do Centro de Ci\u00eancias Exatas e Naturais: Geoci\u00eancias\/Disciplinas: Geologia Geral; Geologia Ambiental; Paleontologia; Mineralogia;<br \/>\nEdital 041\/2023 &#8211; Departamento de Ci\u00eancias Naturais, do Centro de Ci\u00eancias Exatas e Naturais: Parasitologia\/Disciplina: Parasitologia;<br \/>\nEdital 042\/2023 &#8211; Departamento de Ci\u00eancias Naturais, do Centro de Ci\u00eancias Exatas e Naturais: Zoologia\/Disciplinas: Manejo da Fauna; Protistas; Zoologia de Invertebrados I; Zoologia de Invertebrados II; Zoologia de Invertebrados III; Zoologia de Cordados I; Zoologia de Cordados II;<br \/>\nEdital 043\/2023 &#8211; Departamento de Odontologia, do Centro de Ci\u00eancias da Sa\u00fade: Cl\u00ednica Odontol\u00f3gica &#8211; Disciplinas: Endodontia Pr\u00e9-Cl\u00ednica; Endodontia Cl\u00ednica; Cl\u00ednica de Endodontia de Molares; Cl\u00ednica Odontol\u00f3gica I; Cl\u00ednica Odontol\u00f3gica II; Est\u00e1gio Cl\u00ednico Integrado I; Est\u00e1gio Cl\u00ednico Integrado II.<\/p>\n<p>Os interessados dever\u00e3o realizar as inscri\u00e7\u00f5es, somente de forma presencial, no per\u00edodo de 25 a 31 de maio de 2023, por meio do preenchimento da ficha de inscri\u00e7\u00e3o, que se encontra em anexo no edital, mediante a entrega na sede da FURB, na Divis\u00e3o de Gest\u00e3o e Desenvolvimento de Pessoas, sito \u00e0 Rua Ant\u00f4nio da Veiga, n\u00ba 140, na cidade de Blumenau, bloco A, sala 108, no hor\u00e1rio das 8h \u00e0s 12h e das 14h \u00e0s 18h.<\/p>\n<p>Para cada inscri\u00e7\u00e3o \u00e9 cobrada uma taxa de inscri\u00e7\u00e3o no valor de <strong>R$ 93,66<\/strong>.<\/p>\n<h2>Etapas<\/h2>\n<ol>\n<li><strong>Prova Did\u00e1tica.<\/strong><\/li>\n<li><strong>Prova de T\u00edtulos.<\/strong><\/li>\n<\/ol>\n<p>Abaixo voc\u00ea confere a localiza\u00e7\u00e3o hor\u00e1rio e as datas previstas para a realiza\u00e7\u00e3o na prova did\u00e1tica:<\/p>\n<p>Edital 029\/2023: Sorteio previsto para ocorrer dia 7 de junho de 2023, \u00e0s 9h, no Campus I, Sala A-108; aplica\u00e7\u00e3o prevista para o dia 12 de junho de 2023, \u00e0s 13h30, no Campus III, sito \u00e0 Rua S\u00e3o Paulo, n\u00ba 2171, Bairro Itoupava Seca, Sala C- 203;<br \/>\nEdital 030\/2023: Sorteio previsto para ocorrer dias 12 de junho de 2023, \u00e0s 9h, no Campus I, Sala A-108; Aplica\u00e7\u00e3o prevista para o dia 13 de junho de 2023, \u00e0s 13h30, no Campus III, sito \u00e0 Rua S\u00e3o Paulo, n\u00ba 2171, Bairro Itoupava Seca, Sala C- 203;<br \/>\nEdital 031\/2023: Sorteio previsto para ocorrer dia 12 de junho de 2023, \u00e0s 8h, no Campus I, Sala A-108; Aplica\u00e7\u00e3o prevista para o dia 13 de junho de 2023, \u00e0s 8h, no Campus III, sito \u00e0 Rua S\u00e3o Paulo, n\u00ba 2171, Bairro Itoupava Seca, Sala C- 303;<br \/>\nEdital 032\/2023: Sorteio previsto para ocorrer dia 13 de junho de 2023, \u00e0s 11h, no Campus I, Sala A-108; Aplica\u00e7\u00e3o prevista para o dia 14 de junho de 2023, \u00e0s 13h30, no Campus III, sito \u00e0 Rua S\u00e3o Paulo, n\u00ba 2171, Bairro Itoupava Seca, Sala C- 202;<br \/>\nEdital 033\/2023: Sorteio previsto para ocorrer dia 15 de junho de 2023, \u00e0s 11h, no Campus I, Sala A-108; Aplica\u00e7\u00e3o prevista para o dia 16 de junho de 2023, \u00e0s 13h30, no Campus III, sito \u00e0 Rua S\u00e3o Paulo, n\u00ba 2171, Bairro Itoupava Seca, Sala C- 202;<br \/>\nEdital 034\/2023: Sorteio previsto para ocorrer dia 14 de junho de 2023, \u00e0s 10h, no Campus I, Sala A-108; Aplica\u00e7\u00e3o prevista para dia 15 de junho de 2023, \u00e0s 13h30, no Campus I, Sala J- 500;<br \/>\nEdital 035\/2023: Sorteio previsto para ocorrer dia 12 de junho de 2023, \u00e0s 10h, no Campus I, Sala A-108; Aplica\u00e7\u00e3o prevista para dia 13 de junho de 2023, \u00e0s 14h, no Campus I, Sala R &#8211; 131;<br \/>\nEdital 036\/2023: Sorteio previsto para ocorrer dia 14 de junho de 2023, \u00e0s 10h, no Campus I, Sala A-108; Aplica\u00e7\u00e3o prevista para dia 15 de junho de 2023, \u00e0s 14h, no Campus I, Sala S- 101;<br \/>\nEdital 037\/2023: Sorteio previsto para ocorrer dia 14 de junho de 2023, \u00e0s 8h30, no Campus I, Sala A-108; Aplica\u00e7\u00e3o prevista para dia 15 de junho de 2023, \u00e0s 8h30, no Campus I, Sala S &#8211; 314;<br \/>\nEdital 038\/2023: Sorteio previsto para ocorrer dias 14 de junho de 2023, \u00e0s 10h, no Campus I, Sala A-108; Aplica\u00e7\u00e3o prevista para dia 15 de junho de 2023, \u00e0s 14h, no Campus I, Sala S &#8211; 314;<br \/>\nEdital 039\/2023: Sorteio previsto para ocorrer dias 14 de junho de 2023, \u00e0s 10h, no Campus I, Sala A-108; Aplica\u00e7\u00e3o prevista para dia 15 de junho de 2023, \u00e0s 14h, no Campus I, Sala R- 207;<br \/>\nEdital 040\/2023: Sorteio previsto para ocorrer dia 12 de junho de 2023, \u00e0s 10h, no Campus I, Sala A-108; Aplica\u00e7\u00e3o prevista para dia 13 de junho de 2023, \u00e0s 14h, no Campus I, Sala T &#8211; 203;<br \/>\nEdital 041\/2023: Sorteio previsto para ocorrer dia 13 de junho de 2023, \u00e0s 10h, no Campus I, Sala A-108; Aplica\u00e7\u00e3o prevista para dia 14 de junho de 2023, \u00e0s 13h30, no Campus I, Sala T &#8211; 203;<br \/>\nEdital 042\/2023: Sorteio previsto para ocorrer dias 15 de junho de 2023, \u00e0s 8h, no Campus I, Sala A-108; Aplica\u00e7\u00e3o prevista para dia 16 de junho de 2023, \u00e0s 8h, no Campus I, Sala C- 203;<br \/>\nEdital 043\/2023: Sorteio previsto para ocorrer dia 15 de junho de 2023, \u00e0s 8h, no Campus I, Sala A-108; Aplica\u00e7\u00e3o prevista para dia 16 de junho de 2023, \u00e0s 8h, no Campus III, sito \u00e0 Rua S\u00e3o Paulo, n\u00ba 2171, Bairro Itoupava Seca, Sala B &#8211; 102.<\/p>\n","protected":false},"excerpt":{"rendered":"<p>Postado pela FURB &#8211; SC, os 15 editais de Processo Seletivo devem selecionar profissionais para diversas vagas de professores universit\u00e1rios, em car\u00e1ter tempor\u00e1rio.<\/p>\n","protected":false},"author":7,"featured_media":206922,"comment_status":"open","ping_status":"open","sticky":false,"template":"","format":"standard","meta":{"_acf_changed":false,"_breakdance_hide_in_design_set":false,"_breakdance_tags":"","footnotes":""},"categories":[5,6,7,106,121,120,141,17,111,115,99,21,22,119,23,98,24,124,27,101,118],"tags":[61],"_amplo":[],"destaque":[],"instituicoes":[270],"class_list":["post-206921","post","type-post","status-publish","format-standard","has-post-thumbnail","hentry","category-arquitetura","category-biologia","category-biomedicina","category-bioquimica","category-ciencias-sociais","category-comunicacao-social","category-educacao-artistica","category-farmacia","category-geografia","category-geologia","category-jornalismo","category-medicina","category-veterinaria","category-musica","category-nutricao","category-oceanografia","category-odontologia","category-publicidade","category-quimica","category-servico-social","category-sociologia","tag-santa-catarina","instituicoes-fundacao-universidade-regional-de-blumenau-furb"],"acf":{"_tipo_vagas":"vagas","_numero_vagas":15,"_quadro_vagas":null,"_cargos":"professores","_cargos_especificos":"","_salario_max":"R$","_abertura":"20230525","_encerramento":"20230531","_inscricoes":"","_executora_concurso":"","_instituicao_concurso":[270],"_link_adicional":null,"_anexos":[{"_arquivo_anexo":206923,"_titulo_anexo":"Edital 029\/2023"},{"_arquivo_anexo":206924,"_titulo_anexo":"Edital 030\/2023"},{"_arquivo_anexo":206925,"_titulo_anexo":"Edital 031\/2023"},{"_arquivo_anexo":206926,"_titulo_anexo":"Edital 032\/2023"},{"_arquivo_anexo":206927,"_titulo_anexo":"Edital 033\/2023"},{"_arquivo_anexo":206928,"_titulo_anexo":"Edital 034\/2023"},{"_arquivo_anexo":206929,"_titulo_anexo":"Edital 035\/2023"},{"_arquivo_anexo":206930,"_titulo_anexo":"Edital 036\/2023"},{"_arquivo_anexo":206931,"_titulo_anexo":"Edital 037\/2023"},{"_arquivo_anexo":206932,"_titulo_anexo":"Edital 038\/2023"},{"_arquivo_anexo":206933,"_titulo_anexo":"Edital 039\/2023"},{"_arquivo_anexo":206934,"_titulo_anexo":"Edital 040\/2023"},{"_arquivo_anexo":206935,"_titulo_anexo":"Edital 041\/2023"},{"_arquivo_anexo":206936,"_titulo_anexo":"Edital 042\/2023"},{"_arquivo_anexo":206937,"_titulo_anexo":"Edital 043\/2023"}],"_produtos":null,"_vagas":"","_salario_min":"","_instituicao":"","_edital":"","_anexos_edital":"","_fund_incompleto":"","_fund_completo":"","_medio":"","_superior":""},"_links":{"self":[{"href":"https:\/\/www.agrobase.com.br\/concursos\/wp-json\/wp\/v2\/posts\/206921","targetHints":{"allow":["GET"]}}],"collection":[{"href":"https:\/\/www.agrobase.com.br\/concursos\/wp-json\/wp\/v2\/posts"}],"about":[{"href":"https:\/\/www.agrobase.com.br\/concursos\/wp-json\/wp\/v2\/types\/post"}],"author":[{"embeddable":true,"href":"https:\/\/www.agrobase.com.br\/concursos\/wp-json\/wp\/v2\/users\/7"}],"replies":[{"embeddable":true,"href":"https:\/\/www.agrobase.com.br\/concursos\/wp-json\/wp\/v2\/comments?post=206921"}],"version-history":[{"count":0,"href":"https:\/\/www.agrobase.com.br\/concursos\/wp-json\/wp\/v2\/posts\/206921\/revisions"}],"acf:term":[{"embeddable":true,"taxonomy":"instituicoes","href":"https:\/\/www.agrobase.com.br\/concursos\/wp-json\/wp\/v2\/instituicoes\/270"}],"wp:featuredmedia":[{"embeddable":true,"href":"https:\/\/www.agrobase.com.br\/concursos\/wp-json\/wp\/v2\/media\/206922"}],"wp:attachment":[{"href":"https:\/\/www.agrobase.com.br\/concursos\/wp-json\/wp\/v2\/media?parent=206921"}],"wp:term":[{"taxonomy":"category","embeddable":true,"href":"https:\/\/www.agrobase.com.br\/concursos\/wp-json\/wp\/v2\/categories?post=206921"},{"taxonomy":"post_tag","embeddable":true,"href":"https:\/\/www.agrobase.com.br\/concursos\/wp-json\/wp\/v2\/tags?post=206921"},{"taxonomy":"_amplo","embeddable":true,"href":"https:\/\/www.agrobase.com.br\/concursos\/wp-json\/wp\/v2\/_amplo?post=206921"},{"taxonomy":"destaque","embeddable":true,"href":"https:\/\/www.agrobase.com.br\/concursos\/wp-json\/wp\/v2\/destaque?post=206921"},{"taxonomy":"instituicoes","embeddable":true,"href":"https:\/\/www.agrobase.com.br\/concursos\/wp-json\/wp\/v2\/instituicoes?post=206921"}],"curies":[{"name":"wp","href":"https:\/\/api.w.org\/{rel}","templated":true}]}}