{"id":206610,"date":"2023-05-09T08:00:39","date_gmt":"2023-05-09T11:00:39","guid":{"rendered":"https:\/\/www.agrobase.com.br\/concursos\/?p=206610"},"modified":"2023-05-08T16:58:08","modified_gmt":"2023-05-08T19:58:08","slug":"processo-seletivo-do-ifce-edital-013-2023","status":"publish","type":"post","link":"https:\/\/www.agrobase.com.br\/concursos\/2023\/processo-seletivo-do-ifce-edital-013-2023\/","title":{"rendered":"Processo Seletivo do IFCE | Edital 013\/2023"},"content":{"rendered":"<p>O Processo Seletivo do <a href=\"https:\/\/ifce.edu.br\/\" target=\"_blank\" rel=\"noopener\">IFCE<\/a> abre inscri\u00e7\u00f5es para 112 vagas de Estagi\u00e1rios de N\u00edvel M\u00e9dio e Superior.<\/p>\n<h2>Cargos e Remunera\u00e7\u00e3o<\/h2>\n<p>De acordo com o edital\u00a0013\/2023 do Processo Seletivo do Instituto Federal de educa\u00e7\u00e3o, Ci\u00eancia e Tecnologia do Cear\u00e1 (IFCE) s\u00e3o ofertadas\u00a0<strong>112 vagas<\/strong> de estagi\u00e1rios de n\u00edvel m\u00e9dio e superior, nas seguintes \u00e1reas e Campi:<\/p>\n<p><strong>Reitoria Assessoria de Rela\u00e7\u00f5es Internacionais:<\/strong> Secretariado Executivo (1); Licenciatura ou Bacharelado em Letras (Ingl\u00eas) (1);<br \/>\n<strong>Centro de Refer\u00eancia em Educa\u00e7\u00e3o a Dist\u00e2ncia:<\/strong> M\u00eddias Digitais, Cinema, Produ\u00e7\u00e3o Audiovisual ou Publicidade e Propaganda (1); Pedagogia (1); Comunica\u00e7\u00e3o Social (1); Artes Visuais, Design Gr\u00e1fico, Produ\u00e7\u00e3o Multim\u00eddia ou Comunica\u00e7\u00e3o Social (1);<br \/>\n<strong>Reitoria Memorial:<\/strong> Licenciatura em Hist\u00f3ria (1);<br \/>\n<strong>Reitoria Procuradoria:<\/strong> Direito (4);<br \/>\n<strong>Campus Acara\u00fa:<\/strong> Pedagogia (2); Administra\u00e7\u00e3o (2);<br \/>\n<strong>Campus Cedro:<\/strong> Educa\u00e7\u00e3o F\u00edsica (2); Inform\u00e1tica (4); Licenciaturas ou Pedagogia (1);<br \/>\n<strong>Campus Itapipoca:<\/strong> Administra\u00e7\u00e3o (4);<br \/>\n<strong>Campus Maranguape:<\/strong> Administra\u00e7\u00e3o ou Economia (1); Pedagogia (1); Administra\u00e7\u00e3o, Secretariado Executivo ou Pedagogia (2); Ensino M\u00e9dio\/T\u00e9cnico (1);<br \/>\n<strong>Campus Paracuru:<\/strong> Administra\u00e7\u00e3o (3);<br \/>\n<strong>Campus Tau\u00e1:<\/strong> Licenciaturas (1); Administra\u00e7\u00e3o (2);<br \/>\n<strong>Reitoria Centro de Refer\u00eancia em Educa\u00e7\u00e3o a Dist\u00e2ncia:<\/strong> Ci\u00eancias da Computa\u00e7\u00e3o (1); Administra\u00e7\u00e3o (1);<br \/>\n<strong>Reitoria Diretoria de Gest\u00e3o em Tecnologia da Informa\u00e7\u00e3o:<\/strong> Administra\u00e7\u00e3o (2); Inform\u00e1tica (1);<br \/>\n<strong>Pr\u00f3- Reitoria de Administra\u00e7\u00e3o e Planejamento:<\/strong> Administra\u00e7\u00e3o (1); Licenciaturas (1);<br \/>\n<strong>Pr\u00f3- Reitoria de Ensino:<\/strong> Ed. F\u00edsica (3); Biblioteconomia (1);<br \/>\n<strong>Pr\u00f3- Reitoria de Extens\u00e3o:<\/strong> Artes Visuais (1);<br \/>\n<strong>Campus Acopiara:<\/strong> Licenciaturas (2); Ed. F\u00edsica (1); Inform\u00e1tica (3);<br \/>\n<strong>Campus Crat\u00e9us:<\/strong> Comunica\u00e7\u00e3o Visual, Comunica\u00e7\u00e3o Social, Desenho Industrial, Artes, Design, Design Gr\u00e1fico ou Produ\u00e7\u00e3o Multim\u00eddia (2); Administra\u00e7\u00e3o (2); Servi\u00e7os Social (1);<br \/>\n<strong>Campus Crato:<\/strong> Ed. F\u00edsica (2); Administra\u00e7\u00e3o (1);<br \/>\n<strong>Campus Iguatu:<\/strong> Pedagogia (1); Letras (1); Mecatr\u00f4nica (1); Ed. F\u00edsica (1); Pedagogia (3); Letras (3); Inform\u00e1tica (4);<br \/>\n<strong>Campus Limoeiro do Norte:<\/strong> Administra\u00e7\u00e3o (2); Comunica\u00e7\u00e3o Social (1); Licenciaturas (1); Qu\u00edmica ou Tecnologia em Alimentos (1); Tecnologia em Alimentos (1); Pedagogia (1); Edifica\u00e7\u00f5es (1);<br \/>\n<strong>Campus Quixad\u00e1:<\/strong> Ed. F\u00edsica (1); Edifica\u00e7\u00f5es (2);<br \/>\n<strong>Campus Ubajara:<\/strong> Comunica\u00e7\u00e3o Visual, Comunica\u00e7\u00e3o Social, Desenho Industrial, Artes, Design, Design Gr\u00e1fico ou Produ\u00e7\u00e3o Multim\u00eddia (1);<br \/>\n<strong>Diretoria de Gest\u00e3o de Tecnologia da Informa\u00e7\u00e3o:<\/strong> Inform\u00e1tica (3);<br \/>\n<strong>Campus Guaramianga:<\/strong> Hospedagem (4);<br \/>\n<strong>Campus Maracana\u00fa:<\/strong> Ensino M\u00e9dio (12);<br \/>\n<strong>Campus Momba\u00e7a:<\/strong> Inform\u00e1tica (1);<br \/>\n<strong>Campus Pec\u00e9m:<\/strong> Qu\u00edmica (1); Eletrot\u00e9cnica (1); Administra\u00e7\u00e3o (1);<\/p>\n<p>O valor da bolsa-aux\u00edlio ser\u00e1 de <strong>R$ 486,05<\/strong> a <strong>R$ 1.125,69<\/strong>, e com carga hor\u00e1ria de <strong>20h<\/strong> a <strong>30 horas semanais<\/strong>.<\/p>\n<h2>Inscri\u00e7\u00e3o Processo Seletivo IFCE<\/h2>\n<ul>\n<li><strong>Internet:<\/strong> as inscri\u00e7\u00f5es devem ser realizadas do dia <strong>08<\/strong> ao dia <strong>19 de maio de 2023<\/strong>, por meio do acesso ao endere\u00e7o eletr\u00f4nico do CIEE.<\/li>\n<\/ul>\n<h2>Provas<\/h2>\n<p>Os candidatos ser\u00e3o avaliados mediante:<\/p>\n<ol>\n<li><strong>An\u00e1lise de Curr\u00edculos e Documentos.<\/strong><\/li>\n<li><strong>Entrevista.<\/strong><\/li>\n<\/ol>\n<h2>Resultado do Processo Seletivo IFCE<\/h2>\n<p>O resultado final da Seletiva ser\u00e1 publicado no s\u00edtio do IFCE e no site do CIEE.<\/p>\n","protected":false},"excerpt":{"rendered":"<p>O Processo Seletivo do IFCE abre inscri\u00e7\u00f5es para 112 vagas de Estagi\u00e1rios de N\u00edvel M\u00e9dio e Superior em diversos Campi.<\/p>\n","protected":false},"author":7,"featured_media":206611,"comment_status":"open","ping_status":"open","sticky":false,"template":"","format":"standard","meta":{"_acf_changed":false,"_breakdance_hide_in_design_set":false,"_breakdance_tags":"","footnotes":""},"categories":[3,94,126,120,113,10,117,11,133,100,20,25,124,27,135,130,159],"tags":[43],"_amplo":[],"destaque":[],"instituicoes":[941],"class_list":["post-206610","post","type-post","status-publish","format-standard","has-post-thumbnail","hentry","category-administracao","category-biblioteconomia","category-ciencia-computacao","category-comunicacao-social","category-desenho-industrial","category-direito","category-economia","category-educacao-fisica","category-engenharia-mecatronica","category-historia","category-letras","category-pedagogia","category-publicidade","category-quimica","category-secretariado","category-tecnico-informatica","category-tecnologia-da-informacao","tag-ceara","instituicoes-instituto-federal-de-educacao-ciencia-e-tecnologia-do-ceara-ifce"],"acf":{"_tipo_vagas":"vagas","_numero_vagas":112,"_quadro_vagas":null,"_cargos":"outros espec\u00edficos","_cargos_especificos":"Estagi\u00e1rios","_salario_max":"R$","_abertura":"20230508","_encerramento":"20230519","_inscricoes":"","_executora_concurso":"","_instituicao_concurso":[941],"_link_adicional":null,"_anexos":[{"_arquivo_anexo":206612,"_titulo_anexo":"Edital 013\/2023"}],"_produtos":null,"_vagas":"","_salario_min":"","_instituicao":"","_edital":"","_anexos_edital":"","_fund_incompleto":"","_fund_completo":"","_medio":"","_superior":""},"_links":{"self":[{"href":"https:\/\/www.agrobase.com.br\/concursos\/wp-json\/wp\/v2\/posts\/206610","targetHints":{"allow":["GET"]}}],"collection":[{"href":"https:\/\/www.agrobase.com.br\/concursos\/wp-json\/wp\/v2\/posts"}],"about":[{"href":"https:\/\/www.agrobase.com.br\/concursos\/wp-json\/wp\/v2\/types\/post"}],"author":[{"embeddable":true,"href":"https:\/\/www.agrobase.com.br\/concursos\/wp-json\/wp\/v2\/users\/7"}],"replies":[{"embeddable":true,"href":"https:\/\/www.agrobase.com.br\/concursos\/wp-json\/wp\/v2\/comments?post=206610"}],"version-history":[{"count":0,"href":"https:\/\/www.agrobase.com.br\/concursos\/wp-json\/wp\/v2\/posts\/206610\/revisions"}],"acf:term":[{"embeddable":true,"taxonomy":"instituicoes","href":"https:\/\/www.agrobase.com.br\/concursos\/wp-json\/wp\/v2\/instituicoes\/941"}],"wp:featuredmedia":[{"embeddable":true,"href":"https:\/\/www.agrobase.com.br\/concursos\/wp-json\/wp\/v2\/media\/206611"}],"wp:attachment":[{"href":"https:\/\/www.agrobase.com.br\/concursos\/wp-json\/wp\/v2\/media?parent=206610"}],"wp:term":[{"taxonomy":"category","embeddable":true,"href":"https:\/\/www.agrobase.com.br\/concursos\/wp-json\/wp\/v2\/categories?post=206610"},{"taxonomy":"post_tag","embeddable":true,"href":"https:\/\/www.agrobase.com.br\/concursos\/wp-json\/wp\/v2\/tags?post=206610"},{"taxonomy":"_amplo","embeddable":true,"href":"https:\/\/www.agrobase.com.br\/concursos\/wp-json\/wp\/v2\/_amplo?post=206610"},{"taxonomy":"destaque","embeddable":true,"href":"https:\/\/www.agrobase.com.br\/concursos\/wp-json\/wp\/v2\/destaque?post=206610"},{"taxonomy":"instituicoes","embeddable":true,"href":"https:\/\/www.agrobase.com.br\/concursos\/wp-json\/wp\/v2\/instituicoes?post=206610"}],"curies":[{"name":"wp","href":"https:\/\/api.w.org\/{rel}","templated":true}]}}