{"id":206443,"date":"2023-05-04T08:20:39","date_gmt":"2023-05-04T11:20:39","guid":{"rendered":"https:\/\/www.agrobase.com.br\/concursos\/?p=206443"},"modified":"2023-05-03T16:54:53","modified_gmt":"2023-05-03T19:54:53","slug":"processo-seletivo-da-uem-pr-edital-073-2023","status":"publish","type":"post","link":"https:\/\/www.agrobase.com.br\/concursos\/2023\/processo-seletivo-da-uem-pr-edital-073-2023\/","title":{"rendered":"Processo Seletivo da UEM &#8211; PR | Edital 073\/2023"},"content":{"rendered":"<p>A Universidade Estadual de Maring\u00e1 (<a href=\"http:\/\/www.uem.br\/\" title=\"Universidade Estadual de Maring\u00e1\" target=\"_blank\" rel=\"noopener\">UEM &#8211; PR<\/a>) abriu um Processo Seletivo para a contrata\u00e7\u00e3o de seis Professores Tempor\u00e1rios.<\/p>\n<h2>Cargos<\/h2>\n<p>As vagas est\u00e3o divididas entre diferentes departamentos da universidade e oferecem remunera\u00e7\u00e3o variada, de acordo com a carga hor\u00e1ria de cada vaga.<\/p>\n<p>Os candidatos interessados em participar deste Processo Seletivo da UEM devem ficar atentos \u00e0s \u00e1reas de atua\u00e7\u00e3o dispon\u00edveis.<\/p>\n<p>As vagas s\u00e3o para o Centro de Ci\u00eancias Humanas, Letras e Artes, o Departamento de L\u00edngua Portuguesa busca professores com habilidades em Libras, sendo tr\u00eas vagas dispon\u00edveis para esta \u00e1rea. J\u00e1 o Departamento de M\u00fasica e Artes C\u00eanicas procura um Professor Tempor\u00e1rio para lecionar Educa\u00e7\u00e3o Musical e Mat\u00e9rias Te\u00f3ricas. No Centro de Tecnologia, o Departamento de Design e Moda est\u00e1 em busca de um professor para lecionar diversas mat\u00e9rias, como Comunica\u00e7\u00e3o, Fotografia e Fundamentos do Design Aplicados \u00e0 Moda, Metodologia e T\u00e9cnica de Pesquisa, Hist\u00f3ria do Design, da Indument\u00e1ria e da Moda, Projeto de Figurino, Metodologia de Projeto de Produto e Desenho Manual. Al\u00e9m disso, h\u00e1 tamb\u00e9m uma vaga dispon\u00edvel para Marketing, Gest\u00e3o da Produ\u00e7\u00e3o do Vestu\u00e1rio, Administra\u00e7\u00e3o e Finan\u00e7as Empresariais.<\/p>\n<h2>Remunera\u00e7\u00e3o<\/h2>\n<p>Os sal\u00e1rios variam de <strong>R$ 1.705,04<\/strong> a <strong>R$ 8.870,35<\/strong>, a depender da carga hor\u00e1ria da vaga, que pode ser de <strong>20h<\/strong> a <strong>40 horas<\/strong> semanais.<\/p>\n<p><strong>Clique abaixo para exibir o quadro de vagas do Processo Seletivo da UEM &#8211; PR (Edital 073\/2023)<\/strong><br \/>\n<a target=\"_blank\" href=\"https:\/\/www.agrobase.com.br\/concursos\/wp-content\/uploads\/sites\/4\/2023\/05\/quadro-de-vagas-edital-073-2023-uem-pr.pdf\" rel=\"noopener\"><img loading=\"lazy\" decoding=\"async\" src=\"https:\/\/www.agrobase.com.br\/concursos\/wp-content\/uploads\/sites\/4\/2020\/03\/quadro-de-vagas-processo-seletivo-da-uem-pr.png\" alt=\"Vagas Concurso P\u00fablico UEM - PR (PDF)\" width=\"570\" height=\"160\" class=\"aligncenter size-full\" \/><\/a><\/p>\n<h2>Inscri\u00e7\u00f5es<\/h2>\n<p>As inscri\u00e7\u00f5es podem ser realizadas entre os dias <strong>18<\/strong> e <strong>31 de maio de 2023<\/strong>, atrav\u00e9s do site <a href=\"http:\/\/www.prh.uem.br\/diretoria-de-recursos-humanos-drh\/res\/em-andamento-docentes\/edital-073-2023-prh\" rel=\"noopener\" target=\"_blank\">www.prh.uem.br<\/a>, com taxa de inscri\u00e7\u00e3o de <strong>R$ 192,50<\/strong>. <\/p>\n<p>Aqueles que desejarem solicitar isen\u00e7\u00e3o da taxa de inscri\u00e7\u00e3o poder\u00e3o faz\u00ea-lo nos dias <strong>18<\/strong> e <strong>19 de maio de 2023<\/strong>.<\/p>\n<h2>Provas<\/h2>\n<p>Os candidatos selecionados ser\u00e3o avaliados atrav\u00e9s de:<\/p>\n<ol>\n<li><strong>Prova Did\u00e1tica.<\/strong><\/li>\n<li><strong>An\u00e1lise de Curr\u00edculos.<\/strong><\/li>\n<\/ol>\n<p>A prova did\u00e1tica est\u00e1 prevista para acontecer no per\u00edodo de <strong>27<\/strong> a <strong>30 de junho de 2023<\/strong>.<\/p>\n<p>Esta \u00e9 uma excelente oportunidade para aqueles que desejam iniciar ou aprimorar sua carreira acad\u00eamica, trabalhando em uma das mais importantes institui\u00e7\u00f5es de ensino superior do Paran\u00e1. N\u00e3o perca a chance de se inscrever e participar deste Processo Seletivo da UEM. Acesse o site da PRH UEM e saiba mais informa\u00e7\u00f5es sobre este processo.<\/p>\n<h2>Resultado<\/h2>\n<p>A divulga\u00e7\u00e3o dos mesmos ser\u00e1 por meio do site da Institui\u00e7\u00e3o; o resultado final do Processo Seletivo da UEM ser\u00e1 divulgado em 05 de abril de 2016.<\/p>\n<h6>Nenhum candidato poder\u00e1 alegar desconhecimento das instru\u00e7\u00f5es contidas no Edital do Processo Seletivo da UEM, sendo as a\u00e7\u00f5es e acompanhamento das retifica\u00e7\u00f5es e altera\u00e7\u00f5es de datas de sua inteira responsabilidade, desde o edital de abertura at\u00e9 o edital de convoca\u00e7\u00e3o.<\/h6>\n","protected":false},"excerpt":{"rendered":"<p>A Universidade Estadual de Maring\u00e1 (UEM &#8211; PR) abriu um Processo Seletivo para a contrata\u00e7\u00e3o de seis Professores Tempor\u00e1rios.<\/p>\n","protected":false},"author":7,"featured_media":206447,"comment_status":"open","ping_status":"open","sticky":false,"template":"","format":"standard","meta":{"_acf_changed":false,"_breakdance_hide_in_design_set":false,"_breakdance_tags":"","footnotes":""},"categories":[3,145,141,20,154],"tags":[52],"_amplo":[],"destaque":[],"instituicoes":[320],"class_list":["post-206443","post","type-post","status-publish","format-standard","has-post-thumbnail","hentry","category-administracao","category-artes-cenicas","category-educacao-artistica","category-letras","category-moda","tag-parana","instituicoes-universidade-estadual-de-maringa-uem"],"acf":{"_tipo_vagas":"vagas","_numero_vagas":6,"_quadro_vagas":null,"_cargos":"professores","_cargos_especificos":"","_salario_max":"R$","_abertura":"20230518","_encerramento":"20230531","_inscricoes":"","_executora_concurso":"","_instituicao_concurso":[320],"_link_adicional":null,"_anexos":[{"_arquivo_anexo":206446,"_titulo_anexo":"Edital 073\/2023"}],"_produtos":null,"_vagas":"","_salario_min":"","_instituicao":"","_edital":"","_anexos_edital":"","_fund_incompleto":"","_fund_completo":"","_medio":"","_superior":""},"_links":{"self":[{"href":"https:\/\/www.agrobase.com.br\/concursos\/wp-json\/wp\/v2\/posts\/206443","targetHints":{"allow":["GET"]}}],"collection":[{"href":"https:\/\/www.agrobase.com.br\/concursos\/wp-json\/wp\/v2\/posts"}],"about":[{"href":"https:\/\/www.agrobase.com.br\/concursos\/wp-json\/wp\/v2\/types\/post"}],"author":[{"embeddable":true,"href":"https:\/\/www.agrobase.com.br\/concursos\/wp-json\/wp\/v2\/users\/7"}],"replies":[{"embeddable":true,"href":"https:\/\/www.agrobase.com.br\/concursos\/wp-json\/wp\/v2\/comments?post=206443"}],"version-history":[{"count":0,"href":"https:\/\/www.agrobase.com.br\/concursos\/wp-json\/wp\/v2\/posts\/206443\/revisions"}],"acf:term":[{"embeddable":true,"taxonomy":"instituicoes","href":"https:\/\/www.agrobase.com.br\/concursos\/wp-json\/wp\/v2\/instituicoes\/320"}],"wp:featuredmedia":[{"embeddable":true,"href":"https:\/\/www.agrobase.com.br\/concursos\/wp-json\/wp\/v2\/media\/206447"}],"wp:attachment":[{"href":"https:\/\/www.agrobase.com.br\/concursos\/wp-json\/wp\/v2\/media?parent=206443"}],"wp:term":[{"taxonomy":"category","embeddable":true,"href":"https:\/\/www.agrobase.com.br\/concursos\/wp-json\/wp\/v2\/categories?post=206443"},{"taxonomy":"post_tag","embeddable":true,"href":"https:\/\/www.agrobase.com.br\/concursos\/wp-json\/wp\/v2\/tags?post=206443"},{"taxonomy":"_amplo","embeddable":true,"href":"https:\/\/www.agrobase.com.br\/concursos\/wp-json\/wp\/v2\/_amplo?post=206443"},{"taxonomy":"destaque","embeddable":true,"href":"https:\/\/www.agrobase.com.br\/concursos\/wp-json\/wp\/v2\/destaque?post=206443"},{"taxonomy":"instituicoes","embeddable":true,"href":"https:\/\/www.agrobase.com.br\/concursos\/wp-json\/wp\/v2\/instituicoes?post=206443"}],"curies":[{"name":"wp","href":"https:\/\/api.w.org\/{rel}","templated":true}]}}