{"id":206172,"date":"2023-04-27T08:40:43","date_gmt":"2023-04-27T11:40:43","guid":{"rendered":"https:\/\/www.agrobase.com.br\/concursos\/?p=206172"},"modified":"2023-04-26T12:34:57","modified_gmt":"2023-04-26T15:34:57","slug":"processo-seletivo-do-if-sudeste-mg-edital-020-2023","status":"publish","type":"post","link":"https:\/\/www.agrobase.com.br\/concursos\/2023\/processo-seletivo-do-if-sudeste-mg-edital-020-2023\/","title":{"rendered":"Processo Seletivo do IF Sudeste MG | Edital 020\/2023"},"content":{"rendered":"<p>O Processo Seletivo do <a href=\"https:\/\/www.ifsuldeminas.edu.br\/\" target=\"_blank\" rel=\"noopener\">IF Sudeste MG<\/a> \u00e9 divulgado para sele\u00e7\u00e3o e contrata\u00e7\u00e3o tempor\u00e1ria de tr\u00eas professores substitutos no Campus de S\u00e3o Jo\u00e3o del-Rei.<\/p>\n<h2>Cargos e Remunera\u00e7\u00e3o<\/h2>\n<p>O edital 020\/2023 do Processo de Sele\u00e7\u00e3o do IF Sudeste de Minas informa que pretende selecionar professores substitutos para o preenchimento de <strong>03 vagas<\/strong> nas \u00e1reas a seguir do Campus S\u00e3o Jo\u00e3o del-Rei:<\/p>\n<p><em><a href=\"https:\/\/www.agrobase.com.br\/concursos\/vagas\/biologia\/\" rel=\"noopener\" target=\"_blank\">Biologia<\/a> (1); Hist\u00f3ria (1); Inform\u00e1tica (1)<\/em><\/p>\n<p>As remunera\u00e7\u00f5es variam entre <strong>R$ 2.236,32<\/strong> a <strong>R$ 5.831,21<\/strong>, considerando regime de trabalho de <strong>40 horas semanais<\/strong>.<\/p>\n<p><strong>Clique abaixo para exibir o quadro de vagas do Processo Seletivo do IF Sudeste de Minas (Edital 090\/2023)<\/strong><br \/>\n<a target=\"_blank\" href=\"https:\/\/www.agrobase.com.br\/concursos\/wp-content\/uploads\/sites\/4\/2023\/04\/quadro-de-vagas-edital-020-2023-if-sudeste-mg.pdf\" rel=\"noopener\"><img loading=\"lazy\" decoding=\"async\" src=\"https:\/\/www.agrobase.com.br\/concursos\/wp-content\/uploads\/sites\/4\/2023\/04\/quadro-de-vagas-processo-seletivo-if-sudeste-mg.png\" alt=\"Vagas Concurso P\u00fablico do IF Sudeste MG (PDF)\" width=\"570\" height=\"160\" class=\"aligncenter size-full\" \/><\/a><\/p>\n<h2>Inscri\u00e7\u00f5es Processo Seletivo do IF SUDESTE MG<\/h2>\n<p>As inscri\u00e7\u00f5es devem ser realizadas apenas pela internet conforme consta abaixo:<\/p>\n<ul>\n<li><strong>Internet:<\/strong> de <strong>24 de abril de 2023<\/strong> at\u00e9 o dia <strong>08 de maio de 2023<\/strong>, atrav\u00e9s do acesso dos interessados ao endere\u00e7o eletr\u00f4nico do Instituto Federal do Sudeste de Minas Gerais.<\/li>\n<\/ul>\n<h2>Provas<\/h2>\n<p>Como forma de avalia\u00e7\u00e3o ser\u00e3o usadas as seguintes provas:<\/p>\n<ol>\n<li><strong>Prova de Desempenho Did\u00e1tico.<\/strong><\/li>\n<li><strong>Prova de T\u00edtulos.<\/strong><\/li>\n<\/ol>\n<h2>Resultado do Processo Seletivo do IF SUDESTE MG<\/h2>\n<p>O Resultado Final do Processo Seletivo ser\u00e1 divulgado a partir da data de <strong>16 de junho de 2023<\/strong>.<\/p>\n","protected":false},"excerpt":{"rendered":"<p>O Processo Seletivo do IF Sudeste MG \u00e9 divulgado para sele\u00e7\u00e3o e contrata\u00e7\u00e3o tempor\u00e1ria de tr\u00eas professores substitutos no Campus de S\u00e3o Jo\u00e3o del-Rei.<\/p>\n","protected":false},"author":7,"featured_media":206174,"comment_status":"open","ping_status":"open","sticky":false,"template":"","format":"standard","meta":{"_acf_changed":false,"_breakdance_hide_in_design_set":false,"_breakdance_tags":"","footnotes":""},"categories":[6,126,151,100,159],"tags":[50],"_amplo":[],"destaque":[],"instituicoes":[306],"class_list":["post-206172","post","type-post","status-publish","format-standard","has-post-thumbnail","hentry","category-biologia","category-ciencia-computacao","category-engenharia-computacao","category-historia","category-tecnologia-da-informacao","tag-minas-gerais","instituicoes-instituto-federal-de-educacao-ciencia-e-tecnologia-sudeste-de-minas-gerais-if-sudeste-de-minas"],"acf":{"_tipo_vagas":"vagas","_numero_vagas":3,"_quadro_vagas":null,"_cargos":"professores","_cargos_especificos":"","_salario_max":"R$","_abertura":"20230424","_encerramento":"20230508","_inscricoes":"","_executora_concurso":"","_instituicao_concurso":[306],"_link_adicional":null,"_anexos":[{"_arquivo_anexo":206173,"_titulo_anexo":"Edital 020\/2023"}],"_produtos":null,"_vagas":"","_salario_min":"","_instituicao":"","_edital":"","_anexos_edital":"","_fund_incompleto":"","_fund_completo":"","_medio":"","_superior":""},"_links":{"self":[{"href":"https:\/\/www.agrobase.com.br\/concursos\/wp-json\/wp\/v2\/posts\/206172","targetHints":{"allow":["GET"]}}],"collection":[{"href":"https:\/\/www.agrobase.com.br\/concursos\/wp-json\/wp\/v2\/posts"}],"about":[{"href":"https:\/\/www.agrobase.com.br\/concursos\/wp-json\/wp\/v2\/types\/post"}],"author":[{"embeddable":true,"href":"https:\/\/www.agrobase.com.br\/concursos\/wp-json\/wp\/v2\/users\/7"}],"replies":[{"embeddable":true,"href":"https:\/\/www.agrobase.com.br\/concursos\/wp-json\/wp\/v2\/comments?post=206172"}],"version-history":[{"count":0,"href":"https:\/\/www.agrobase.com.br\/concursos\/wp-json\/wp\/v2\/posts\/206172\/revisions"}],"acf:term":[{"embeddable":true,"taxonomy":"instituicoes","href":"https:\/\/www.agrobase.com.br\/concursos\/wp-json\/wp\/v2\/instituicoes\/306"}],"wp:featuredmedia":[{"embeddable":true,"href":"https:\/\/www.agrobase.com.br\/concursos\/wp-json\/wp\/v2\/media\/206174"}],"wp:attachment":[{"href":"https:\/\/www.agrobase.com.br\/concursos\/wp-json\/wp\/v2\/media?parent=206172"}],"wp:term":[{"taxonomy":"category","embeddable":true,"href":"https:\/\/www.agrobase.com.br\/concursos\/wp-json\/wp\/v2\/categories?post=206172"},{"taxonomy":"post_tag","embeddable":true,"href":"https:\/\/www.agrobase.com.br\/concursos\/wp-json\/wp\/v2\/tags?post=206172"},{"taxonomy":"_amplo","embeddable":true,"href":"https:\/\/www.agrobase.com.br\/concursos\/wp-json\/wp\/v2\/_amplo?post=206172"},{"taxonomy":"destaque","embeddable":true,"href":"https:\/\/www.agrobase.com.br\/concursos\/wp-json\/wp\/v2\/destaque?post=206172"},{"taxonomy":"instituicoes","embeddable":true,"href":"https:\/\/www.agrobase.com.br\/concursos\/wp-json\/wp\/v2\/instituicoes?post=206172"}],"curies":[{"name":"wp","href":"https:\/\/api.w.org\/{rel}","templated":true}]}}