{"id":206094,"date":"2023-04-26T07:50:21","date_gmt":"2023-04-26T10:50:21","guid":{"rendered":"https:\/\/www.agrobase.com.br\/concursos\/?p=206094"},"modified":"2023-05-18T12:51:44","modified_gmt":"2023-05-18T15:51:44","slug":"processo-seletivo-do-ifsuldeminas-edital-090-2023","status":"publish","type":"post","link":"https:\/\/www.agrobase.com.br\/concursos\/2023\/processo-seletivo-do-ifsuldeminas-edital-090-2023\/","title":{"rendered":"Processo Seletivo do IFSuldeMinas | Edital 090\/2023"},"content":{"rendered":"<p>O Processo Seletivo do <a href=\"https:\/\/www.ifsuldeminas.edu.br\/\" target=\"_blank\" rel=\"noopener\">IFSuldeMinas<\/a> \u00e9 divulgado para sele\u00e7\u00e3o e contrata\u00e7\u00e3o tempor\u00e1ria de professores substitutos nos Campi Carmo de Minas, Tr\u00eas Cora\u00e7\u00f5es, Inconfidentes, Machado, Muzambinho, Po\u00e7os de Caldas e Passos.<\/p>\n<h2>Cargos e Remunera\u00e7\u00e3o<\/h2>\n<p>O edital 090\/2023 do Processo de Sele\u00e7\u00e3o do IFSuldeMinas informa que pretende selecionar professores substitutos para o preenchimento de <strong>10 vagas<\/strong> nas \u00e1reas e Campi a seguir:<\/p>\n<p><strong>Campus Avan\u00e7ado Carmo de Minas:<\/strong> Ci\u00eancia da Computa\u00e7\u00e3o; Sistemas de Informa\u00e7\u00e3o; Tecnologia em An\u00e1lise e Desenvolvimento de Sistemas; Engenharia da Computa\u00e7\u00e3o; Licenciatura em Computa\u00e7\u00e3o; An\u00e1lise e Desenvolvimento de Sistemas; Engenharia de Controle e Automa\u00e7\u00e3o; ou Engenharia Eletr\u00f4nica (1);<br \/>\n<strong>Campus Avan\u00e7ado Tr\u00eas Cora\u00e7\u00f5es:<\/strong> Ci\u00eancias Sociais Aplicadas (1);<br \/>\n<strong>Campus Inconfidentes:<\/strong> M\u00fasica (1); <a href=\"https:\/\/www.agrobase.com.br\/concursos\/vagas\/biologia\/\" rel=\"noopener\" target=\"_blank\">Ci\u00eancias Biol\u00f3gicas<\/a> (1);<br \/>\n<strong>Campus Machado:<\/strong> <a href=\"https:\/\/www.agrobase.com.br\/concursos\/vagas\/agronomia\/\" rel=\"noopener\" target=\"_blank\">Agronomia<\/a>; Ci\u00eancias Biol\u00f3gicas (1);<br \/>\n<strong>Campus Muzambinho:<\/strong> Ci\u00eancia Biol\u00f3gicas; Agronomia; <a href=\"https:\/\/www.agrobase.com.br\/concursos\/vagas\/veterinaria\/\" rel=\"noopener\" target=\"_blank\">Medicina Veterin\u00e1ria<\/a> ou <a href=\"https:\/\/www.agrobase.com.br\/concursos\/vagas\/zootecnia\/\" rel=\"noopener\" target=\"_blank\">Zootecnia<\/a> (1); Educa\u00e7\u00e3o F\u00edsica (1);<br \/>\n<strong>Campus Passos:<\/strong> Administra\u00e7\u00e3o (1);<br \/>\n<strong>Campus Po\u00e7os de Caldas:<\/strong> Ci\u00eancias Biol\u00f3gicas (1); Engenharia El\u00e9trica, Engenharia Eletr\u00f4nica, Engenharia de Controle e Automa\u00e7\u00e3o ou Engenharia de Telecomunica\u00e7\u00f5es (1).<\/p>\n<p>As remunera\u00e7\u00f5es variam entre <strong>R$ 6.076,54<\/strong> a <strong>R$ 11.975,55<\/strong>, considerando regimes de trabalho de <strong>40 horas semanais<\/strong>.<\/p>\n<p><strong>Clique abaixo para exibir o quadro de vagas do Processo Seletivo do IFSuldeMinas (Edital 090\/2023)<\/strong><br \/>\n<a target=\"_blank\" href=\"https:\/\/www.agrobase.com.br\/concursos\/wp-content\/uploads\/sites\/4\/2023\/04\/quadro-de-vagas-edital-090-2023-ifsuldeminas.pdf\" rel=\"noopener\"><img loading=\"lazy\" decoding=\"async\" src=\"https:\/\/www.agrobase.com.br\/concursos\/wp-content\/uploads\/sites\/4\/2017\/01\/quadro-de-vagas-do-processo-seletivo-do-if-sul-de-minas.png\" alt=\"Vagas Concurso P\u00fablico do IF Sul de Minas (PDF)\" width=\"570\" height=\"160\" class=\"aligncenter size-full\" \/><\/a><\/p>\n<h2>Inscri\u00e7\u00f5es Processo Seletivo do IFSULDEMINAS<\/h2>\n<p>As inscri\u00e7\u00f5es devem ser realizadas apenas pela internet conforme consta abaixo:<\/p>\n<ul>\n<li><strong>Internet:<\/strong> de <strong>02<\/strong> at\u00e9 o dia <strong>18 de maio de 2023<\/strong>, atrav\u00e9s do acesso dos interessados ao endere\u00e7o eletr\u00f4nico: <a href=\"https:\/\/concurso.ifsuldeminas.edu.br\/index.php?option=com_content&amp;view=article&amp;id=415:2023-04-24-12-23-20&amp;catid=59:abertos&amp;Itemid=85\" target=\"_blank\" rel=\"noopener\">www.ifsuldeminas.edu.br<\/a>.<\/li>\n<\/ul>\n<p>A taxa de inscri\u00e7\u00e3o \u00e9 de <strong>R$ 100,00<\/strong>.<\/p>\n<h2>Provas<\/h2>\n<p>Como forma de avalia\u00e7\u00e3o ser\u00e3o usadas as seguintes provas:<\/p>\n<ol>\n<li><strong>An\u00e1lise Curricular.<\/strong><\/li>\n<li><strong>Apresenta\u00e7\u00e3o Oral do Memorial Acad\u00eamico-Profissional.<\/strong><\/li>\n<\/ol>\n<h2>Resultado do Processo Seletivo do IFSULDEMINAS<\/h2>\n<p>O Resultado Final do Processo Seletivo ser\u00e1 divulgado a partir da data de <strong>23 de junho de 2023<\/strong>.<\/p>\n","protected":false},"excerpt":{"rendered":"<p>O Processo Seletivo do IFSuldeMinas \u00e9 divulgado para sele\u00e7\u00e3o e contrata\u00e7\u00e3o tempor\u00e1ria de professores substitutos nos Campi Carmo de Minas, Tr\u00eas Cora\u00e7\u00f5es, Inconfidentes, Machado, Muzambinho, Po\u00e7os de Caldas e Passos.<\/p>\n","protected":false},"author":7,"featured_media":206097,"comment_status":"open","ping_status":"open","sticky":false,"template":"","format":"standard","meta":{"_acf_changed":false,"_breakdance_hide_in_design_set":false,"_breakdance_tags":"","footnotes":""},"categories":[3,4,6,7,126,9,121,117,11,12,151,79,125,103,142,17,21,22,119,23,27,28],"tags":[50],"_amplo":[],"destaque":[],"instituicoes":[503],"class_list":["post-206094","post","type-post","status-publish","format-standard","has-post-thumbnail","hentry","category-administracao","category-agronomia","category-biologia","category-biomedicina","category-ciencia-computacao","category-ciencias-contabeis","category-ciencias-sociais","category-economia","category-educacao-fisica","category-enfermagem","category-engenharia-computacao","category-engenharia-alimentos","category-engenharia-producao","category-engenharia-eletrica","category-engenharia-eletronica","category-farmacia","category-medicina","category-veterinaria","category-musica","category-nutricao","category-quimica","category-zootecnia","tag-minas-gerais","instituicoes-instituto-federal-de-educacao-ciencia-e-tecnologia-do-sul-de-minas-gerais-if-sul-de-minas"],"acf":{"_tipo_vagas":"vagas","_numero_vagas":10,"_quadro_vagas":null,"_cargos":"professores","_cargos_especificos":"","_salario_max":"R$","_abertura":"20230502","_encerramento":"20230518","_inscricoes":"","_executora_concurso":"","_instituicao_concurso":[503],"_link_adicional":null,"_anexos":[{"_arquivo_anexo":206095,"_titulo_anexo":"Edital 090\/2023"},{"_arquivo_anexo":206096,"_titulo_anexo":"Cronograma"}],"_produtos":null,"_vagas":"","_salario_min":"","_instituicao":"","_edital":"","_anexos_edital":"","_fund_incompleto":"","_fund_completo":"","_medio":"","_superior":""},"_links":{"self":[{"href":"https:\/\/www.agrobase.com.br\/concursos\/wp-json\/wp\/v2\/posts\/206094","targetHints":{"allow":["GET"]}}],"collection":[{"href":"https:\/\/www.agrobase.com.br\/concursos\/wp-json\/wp\/v2\/posts"}],"about":[{"href":"https:\/\/www.agrobase.com.br\/concursos\/wp-json\/wp\/v2\/types\/post"}],"author":[{"embeddable":true,"href":"https:\/\/www.agrobase.com.br\/concursos\/wp-json\/wp\/v2\/users\/7"}],"replies":[{"embeddable":true,"href":"https:\/\/www.agrobase.com.br\/concursos\/wp-json\/wp\/v2\/comments?post=206094"}],"version-history":[{"count":0,"href":"https:\/\/www.agrobase.com.br\/concursos\/wp-json\/wp\/v2\/posts\/206094\/revisions"}],"acf:term":[{"embeddable":true,"taxonomy":"instituicoes","href":"https:\/\/www.agrobase.com.br\/concursos\/wp-json\/wp\/v2\/instituicoes\/503"}],"wp:featuredmedia":[{"embeddable":true,"href":"https:\/\/www.agrobase.com.br\/concursos\/wp-json\/wp\/v2\/media\/206097"}],"wp:attachment":[{"href":"https:\/\/www.agrobase.com.br\/concursos\/wp-json\/wp\/v2\/media?parent=206094"}],"wp:term":[{"taxonomy":"category","embeddable":true,"href":"https:\/\/www.agrobase.com.br\/concursos\/wp-json\/wp\/v2\/categories?post=206094"},{"taxonomy":"post_tag","embeddable":true,"href":"https:\/\/www.agrobase.com.br\/concursos\/wp-json\/wp\/v2\/tags?post=206094"},{"taxonomy":"_amplo","embeddable":true,"href":"https:\/\/www.agrobase.com.br\/concursos\/wp-json\/wp\/v2\/_amplo?post=206094"},{"taxonomy":"destaque","embeddable":true,"href":"https:\/\/www.agrobase.com.br\/concursos\/wp-json\/wp\/v2\/destaque?post=206094"},{"taxonomy":"instituicoes","embeddable":true,"href":"https:\/\/www.agrobase.com.br\/concursos\/wp-json\/wp\/v2\/instituicoes?post=206094"}],"curies":[{"name":"wp","href":"https:\/\/api.w.org\/{rel}","templated":true}]}}