{"id":203706,"date":"2023-02-27T08:00:48","date_gmt":"2023-02-27T11:00:48","guid":{"rendered":"https:\/\/www.agrobase.com.br\/concursos\/?p=203706"},"modified":"2023-03-20T10:10:25","modified_gmt":"2023-03-20T13:10:25","slug":"processo-seletivo-uft-to-edital-006-2023","status":"publish","type":"post","link":"https:\/\/www.agrobase.com.br\/concursos\/2023\/processo-seletivo-uft-to-edital-006-2023\/","title":{"rendered":"Processo Seletivo UFT &#8211; TO | Edital 006\/2023"},"content":{"rendered":"<p>Aberto Processo Seletivo da <a target=\"_blank\" href=\"http:\/\/www.copese.uft.edu.br\/\" rel=\"noopener\">UFT<\/a> com a finalidade de preencher 29 vagas para professores substitutos.<\/p>\n<h2>Cargos e Remunera\u00e7\u00e3o<\/h2>\n<p>As <strong>29 vagas<\/strong> dispostas no edital 006\/2023 da Universidade Federal do Tocantins (UFT) s\u00e3o destinadas a suprir a falta de professores nos Campi de Aragua\u00edna, Arraias, Miracema, Palmas, Porto Nacional e Tocantin\u00f3polis, nas seguintes \u00e1reas:<\/p>\n<p><em>Fundamentos de F\u00edsica Mec\u00e2nica\/ Introdu\u00e7\u00e3o \u00e0s Linguagens da Inform\u00e1tica \/ F\u00edsica Ondas e Termodin\u00e2mica C\u00e1lculo Diferencial de Uma Vari\u00e1vel\/C\u00e1lculo de V\u00e1rias Vari\u00e1veis\/ \u00c1reas afins (1); Probabilidade\/ Estat\u00edstica\/ N\u00famero reais e fun\u00e7\u00f5es\/ Trigonometria\/ T\u00f3picos de Matem\u00e1tica Elementar\/ Matem\u00e1tica Comercial e Financeira \/ \u00c1reas afins (1); \u00c1lgebra Linear I\/ \u00c1lgebra Abstrata\/ T\u00f3picos de \u00c1lgebra Abstrata\/ T\u00f3picos de Matem\u00e1tica Elementar\/ \u00c1lgebra Linear I\/ \u00c1lgebra Abstrata\/ T\u00f3picos de \u00c1lgebra Abstrata\/ T\u00f3picos de Matem\u00e1tica Elementar \/ \u00c1reas afins (1); Leitura e Produ\u00e7\u00e3o de Texto\/ Sociologia das organiza\u00e7\u00f5es\/ Estado, Cultura e Cidadania\/ Semin\u00e1rios interdisciplinares I\/ Atividades Interdisciplinares Orientadas IV\/\u00c1reas afins; Qu\u00edmica Geral \/ Bioqu\u00edmica \/ Matem\u00e1tica \/ C\u00e1lculo\/\u00c1reas afins; Direito Processual Civil I \/ Direito Processual Civil II \/ Laborat\u00f3rio de Pr\u00e1ticas Jur\u00eddicas I \/ Laborat\u00f3rio de Pr\u00e1ticas Jur\u00eddicas II \/ Pr\u00e1ticas Jur\u00eddicas Supervisionadas I \/ \u00c9tica Geral e Profissional \/ Direito Cibern\u00e9tico\/ \u00c1reas afins (1); Fundamentos e Metodologia do Ensino de Ci\u00eancias\/ Fundamentos e Metodologia do Ensino de Geografia\/ Pesquisa em Educa\u00e7\u00e3o\/ Educa\u00e7\u00e3o Ambiental\/ \u00c1reas afins (1); Epistemologias Pedag\u00f3gicas Contempor\u00e2neas\/Fundamentos e Metodologia dos Anos Iniciais do Ensino Fundamental\/Discuss\u00f5es Contempor\u00e2neas &#8211; Educa\u00e7\u00e3o do Campo\/Fundamento s e Metodologias da Educa\u00e7\u00e3o de Jovens e Adultos\/ \u00c1reas afins (1); Educa\u00e7\u00e3o e Cultura Afro-brasileira\/ Fundamentos e metodologia do Ensino de Hist\u00f3ria \/ Eletivas do curso \/ \u00c1reas afins (1); Avalia\u00e7\u00e3o Educacional\/ Educa\u00e7\u00e3o de Jovens e Adultos \/ Educa\u00e7\u00e3o e Tecnologias e Eletivas do curso \/ \u00c1reas afins; Psicologia Social II: Abordagem S\u00f3cio Hist\u00f3rica\/ Est\u00e1gio Espec\u00edfico I &#8211; \u00canfase 2: Psicologia Social\/Cultural, Comunit\u00e1ria e da Sa\u00fade\/ Est\u00e1gio Espec\u00edfico I &#8211; \u00canfase 2: Psicologia Social\/Cultural, Comunit\u00e1ria e da Sa\u00fade \/ \u00c1reas afins (1); Psicologia do Trabalho I \/ Psicologia do Trabalho II \/ Est\u00e1gio \/ \u00c1reas afins (1); Direito e Legisla\u00e7\u00e3o\/ Est\u00e1gio Supervisionado 1 \/ Direitos Humanos e Servi\u00e7o Social \/ \u00c1reas afins (1); Gest\u00e3o P\u00fablica\/ Metodologia da Pesquisa \/ \u00c1reas afins (1); Psicologia Aplicada \u00e0 Administra\u00e7\u00e3o\/ Optativa I a Definir com a nova Matriz Curricular\/ Estudos e Pesquisas em Administra\u00e7\u00e3o II \/ \u00c1reas afins (1); Projeto de Urbanismo 3 \/ Planejamento urbano e regional\/ Projeto de urbanismo 1\/ Sig em planejamento urbano \/\u00c1reas afins; Programa\u00e7\u00e3o orientada a objetos\/ Estrutura de dados I \/ Estrutura de dados II \/ Banco de dados (1); Contabilidade Tribut\u00e1ria\/ Contabilidade Imobili\u00e1ria e de Servi\u00e7os \/ Contabilidade das Institui\u00e7\u00f5es Financeiras\/ \u00c1reas afins (1); Direito comercial e societ\u00e1rio \/ Legisla\u00e7\u00e3o tribut\u00e1ria.\/ \u00c1reas afins (1); Direito do Trabalho e Processo do Trabalho\/ Seguridade Social\/ Laborat\u00f3rio de Pr\u00e1tica Jur\u00eddica \/ \u00c1reas afins (1); Semin\u00e1rios Interdisciplinares\/ Escrit\u00f3rio Modelo\/ Laborat\u00f3rio de Pr\u00e1tica Jur\u00eddica\/ \u00c1reas afins (1); Escrit\u00f3rio Modelo\/ Laborat\u00f3rio de Pr\u00e1tica Jur\u00eddica\/ Direito processual civil\/ \u00c1reas afins (1); Sa\u00fade do Trabalhador\/ Organiza\u00e7\u00e3o Estrat\u00e9gia Sa\u00fade da Fam\u00edlia\/ Pr\u00e1ticas Educativas em Sa\u00fade\/ Processos patol\u00f3gicos e assist\u00eancia de enfermagem em situa\u00e7\u00f5es cl\u00ednicas\/ \u00c1reas afins (1); Est\u00e1gio Supervisionado em Especialidades Est\u00e1gio Supervisionado em Gerenciamento de Alta Complexidade \/ Est\u00e1gio Supervisionado em Unidade de Tratamento Intensivo\/ Est\u00e1gio Supervisionado em Urg\u00eancia e Emerg\u00eancia\/ \u00c1reas afins (1); Tecnologia da Constru\u00e7\u00e3o e Edifica\u00e7\u00f5es I\/Tecnologia da Constru\u00e7\u00e3o e Edifica\u00e7\u00f5es II\/Materiais da Constru\u00e7\u00e3o Civil\/Planejamento e Controle das Constru\u00e7\u00f5es \/ Resist\u00eancia dos materiais I \/ Resist\u00eancia dos materiais II \/ Pontes de Grandes Obras \/ \u00c1reas afins (1); Sa\u00fade do Idoso\/ Sa\u00fade da Fam\u00edlia\/ Sa\u00fade do Adulto \/ Sa\u00fade da Crian\u00e7a \/ Bio\u00e9tica \/ \u00c1reas afins; Semin\u00e1rio de pesquisa\/ Projeto de TCC\/Atividade integrante.\/ \u00c1reas afins (1); Psicologia da Educa\u00e7\u00e3o I\/ Psicologia da educa\u00e7\u00e3o II \/ Atividade integrante.\/ \u00c1reas afins (1); T\u00f3picos Especiais em Sociologia\/ Metodologia Quantitativa em Ci\u00eancias Sociais \/ Economia\/Hist\u00f3ria do Pensamento Econ\u00f4mico\/ Indicadores Econ\u00f4micos e Sociais \/\u00c1reas afins (1); Psicologia da Educa\u00e7\u00e3o I\/ Psicologia da educa\u00e7\u00e3o II \/ Semin\u00e1rios de Pesquisa I\/ Fundamentos da Educa\u00e7\u00e3o Inclusiva\/ \u00c1reas afins (1); Sociodialetologia\/ L\u00edngua Latina e elementos filol\u00f3gicos de base rom\u00e2nica\/ Fon\u00e9tica e Fonologia da L\u00edngua Portuguesa\/ Norma Lingu\u00edstica\/ \u00c1reas afins (1); Direitos Fundamentais\/ Direito Internacional P\u00fablico\/ Direito Comunit\u00e1rio\/ Laborat\u00f3rio de Pesquisa \/ \u00c1reas afins (1); Direito Civil II &#8211; Obriga\u00e7\u00f5es e Responsabilidade Civil\/ Direito Civil IV &#8211; Fam\u00edlia\/ Direito Processual Civil I \/ \u00c1reas afins (1); Legisla\u00e7\u00e3o e Educa\u00e7\u00e3o \/ Did\u00e1tica Geral \/ Abordagens Metodol\u00f3gicas da Educa\u00e7\u00e3o de Jovens e Adultos \/ Est\u00e1gio Curricular Supervisionado \/ Semin\u00e1rio integrado de Ensino, Pesquisa e Extens\u00e3o \/ Avalia\u00e7\u00e3o da Aprendizagem \/ Gest\u00e3o Escolar \/ Est\u00e1gio Curricular supervisionado \/ Semin\u00e1rio integrado de Ensino, Pesquisa e Extens\u00e3o\/ \u00c1reas afins (1)<\/em><\/p>\n<p>Ser\u00e3o admitidos servidores com gradua\u00e7\u00e3o, especializa\u00e7\u00e3o, mestrado ou doutorado na \u00e1rea de saber de interesse, e far\u00e3o jus \u00e0 remunera\u00e7\u00f5es entre <strong>R$ 2.236,32<\/strong> e <strong>R$ 5.831,21<\/strong>, de acordo com a titula\u00e7\u00e3o apresentada.<\/p>\n<p>O regime de trabalho est\u00e1 fixado em jornadas de <strong>20h<\/strong> ou <strong>40 horas<\/strong> semanais; como podemos conferir \u00e0 frente:<\/p>\n<p><strong>Clique abaixo para exibir o quadro de vagas do Processo Seletivo UFT &#8211; TO (Edital 006\/2023)<\/strong><br \/>\n<a target=\"_blank\" href=\"https:\/\/www.agrobase.com.br\/concursos\/wp-content\/uploads\/sites\/4\/2023\/02\/quadro-de-vagas-edital-006-2023-uft.pdf\" rel=\"noopener\"><img loading=\"lazy\" decoding=\"async\" src=\"https:\/\/www.agrobase.com.br\/concursos\/wp-content\/uploads\/sites\/4\/2017\/10\/quadro-de-vagas-do-processo-seletivo-da-uft.png\" alt=\"Vagas Concurso P\u00fablico UFT (PDF)\" width=\"570\" height=\"160\" class=\"aligncenter size-full\" \/><\/a><\/p>\n<h2>Inscri\u00e7\u00e3o<\/h2>\n<ul>\n<li><strong>Internet:<\/strong> A solicita\u00e7\u00e3o de inscri\u00e7\u00e3o ser\u00e1 realizada, exclusivamente, via internet, no endere\u00e7o eletr\u00f4nico <a href=\"http:\/\/selecao.uft.edu.br\/professorSubstituto\/2023_01\/index.php?option=com_candidato\" rel=\"noopener\" target=\"_blank\">selecao.uft.edu.br<\/a>, os per\u00edodos de inscri\u00e7\u00e3o s\u00e3o os seguintes:<\/li>\n<\/ul>\n<ol>\n<li><strong>Vagas que exigem titula\u00e7\u00e3o de Doutor:<\/strong> de 01 a 03 de mar\u00e7o de 2023;<\/li>\n<li><strong>Vagas que exigem titula\u00e7\u00e3o de Mestre:<\/strong> no per\u00edodo de 07 a 08 de mar\u00e7o de 2023;<\/li>\n<li><strong>Vagas que exigem titula\u00e7\u00e3o de Especialista:<\/strong> per\u00edodo de 10 a 12 de mar\u00e7o de 2023.<\/li>\n<\/ol>\n<p>Ser\u00e1 recolhido de todos os candidatos a import\u00e2ncia de <strong>R$ 120,00<\/strong> referente a taxa de inscri\u00e7\u00e3o.<\/p>\n<h2>Provas<\/h2>\n<p>As etapas citadas abaixo ser\u00e3o parte do processo de avalia\u00e7\u00e3o dos inscritos no processo seletivo da UFT:<\/p>\n<ol>\n<li><strong>Entrevista e An\u00e1lise de Curriculum Vitae ou Lattes.<\/strong> De car\u00e1ter eliminat\u00f3rio e classificat\u00f3rio.<\/li>\n<li><strong>Prova Did\u00e1tica.<\/strong> De car\u00e1ter eliminat\u00f3rio e classificat\u00f3rio.<\/li>\n<li><strong>Prova de T\u00edtulos.<\/strong> De car\u00e1ter apenas classificat\u00f3rio.<\/li>\n<\/ol>\n<h2>Resultado do Processo Seletivo UFT<\/h2>\n<p>O resultado final ser\u00e1 publicado pela COPESE no endere\u00e7o eletr\u00f4nico selecao.uft.edu.br, na data prov\u00e1vel de <strong>07 de abril de 2023<\/strong>.<\/p>\n","protected":false},"excerpt":{"rendered":"<p>Aberto Processo Seletivo da UFT com a finalidade de preencher 29 vagas para professores substitutos.<\/p>\n","protected":false},"author":7,"featured_media":203709,"comment_status":"open","ping_status":"open","sticky":false,"template":"","format":"standard","meta":{"_acf_changed":false,"_breakdance_hide_in_design_set":false,"_breakdance_tags":"","footnotes":""},"categories":[3,4,5,6,106,126,9,121,120,113,10,97,117,12,13,14,151,125,103,142,112,122,111,100,99,20,116,21,22,25,26,27,149,101,118,28],"tags":[64],"_amplo":[],"destaque":[],"instituicoes":[699],"class_list":["post-203706","post","type-post","status-publish","format-standard","has-post-thumbnail","hentry","category-administracao","category-agronomia","category-arquitetura","category-biologia","category-bioquimica","category-ciencia-computacao","category-ciencias-contabeis","category-ciencias-sociais","category-comunicacao-social","category-desenho-industrial","category-direito","category-ecologia","category-economia","category-enfermagem","category-engenharia-ambiental","category-engenharia","category-engenharia-computacao","category-engenharia-producao","category-engenharia-eletrica","category-engenharia-eletronica","category-filosofia","category-fisica","category-geografia","category-historia","category-jornalismo","category-letras","category-matematica","category-medicina","category-veterinaria","category-pedagogia","category-psicologia","category-quimica","category-relacoes-internacionais","category-servico-social","category-sociologia","category-zootecnia","tag-tocantins","instituicoes-universidade-federal-do-tocantins-uft"],"acf":{"_tipo_vagas":"vagas","_numero_vagas":29,"_quadro_vagas":null,"_cargos":"professores","_cargos_especificos":"","_salario_max":"R$","_abertura":"20230301","_encerramento":"20230303","_inscricoes":"","_executora_concurso":"","_instituicao_concurso":[699],"_link_adicional":null,"_anexos":[{"_arquivo_anexo":203707,"_titulo_anexo":"Edital 006\/2023"}],"_produtos":null,"_vagas":"","_salario_min":"","_instituicao":"","_edital":"","_anexos_edital":"","_fund_incompleto":"","_fund_completo":"","_medio":"","_superior":""},"_links":{"self":[{"href":"https:\/\/www.agrobase.com.br\/concursos\/wp-json\/wp\/v2\/posts\/203706","targetHints":{"allow":["GET"]}}],"collection":[{"href":"https:\/\/www.agrobase.com.br\/concursos\/wp-json\/wp\/v2\/posts"}],"about":[{"href":"https:\/\/www.agrobase.com.br\/concursos\/wp-json\/wp\/v2\/types\/post"}],"author":[{"embeddable":true,"href":"https:\/\/www.agrobase.com.br\/concursos\/wp-json\/wp\/v2\/users\/7"}],"replies":[{"embeddable":true,"href":"https:\/\/www.agrobase.com.br\/concursos\/wp-json\/wp\/v2\/comments?post=203706"}],"version-history":[{"count":0,"href":"https:\/\/www.agrobase.com.br\/concursos\/wp-json\/wp\/v2\/posts\/203706\/revisions"}],"acf:term":[{"embeddable":true,"taxonomy":"instituicoes","href":"https:\/\/www.agrobase.com.br\/concursos\/wp-json\/wp\/v2\/instituicoes\/699"}],"wp:featuredmedia":[{"embeddable":true,"href":"https:\/\/www.agrobase.com.br\/concursos\/wp-json\/wp\/v2\/media\/203709"}],"wp:attachment":[{"href":"https:\/\/www.agrobase.com.br\/concursos\/wp-json\/wp\/v2\/media?parent=203706"}],"wp:term":[{"taxonomy":"category","embeddable":true,"href":"https:\/\/www.agrobase.com.br\/concursos\/wp-json\/wp\/v2\/categories?post=203706"},{"taxonomy":"post_tag","embeddable":true,"href":"https:\/\/www.agrobase.com.br\/concursos\/wp-json\/wp\/v2\/tags?post=203706"},{"taxonomy":"_amplo","embeddable":true,"href":"https:\/\/www.agrobase.com.br\/concursos\/wp-json\/wp\/v2\/_amplo?post=203706"},{"taxonomy":"destaque","embeddable":true,"href":"https:\/\/www.agrobase.com.br\/concursos\/wp-json\/wp\/v2\/destaque?post=203706"},{"taxonomy":"instituicoes","embeddable":true,"href":"https:\/\/www.agrobase.com.br\/concursos\/wp-json\/wp\/v2\/instituicoes?post=203706"}],"curies":[{"name":"wp","href":"https:\/\/api.w.org\/{rel}","templated":true}]}}