{"id":203587,"date":"2023-02-23T08:20:13","date_gmt":"2023-02-23T11:20:13","guid":{"rendered":"https:\/\/www.agrobase.com.br\/concursos\/?p=203587"},"modified":"2023-03-20T10:10:14","modified_gmt":"2023-03-20T13:10:14","slug":"a-ufes-abre-13-editais-com-vagas-para-professores","status":"publish","type":"post","link":"https:\/\/www.agrobase.com.br\/concursos\/2023\/a-ufes-abre-13-editais-com-vagas-para-professores\/","title":{"rendered":"A UFES abre 13 editais com vagas para professores"},"content":{"rendered":"<p>A <a href=\"http:\/\/www.ufes.br\/\" title=\"Universidade Federal do Esp\u00edrito Santo\" target=\"_blank\" rel=\"noopener\">UFES<\/a> anuncia, atrav\u00e9s de 13 editais, a abertura de diversas vagas para professores substitutos.<\/p>\n<h2>Cargos e Remunera\u00e7\u00e3o<\/h2>\n<p>Como mostra os editais abaixo, s\u00e3o oferecidas <strong>14<\/strong> oportunidades docentes tempor\u00e1rias atrav\u00e9s dos PSS da Universidade Federal do Esp\u00edrito Santo (UFES). Para concorrer \u00e9 preciso apresentar forma\u00e7\u00e3o superior em uma das seguintes \u00e1reas:<\/p>\n<p>Edital 018\/2023: Comunica\u00e7\u00e3o\/R\u00e1dio e Televis\u00e3o (1);<br \/>\nEdital 019\/2023: Probabilidade e Estat\u00edstica (1);<br \/>\nEdital 021\/2023: <a href=\"https:\/\/www.agrobase.com.br\/concursos\/vagas\/biologia\/\" rel=\"noopener\" target=\"_blank\">Biologia<\/a> Geral\/Biologia Celular\/Gen\u00e9tica\/Zoologia; Evolu\u00e7\u00e3o\/Citogen\u00e9tica\/Ecologia\/Morfologia\/Bot\u00e2nica (2);<br \/>\nEdital 022\/2023: Ci\u00eancia da Computa\u00e7\u00e3o\/Sistemas de Computa\u00e7\u00e3o (1);<br \/>\nEdital 023\/2023: DIS12649 &#8211; Movimento e Desenvolvimento Humano, DIS12658 &#8211; Fisioterapia Pedi\u00e1trica, DIS12662 &#8211; Est\u00e1gio Supervisionado II, DIS12661 &#8211; Est\u00e1gio Supervisionado I (1);<br \/>\nEdital 024\/2023: Fonoaudiologia\/Audiologia (1);<br \/>\nEdital 025\/2023: Fisioterapia e Terapia Ocupacional\/ Terapia Ocupacional Social (1);<br \/>\nEdital 026\/2023: Fisioterapia e Terapia Ocupacional\/ Terapia Ocupacional com \u00canfase em Reabilita\u00e7\u00e3o F\u00edsica, Tecnologia Assistiva (\u00f3rteses, pr\u00f3teses e adapta\u00e7\u00f5es), Cinesiologia, Recursos Corporais (1);<br \/>\nEdital 027\/2023: Qu\u00edmica (1);<br \/>\nEdital 028\/2023: Engenharia de Produ\u00e7\u00e3o, Planejamento, Projeto e Controle de Sistemas de Produ\u00e7\u00e3o, Higiene e Seguran\u00e7a do Trabalho, Engenharia do Produto (1);<br \/>\nEdital 029\/2023: Linguagens de Programa\u00e7\u00e3o (1);<br \/>\nEdital 030\/2023: C\u00e1lculo\/\u00c1lgebra Linear (1);<br \/>\nEdital 031\/2023: Engenharia Civil\/Estruturas. Especialidades: Mec\u00e2nica das Estruturas; Estruturas de Concreto; Estruturas Met\u00e1licas; Estruturas de Madeiras (1).<\/p>\n<h2>Inscri\u00e7\u00f5es<\/h2>\n<p>O per\u00edodo de inscri\u00e7\u00e3o ser\u00e1: de <strong> 27 de fevereiro de 2023<\/strong> a <strong>03 de mar\u00e7o de 2023<\/strong>.<br \/>\nA inscri\u00e7\u00e3o, que dever\u00e1 ser online, poder\u00e1 ser feita no site www.progep.ufes.br.<\/p>\n<h2>Provas<\/h2>\n<p>Constituir\u00e3o as provas do processo seletivo:<\/p>\n<ol>\n<li><strong>Prova de Aptid\u00e3o Did\u00e1tica:<\/strong> obrigat\u00f3ria de car\u00e1ter eliminat\u00f3rio e classificat\u00f3rio.<\/li>\n<li><strong>An\u00e1lise do Curr\u00edculo:<\/strong> obrigat\u00f3ria, de car\u00e1ter classificat\u00f3rio.<\/li>\n<\/ol>\n<p>Data prov\u00e1vel para realiza\u00e7\u00e3o das provas: a partir de <strong>09 de mar\u00e7o de 2023<\/strong>.<\/p>\n<p>O cronograma com a confirma\u00e7\u00e3o da data, local e hor\u00e1rios dos momentos avaliativos s\u00e3o de responsabilidade dos departamentos promotores dos processos seletivos.<\/p>\n","protected":false},"excerpt":{"rendered":"<p>A UFES anuncia, atrav\u00e9s de 13 editais, a abertura de diversas vagas para professores substitutos.<\/p>\n","protected":false},"author":7,"featured_media":203604,"comment_status":"open","ping_status":"open","sticky":false,"template":"","format":"standard","meta":{"_acf_changed":false,"_breakdance_hide_in_design_set":false,"_breakdance_tags":"","footnotes":""},"categories":[3,4,6,106,126,120,11,12,14,151,125,103,104,102,136,17,112,122,18,19,100,99,116,26,124,27,110,118,134],"tags":[45],"_amplo":[],"destaque":[],"instituicoes":[300],"class_list":["post-203587","post","type-post","status-publish","format-standard","has-post-thumbnail","hentry","category-administracao","category-agronomia","category-biologia","category-bioquimica","category-ciencia-computacao","category-comunicacao-social","category-educacao-fisica","category-enfermagem","category-engenharia","category-engenharia-computacao","category-engenharia-producao","category-engenharia-eletrica","category-engenharia-mecanica","category-engenharia-quimica","category-estatistica","category-farmacia","category-filosofia","category-fisica","category-fisioterapia","category-fonoaudiologia","category-historia","category-jornalismo","category-matematica","category-psicologia","category-publicidade","category-quimica","category-relacoes-publicas","category-sociologia","category-terapia-ocupacional","tag-espirito-santo","instituicoes-universidade-federal-do-espirito-santo-ufes"],"acf":{"_tipo_vagas":"vagas","_numero_vagas":14,"_quadro_vagas":null,"_cargos":"professores","_cargos_especificos":"","_salario_max":"R$","_abertura":"20230227","_encerramento":"20230303","_inscricoes":"","_executora_concurso":"","_instituicao_concurso":[300],"_link_adicional":null,"_anexos":[{"_arquivo_anexo":203603,"_titulo_anexo":"Edital 018\/2023"},{"_arquivo_anexo":203591,"_titulo_anexo":"Edital 019\/2023"},{"_arquivo_anexo":203592,"_titulo_anexo":"Edital 021\/2023"},{"_arquivo_anexo":203593,"_titulo_anexo":"Edital 022\/2023"},{"_arquivo_anexo":203594,"_titulo_anexo":"Edital 023\/2023"},{"_arquivo_anexo":203595,"_titulo_anexo":"Edital 024\/2023"},{"_arquivo_anexo":203596,"_titulo_anexo":"Edital 025\/2023"},{"_arquivo_anexo":203597,"_titulo_anexo":"Edital 026\/2023"},{"_arquivo_anexo":203598,"_titulo_anexo":"Edital 027\/2023"},{"_arquivo_anexo":203599,"_titulo_anexo":"Edital 028\/2023"},{"_arquivo_anexo":203600,"_titulo_anexo":"Edital 029\/2023"},{"_arquivo_anexo":203601,"_titulo_anexo":"Edital 030\/2023"},{"_arquivo_anexo":203602,"_titulo_anexo":"Edital 031\/2023"}],"_produtos":null,"_vagas":"","_salario_min":"","_instituicao":"","_edital":"","_anexos_edital":"","_fund_incompleto":"","_fund_completo":"","_medio":"","_superior":""},"_links":{"self":[{"href":"https:\/\/www.agrobase.com.br\/concursos\/wp-json\/wp\/v2\/posts\/203587","targetHints":{"allow":["GET"]}}],"collection":[{"href":"https:\/\/www.agrobase.com.br\/concursos\/wp-json\/wp\/v2\/posts"}],"about":[{"href":"https:\/\/www.agrobase.com.br\/concursos\/wp-json\/wp\/v2\/types\/post"}],"author":[{"embeddable":true,"href":"https:\/\/www.agrobase.com.br\/concursos\/wp-json\/wp\/v2\/users\/7"}],"replies":[{"embeddable":true,"href":"https:\/\/www.agrobase.com.br\/concursos\/wp-json\/wp\/v2\/comments?post=203587"}],"version-history":[{"count":0,"href":"https:\/\/www.agrobase.com.br\/concursos\/wp-json\/wp\/v2\/posts\/203587\/revisions"}],"acf:term":[{"embeddable":true,"taxonomy":"instituicoes","href":"https:\/\/www.agrobase.com.br\/concursos\/wp-json\/wp\/v2\/instituicoes\/300"}],"wp:featuredmedia":[{"embeddable":true,"href":"https:\/\/www.agrobase.com.br\/concursos\/wp-json\/wp\/v2\/media\/203604"}],"wp:attachment":[{"href":"https:\/\/www.agrobase.com.br\/concursos\/wp-json\/wp\/v2\/media?parent=203587"}],"wp:term":[{"taxonomy":"category","embeddable":true,"href":"https:\/\/www.agrobase.com.br\/concursos\/wp-json\/wp\/v2\/categories?post=203587"},{"taxonomy":"post_tag","embeddable":true,"href":"https:\/\/www.agrobase.com.br\/concursos\/wp-json\/wp\/v2\/tags?post=203587"},{"taxonomy":"_amplo","embeddable":true,"href":"https:\/\/www.agrobase.com.br\/concursos\/wp-json\/wp\/v2\/_amplo?post=203587"},{"taxonomy":"destaque","embeddable":true,"href":"https:\/\/www.agrobase.com.br\/concursos\/wp-json\/wp\/v2\/destaque?post=203587"},{"taxonomy":"instituicoes","embeddable":true,"href":"https:\/\/www.agrobase.com.br\/concursos\/wp-json\/wp\/v2\/instituicoes?post=203587"}],"curies":[{"name":"wp","href":"https:\/\/api.w.org\/{rel}","templated":true}]}}