{"id":203560,"date":"2023-02-23T08:40:40","date_gmt":"2023-02-23T11:40:40","guid":{"rendered":"https:\/\/www.agrobase.com.br\/concursos\/?p=203560"},"modified":"2023-02-22T11:53:18","modified_gmt":"2023-02-22T14:53:18","slug":"concurso-publico-ifrj-edital-006-2023-tecnicos-administrativos","status":"publish","type":"post","link":"https:\/\/www.agrobase.com.br\/concursos\/2023\/concurso-publico-ifrj-edital-006-2023-tecnicos-administrativos\/","title":{"rendered":"Concurso P\u00fablico IFRJ | Edital 006\/2023 &#8211; T\u00e9cnicos Administrativos"},"content":{"rendered":"<p>O Instituto Federal de Educa\u00e7\u00e3o, Ci\u00eancia e Tecnologia do Rio de Janeiro (<a href=\"https:\/\/portal.ifrj.edu.br\/\" title=\"Instituto Federal do Rio de Janeiro\" target=\"_blank\" rel=\"noopener\">IFRJ<\/a>) anuncia que realizar\u00e1 um Concurso P\u00fablico para t\u00e9cnicos administrativos com 11 vagas.<\/p>\n<h2>Cargos e Remunera\u00e7\u00e3o<\/h2>\n<p>Com o objetivo de contratar profissionais em cargos efetivos do quadro de t\u00e9cnicos administrativos, o Instituto Federal do Rio de Janeiro (IFRJ) realiza o Concurso P\u00fablico 006\/2023, com <strong>11 vagas<\/strong> de provimento direto em n\u00edvel m\u00e9dio e superior, nos seguintes cargos:<\/p>\n<p><em>T\u00e9cnico de Laborat\u00f3rio &#8211; Qu\u00edmica (3), T\u00e9cnico de Laborat\u00f3rio &#8211; Inform\u00e1tica (3), Bibliotec\u00e1rio-documentalista (1), Engenheiro\/ \u00c1rea: Mec\u00e2nica (1), M\u00e9dico\/\u00c1rea: Cl\u00ednica Geral (2), e <a href=\"https:\/\/www.agrobase.com.br\/concursos\/vagas\/nutricao\/\" rel=\"noopener\" target=\"_blank\">Nutricionista<\/a> (1)<\/em><\/p>\n<p>A atua\u00e7\u00e3o \u00e9 prevista na Regi\u00e3o dos Lagos, Metropolitana, Sul-Fluminense e Baixada Fluminense.<\/p>\n<p>A remunera\u00e7\u00e3o mensal se alterna entre <strong>R$ 2.446,96<\/strong> a <strong>R$ 4.180,66<\/strong>, dependendo do cargo, considerando atua\u00e7\u00e3o sob jornadas de trabalho de <strong>40 horas semanais<\/strong>.<\/p>\n<p>Vejam os requisitos definidos para concorrer, no quadro de vagas adiante:<\/p>\n<p><strong>Clique abaixo para exibir o quadro de vagas do Concurso P\u00fablico do IFRJ (Edital 003\/2022)<\/strong><br \/>\n<a target=\"_blank\" href=\"https:\/\/www.agrobase.com.br\/concursos\/wp-content\/uploads\/sites\/4\/2023\/02\/quadro-vagas-edital-006-2023-ifrj.pdf\" rel=\"noopener\"><img loading=\"lazy\" decoding=\"async\" src=\"https:\/\/www.agrobase.com.br\/concursos\/wp-content\/uploads\/sites\/4\/2021\/07\/quadro-de-vagas-do-concurso-publico-do-ifrj.png\" alt=\"Vagas Concurso P\u00fablico IFRJ (PDF)\" width=\"570\" height=\"160\" class=\"aligncenter size-full\" \/><\/a><\/p>\n<p><\/em><\/p>\n<h2>Inscri\u00e7\u00e3o<\/h2>\n<ul>\n<li><strong>Internet:<\/strong> As inscri\u00e7\u00f5es podem ser feitas do dia <strong>06 de mar\u00e7o de 2023<\/strong> at\u00e9 o dia <strong>09 de abril de 2023<\/strong>, o endere\u00e7o eletr\u00f4nico para fazer a inscri\u00e7\u00e3o \u00e9 o <a href=\"http:\/\/www.selecon.org.br\/\" target=\"_blank\" rel=\"noopener\">www.selecon.org.br<\/a>.<\/li>\n<\/ul>\n<p><\/p>\n<p>Para cada inscri\u00e7\u00e3o feita no concurso p\u00fablico do IFRJ s\u00e3o cobradas taxas de inscri\u00e7\u00e3o de:<\/p>\n<p><strong>N\u00edvel Superior \u2013 N\u00edvel E:<\/strong> R$ 190,00;<br \/>\n<strong>N\u00edvel M\u00e9dio \u2013 N\u00edvel D:<\/strong> R$ 130,00;<\/p>\n<h2>Provas<\/h2>\n<p>O Concurso P\u00fablico do IFRJ prev\u00ea as seguintes avalia\u00e7\u00f5es:<\/p>\n<ol>\n<li><strong>Prova Objetiva.<\/strong> Est\u00e1 prevista para aplica\u00e7\u00e3o na manh\u00e3 do dia <strong>21 de maio de 2023<\/strong> em local e hor\u00e1rios a serem divulgados com anteced\u00eancia pelo site www.selecon.org.br.<\/li>\n<li><strong>Prova de T\u00edtulos.<\/strong><\/li>\n<\/ol>\n<h2>Resultado<\/h2>\n<p>O resultado final ser\u00e1 homologado mediante publica\u00e7\u00e3o no Di\u00e1rio Oficial da Uni\u00e3o e no site do IFRJ e da Organizadora (www.selecon.org.br), at\u00e9 o dia <strong>08 de agosto de 2023<\/strong>.<\/p>\n<p>Todas as publica\u00e7\u00f5es oficiais referentes ao Concurso P\u00fablico de que trata este Edital ser\u00e3o divulgadas no Di\u00e1rio Oficial da Uni\u00e3o (DOU).<\/p>\n","protected":false},"excerpt":{"rendered":"<p>O Instituto Federal de Educa\u00e7\u00e3o, Ci\u00eancia e Tecnologia do Rio de Janeiro (IFRJ) anuncia que realizar\u00e1 um Concurso P\u00fablico para t\u00e9cnicos administrativos com 11 vagas.<\/p>\n","protected":false},"author":7,"featured_media":203562,"comment_status":"open","ping_status":"open","sticky":false,"template":"","format":"standard","meta":{"_acf_changed":false,"_breakdance_hide_in_design_set":false,"_breakdance_tags":"","footnotes":""},"categories":[94,104,21,23,27,130,161],"tags":[56],"_amplo":[],"destaque":[],"instituicoes":[1729],"class_list":["post-203560","post","type-post","status-publish","format-standard","has-post-thumbnail","hentry","category-biblioteconomia","category-engenharia-mecanica","category-medicina","category-nutricao","category-quimica","category-tecnico-informatica","category-tecnico-laboratorio","tag-rio-de-janeiro","instituicoes-instituto-federal-de-educacao-ciencia-e-tecnologia-do-rio-de-janeiro-ifrj"],"acf":{"_tipo_vagas":"vagas","_numero_vagas":11,"_quadro_vagas":null,"_cargos":"t\u00e9cnicos administrativos","_cargos_especificos":"","_salario_max":"R$","_abertura":"20230306","_encerramento":"20230409","_inscricoes":"","_executora_concurso":80233,"_instituicao_concurso":[1729],"_link_adicional":null,"_anexos":[{"_arquivo_anexo":203561,"_titulo_anexo":"Edital 006\/2023"}],"_produtos":null,"_vagas":"","_salario_min":"","_instituicao":"","_edital":"","_anexos_edital":"","_fund_incompleto":"","_fund_completo":"","_medio":"","_superior":""},"_links":{"self":[{"href":"https:\/\/www.agrobase.com.br\/concursos\/wp-json\/wp\/v2\/posts\/203560","targetHints":{"allow":["GET"]}}],"collection":[{"href":"https:\/\/www.agrobase.com.br\/concursos\/wp-json\/wp\/v2\/posts"}],"about":[{"href":"https:\/\/www.agrobase.com.br\/concursos\/wp-json\/wp\/v2\/types\/post"}],"author":[{"embeddable":true,"href":"https:\/\/www.agrobase.com.br\/concursos\/wp-json\/wp\/v2\/users\/7"}],"replies":[{"embeddable":true,"href":"https:\/\/www.agrobase.com.br\/concursos\/wp-json\/wp\/v2\/comments?post=203560"}],"version-history":[{"count":0,"href":"https:\/\/www.agrobase.com.br\/concursos\/wp-json\/wp\/v2\/posts\/203560\/revisions"}],"acf:term":[{"embeddable":true,"taxonomy":"instituicoes","href":"https:\/\/www.agrobase.com.br\/concursos\/wp-json\/wp\/v2\/instituicoes\/1729"}],"acf:post":[{"embeddable":true,"href":"https:\/\/www.agrobase.com.br\/concursos\/wp-json\/wp\/v2\/executora\/80233"}],"wp:featuredmedia":[{"embeddable":true,"href":"https:\/\/www.agrobase.com.br\/concursos\/wp-json\/wp\/v2\/media\/203562"}],"wp:attachment":[{"href":"https:\/\/www.agrobase.com.br\/concursos\/wp-json\/wp\/v2\/media?parent=203560"}],"wp:term":[{"taxonomy":"category","embeddable":true,"href":"https:\/\/www.agrobase.com.br\/concursos\/wp-json\/wp\/v2\/categories?post=203560"},{"taxonomy":"post_tag","embeddable":true,"href":"https:\/\/www.agrobase.com.br\/concursos\/wp-json\/wp\/v2\/tags?post=203560"},{"taxonomy":"_amplo","embeddable":true,"href":"https:\/\/www.agrobase.com.br\/concursos\/wp-json\/wp\/v2\/_amplo?post=203560"},{"taxonomy":"destaque","embeddable":true,"href":"https:\/\/www.agrobase.com.br\/concursos\/wp-json\/wp\/v2\/destaque?post=203560"},{"taxonomy":"instituicoes","embeddable":true,"href":"https:\/\/www.agrobase.com.br\/concursos\/wp-json\/wp\/v2\/instituicoes?post=203560"}],"curies":[{"name":"wp","href":"https:\/\/api.w.org\/{rel}","templated":true}]}}