{"id":202247,"date":"2023-01-24T09:00:26","date_gmt":"2023-01-24T12:00:26","guid":{"rendered":"https:\/\/www.agrobase.com.br\/concursos\/?p=202247"},"modified":"2023-02-16T17:52:35","modified_gmt":"2023-02-16T20:52:35","slug":"concurso-publico-ufsc-edital-002-2023","status":"publish","type":"post","link":"https:\/\/www.agrobase.com.br\/concursos\/2023\/concurso-publico-ufsc-edital-002-2023\/","title":{"rendered":"Concurso P\u00fablico UFSC | Edital 002\/2023"},"content":{"rendered":"<p>Abertas as inscri\u00e7\u00f5es ao Concurso P\u00fablico da <a target=\"_blank\" href=\"http:\/\/ufsc.br\/\" rel=\"noopener\">UFSC<\/a>, destinado \u00e0 contrata\u00e7\u00e3o de 83 T\u00e9cnicos Administrativos em Educa\u00e7\u00e3o para os Campi de Ararangu\u00e1, Blumenau, Curitibanos, Florian\u00f3polis e Joinville.<\/p>\n<h2>Cargos e Remunera\u00e7\u00e3o<\/h2>\n<p>O edital 002\/2023 do certame da Universidade Federal de Santa Catarina (UFSC) disp\u00f5e de <strong>83 vagas<\/strong> em fun\u00e7\u00f5es t\u00e9cnico-administrativas de n\u00edvel m\u00e9dio, t\u00e9cnico e superior, para atender aos Campi de Ararangu\u00e1, Blumenau, Curitibanos, Florian\u00f3polis e Joinville, nas seguintes fun\u00e7\u00f5es:<\/p>\n<p><em>Administrador (8); Antrop\u00f3logo (1); Contador (1); Economista (2); Engenheiro\/Civil (2); Engenheiro\/Eletricista (3); Engenheiro\/Mec\u00e2nico (1); Farmac\u00eautico Bioqu\u00edmico (2); Farmac\u00eautico (1); Pedagogo\/Educa\u00e7\u00e3o Especial (1); Pedagogo\/Educa\u00e7\u00e3o Infantil (1); Pedagogo\/Educacional (1); Pedagogo\/Orienta\u00e7\u00e3o Educacional (1); Pedagogo\/Supervis\u00e3o Educacional (1); T\u00e9cnico em Assuntos Educacionais (3); Assistente em Administra\u00e7\u00e3o (10); T\u00e9cnico de Laborat\u00f3rio\/Biologia (5); T\u00e9cnico de Laborat\u00f3rio\/F\u00edsica (1); T\u00e9cnico de Tecnologia da Informa\u00e7\u00e3o (7); Administrador (1); Fisioterapeuta (2); M\u00e9dico\/Cl\u00ednica M\u00e9dica (4); Medico\/Ginecologia (1); . M\u00e9dico\/Medicina da Fam\u00edlia e Comunidade (3); Medico\/Psiquiatria (1); Assistente em Administra\u00e7\u00e3o (1); T\u00e9cnico de Laborat\u00f3rio\/F\u00edsica (1); T\u00e9cnico de Tecnologia da Informa\u00e7\u00e3o (2); Administrador (1); T\u00e9cnico em Assuntos Educacionais (1); Tecn\u00f3logo\/Produ\u00e7\u00e3o T\u00eaxtil (1); Assistente em Administra\u00e7\u00e3o (1); T\u00e9cnico de Tecnologia da Informa\u00e7\u00e3o (1); Administrador (1); Farmac\u00eautico (1); Assistente em Administra\u00e7\u00e3o (1); T\u00e9cnico de Laborat\u00f3rio\/<a href=\"https:\/\/www.agrobase.com.br\/concursos\/vagas\/biologia\/\" rel=\"noopener\" target=\"_blank\">Biologia<\/a> (1); T\u00e9cnico de Tecnologia da Informa\u00e7\u00e3o (1); Administrador (1); Tecn\u00f3logo\/Mecatr\u00f4nica Industrial (1); Assistente em Administra\u00e7\u00e3o (1); T\u00e9cnico de Tecnologia da Informa\u00e7\u00e3o (2)<\/em><\/p>\n<p>As jornadas de trabalho variam entre <strong>20h<\/strong> a <strong>40 horas semanais<\/strong> e  os vencimentos variam de <strong>R$ 1.945,07<\/strong> a <strong>R$ 4.180,66<\/strong>, de acordo com o cargo.<\/p>\n<p><strong>Clique abaixo para exibir o quadro de vagas do Concurso da UFSC (Edital 002\/2023)<\/strong><br \/>\n<a target=\"_blank\" href=\"https:\/\/www.agrobase.com.br\/concursos\/wp-content\/uploads\/sites\/4\/2023\/01\/quadro-de-vagas-edital-002-2023-ufsc.pdf\" rel=\"noopener\"><img loading=\"lazy\" decoding=\"async\" src=\"https:\/\/www.agrobase.com.br\/concursos\/wp-content\/uploads\/sites\/4\/2017\/08\/quadro-de-vagas-do-concurso-publico-da-ufsc.png\" alt=\"Vagas Concurso P\u00fablico da Universidade Federal de Santa Catarina (PDF)\" width=\"570\" height=\"160\" class=\"aligncenter size-full\" \/><\/a><\/p>\n<h2>Inscri\u00e7\u00e3o Concurso P\u00fablico UFSC<\/h2>\n<ul>\n<li><strong>Internet:<\/strong> o per\u00edodo para inscri\u00e7\u00f5es a UFSC seguir\u00e1 aberto de <strong>01 de fevereiro de 2023<\/strong> a <strong>02 de mar\u00e7o de 2023<\/strong>, mediante acesso ao endere\u00e7o eletr\u00f4nico: https:\/\/002ddp2023.concursos.ufsc.br\/.<\/li>\n<\/ul>\n<p><\/p>\n<p>A taxa de inscri\u00e7\u00e3o ser\u00e1 de <strong>R$ 122,43 a R$ 195,55.<\/strong><\/p>\n<h2>Provas<\/h2>\n<p>O concurso da UFSC utilizar\u00e1 como avalia\u00e7\u00e3o as provas, a saber:<\/p>\n<ol>\n<li><strong>Prova Objetiva.<\/strong> a ser aplicada em <strong>16 de abril de 2023<\/strong>.<\/li>\n<\/ol>\n<h2>Resultado Concurso P\u00fablico UFSC<\/h2>\n<p>O resultado final do processo de sele\u00e7\u00e3o da UFSC ser\u00e1 divulgado no site da Universidade, ainda sem data prevista.<\/p>\n","protected":false},"excerpt":{"rendered":"<p>Abertas as inscri\u00e7\u00f5es ao Concurso P\u00fablico da UFSC, destinado \u00e0 contrata\u00e7\u00e3o de 83 T\u00e9cnicos Administrativos em Educa\u00e7\u00e3o para os Campi de Ararangu\u00e1, Blumenau, Curitibanos, Florian\u00f3polis e Joinville.<\/p>\n","protected":false},"author":7,"featured_media":202248,"comment_status":"open","ping_status":"open","sticky":false,"template":"","format":"standard","meta":{"_acf_changed":false,"_breakdance_hide_in_design_set":false,"_breakdance_tags":"","footnotes":""},"categories":[3,6,106,9,117,14,125,103,104,17,122,18,21,25,161,159],"tags":[61],"_amplo":[],"destaque":[],"instituicoes":[286],"class_list":["post-202247","post","type-post","status-publish","format-standard","has-post-thumbnail","hentry","category-administracao","category-biologia","category-bioquimica","category-ciencias-contabeis","category-economia","category-engenharia","category-engenharia-producao","category-engenharia-eletrica","category-engenharia-mecanica","category-farmacia","category-fisica","category-fisioterapia","category-medicina","category-pedagogia","category-tecnico-laboratorio","category-tecnologia-da-informacao","tag-santa-catarina","instituicoes-universidade-federal-de-santa-catarina-ufsc"],"acf":{"_tipo_vagas":"vagas","_numero_vagas":83,"_quadro_vagas":null,"_cargos":"t\u00e9cnicos administrativos","_cargos_especificos":"","_salario_max":"R$","_abertura":"20230201","_encerramento":"20230302","_inscricoes":"","_executora_concurso":"","_instituicao_concurso":[286],"_link_adicional":null,"_anexos":[{"_arquivo_anexo":202249,"_titulo_anexo":"Edital 002\/2023"}],"_produtos":null,"_vagas":"","_salario_min":"","_instituicao":"","_edital":"","_anexos_edital":"","_fund_incompleto":"","_fund_completo":"","_medio":"","_superior":""},"_links":{"self":[{"href":"https:\/\/www.agrobase.com.br\/concursos\/wp-json\/wp\/v2\/posts\/202247","targetHints":{"allow":["GET"]}}],"collection":[{"href":"https:\/\/www.agrobase.com.br\/concursos\/wp-json\/wp\/v2\/posts"}],"about":[{"href":"https:\/\/www.agrobase.com.br\/concursos\/wp-json\/wp\/v2\/types\/post"}],"author":[{"embeddable":true,"href":"https:\/\/www.agrobase.com.br\/concursos\/wp-json\/wp\/v2\/users\/7"}],"replies":[{"embeddable":true,"href":"https:\/\/www.agrobase.com.br\/concursos\/wp-json\/wp\/v2\/comments?post=202247"}],"version-history":[{"count":0,"href":"https:\/\/www.agrobase.com.br\/concursos\/wp-json\/wp\/v2\/posts\/202247\/revisions"}],"acf:term":[{"embeddable":true,"taxonomy":"instituicoes","href":"https:\/\/www.agrobase.com.br\/concursos\/wp-json\/wp\/v2\/instituicoes\/286"}],"wp:featuredmedia":[{"embeddable":true,"href":"https:\/\/www.agrobase.com.br\/concursos\/wp-json\/wp\/v2\/media\/202248"}],"wp:attachment":[{"href":"https:\/\/www.agrobase.com.br\/concursos\/wp-json\/wp\/v2\/media?parent=202247"}],"wp:term":[{"taxonomy":"category","embeddable":true,"href":"https:\/\/www.agrobase.com.br\/concursos\/wp-json\/wp\/v2\/categories?post=202247"},{"taxonomy":"post_tag","embeddable":true,"href":"https:\/\/www.agrobase.com.br\/concursos\/wp-json\/wp\/v2\/tags?post=202247"},{"taxonomy":"_amplo","embeddable":true,"href":"https:\/\/www.agrobase.com.br\/concursos\/wp-json\/wp\/v2\/_amplo?post=202247"},{"taxonomy":"destaque","embeddable":true,"href":"https:\/\/www.agrobase.com.br\/concursos\/wp-json\/wp\/v2\/destaque?post=202247"},{"taxonomy":"instituicoes","embeddable":true,"href":"https:\/\/www.agrobase.com.br\/concursos\/wp-json\/wp\/v2\/instituicoes?post=202247"}],"curies":[{"name":"wp","href":"https:\/\/api.w.org\/{rel}","templated":true}]}}