{"id":202198,"date":"2023-01-23T07:30:13","date_gmt":"2023-01-23T10:30:13","guid":{"rendered":"https:\/\/www.agrobase.com.br\/concursos\/?p=202198"},"modified":"2023-02-16T17:52:43","modified_gmt":"2023-02-16T20:52:43","slug":"concurso-publico-ufam-edital-005-2023","status":"publish","type":"post","link":"https:\/\/www.agrobase.com.br\/concursos\/2023\/concurso-publico-ufam-edital-005-2023\/","title":{"rendered":"Concurso P\u00fablico UFAM | Edital 005\/2023"},"content":{"rendered":"<p>A <a href=\"https:\/\/ufam.edu.br\/\" title=\"Universidade Federal do Amazonas\" target=\"_blank\" rel=\"noopener\">UFAM<\/a> publica edital de Concurso P\u00fablico para provimento de 46 vagas de professores do magist\u00e9rio superior em diferentes \u00e1reas de conhecimento.<\/p>\n<h2>Cargos e Remunera\u00e7\u00e3o<\/h2>\n<p>Como \u00e9 tornado de conhecimento de todos que a Universidade Federal do Amazonas (UFAM) far\u00e1 sele\u00e7\u00e3o de <strong>46<\/strong> professores nas seguintes \u00e1reas e Campi indicados:<\/p>\n<p><strong>Manaus &#8211; AM:<\/strong> Enfermagem (1); M\u00fasica (1); Cl\u00ednica Odontol\u00f3gica Infantil (1); Neuroci\u00eancias e Cogni\u00e7\u00e3o (1); Psicologia Organizacional e do Trabalho (1); Educa\u00e7\u00e3o \/ Psicologia (1); Farm\u00e1cia (1); Contabilidade Avan\u00e7ada (1); Contabilidade empresarial e Contabilidade governamental (1); Direito do Trabalho, Legisla\u00e7\u00e3o Social e Trabalhista e Direito Digital (1); Ci\u00eancias Sociais Aplicadas (1); L\u00edngua francesa, pr\u00e1ticas de ensino, culturas e literaturas de express\u00e3o francesa (1); Letras &#8211; L\u00edngua e Literatura Inglesa (1); L\u00edngua e Literatura Portuguesa &#8211; estudos liter\u00e1rios (1); Medicina (1); Hematologia (1); Cirurgia Cardiovascular (1); Cirurgia Vascular (1); Cirurgia de Cabe\u00e7a e Pesco\u00e7o (1); Oftalmologia (1); Mec\u00e2nica dos S\u00f3lidos\/Projeto de M\u00e1quinas (1); Engenharia Civil \/ Infraestrutura de Transportes (1); Micologia (1); Farmacologia (1); Qu\u00edmica Anal\u00edtica e Qu\u00edmica Geral (2); F\u00edsico-Qu\u00edmica e Qu\u00edmica Geral (1); Probabilidade e Estat\u00edstica (1); Matem\u00e1tica (2); Engenharia de Software (1); Servi\u00e7o Social (2); Sociologia (2); Hist\u00f3ria da Am\u00e9rica Colonial (1); Bioqu\u00edmica\/ Farmacologia (1); Qu\u00edmica Geral e Org\u00e2nica &#8211; Produtos Naturais (1).<br \/>\n<strong>Itacoatiara &#8211; AM:<\/strong> Administra\u00e7\u00e3o (1); Farm\u00e1cia (2).<br \/>\n<strong>Parintins &#8211; AM:<\/strong> Artes Visuais (1); Servi\u00e7o Social (1).<br \/>\n<strong>Humait\u00e1 &#8211; AM:<\/strong> Estat\u00edstica (1).<br \/>\n<strong>Coari &#8211; AM:<\/strong> Sa\u00fade da Crian\u00e7a (1); Cirurgia (1).<\/p>\n<p>As remunera\u00e7\u00f5es s\u00e3o compostas pelo vencimento b\u00e1sico de <strong>R$ 2.236,31<\/strong> (20h) ou de <strong>R$ 4.463,93<\/strong> (40h) acrescidos de retribui\u00e7\u00e3o por titula\u00e7\u00e3o.<\/p>\n<p><strong>Clique abaixo para exibir o quadro de vagas do Concurso da UFAM (Edital 003\/2023)<\/strong><br \/>\n<a target=\"_blank\" href=\"https:\/\/www.agrobase.com.br\/concursos\/wp-content\/uploads\/sites\/4\/2023\/01\/quadro-de-vagas-edital-005-2023-ufam.pdf\" rel=\"noopener\"><img loading=\"lazy\" decoding=\"async\" src=\"https:\/\/www.agrobase.com.br\/concursos\/wp-content\/uploads\/sites\/4\/2018\/01\/quadro-de-vagas-do-concurso-publico-da-ufam.png\" alt=\"Vagas Concurso P\u00fablico Universidade Federal do Amazonas (PDF)\" width=\"570\" height=\"160\" class=\"aligncenter size-full\" \/><\/a><\/p>\n<h2>Inscri\u00e7\u00f5es Concurso P\u00fablico UFAM<\/h2>\n<p><strong>Per\u00edodo de inscri\u00e7\u00f5es:<\/strong> das 10h do dia <strong>06 de mar\u00e7o de 2023<\/strong> \u00e0s 17h do dia <strong>07 de abril de 2023<\/strong>.<br \/>\n<strong>Local de Inscri\u00e7\u00f5es:<\/strong> <a href=\"https:\/\/progesp.ufam.edu.br\/crs\/concurso-publico-do-magisterio-superior\/73-ddp\/crs\/concurso-publico-do-magisterio-superior\/1286-edital-005-2023.html\" rel=\"noopener\" target=\"_blank\">progesp.ufam.edu.br<\/a>.<\/p>\n<p>Valor da Inscri\u00e7\u00e3o:<\/p>\n<p><strong>Gradua\u00e7\u00e3o ou Gradua\u00e7\u00e3o com Habilita\u00e7\u00e3o, Especializa\u00e7\u00e3o ou Resid\u00eancia:<\/strong> R$ 90,00;<br \/>\n<strong>Mestrado:<\/strong> R$ 130,00;<br \/>\n<strong>Doutorado:<\/strong> R$ 180,00.<\/p>\n<h2>Provas<\/h2>\n<p>O presente processo seletivo ser\u00e1 aplicado em duas etapas,s\u00e3o elas:<\/p>\n<ol>\n<li><strong>Prova Escrita.<\/strong> Prevista para acontecer no dia <strong>24 de maio de 2023<\/strong>.<\/li>\n<li><strong>Prova Did\u00e1tica:<\/strong> de car\u00e1ter eliminat\u00f3rio e classificat\u00f3rio.<\/li>\n<li><strong>Prova de T\u00edtulos:<\/strong> de car\u00e1ter classificat\u00f3rio.<\/li>\n<\/ol>\n<h2>Resultado Concurso P\u00fablico UFAM<\/h2>\n<p>O resultado final de cada \u00e1rea do processo seletivo ser\u00e1 publicado no Di\u00e1rio Oficial da Uni\u00e3o e no site progesp.ufam.edu.br, na \u00e1rea \u201cDesenvolvimento de Pessoas\u201d, \u201cConcursos e Sele\u00e7\u00f5es\u201d, \u201cProcesso Seletivo\u201d.<\/p>\n","protected":false},"excerpt":{"rendered":"<p>A UFAM publica edital de Concurso P\u00fablico para provimento de 46 vagas de professores do magist\u00e9rio superior em diferentes \u00e1reas de conhecimento.<\/p>\n","protected":false},"author":7,"featured_media":202200,"comment_status":"open","ping_status":"open","sticky":false,"template":"","format":"standard","meta":{"_acf_changed":false,"_breakdance_hide_in_design_set":false,"_breakdance_tags":"","footnotes":""},"categories":[3,144,140,6,7,8,126,9,121,10,141,12,14,151,125,104,136,17,112,100,20,116,21,119,24,25,26,27,101,118],"tags":[41],"_amplo":[],"destaque":[],"instituicoes":[512],"class_list":["post-202198","post","type-post","status-publish","format-standard","has-post-thumbnail","hentry","category-administracao","category-arquivologia","category-artes-plasticas","category-biologia","category-biomedicina","category-biotecnologia","category-ciencia-computacao","category-ciencias-contabeis","category-ciencias-sociais","category-direito","category-educacao-artistica","category-enfermagem","category-engenharia","category-engenharia-computacao","category-engenharia-producao","category-engenharia-mecanica","category-estatistica","category-farmacia","category-filosofia","category-historia","category-letras","category-matematica","category-medicina","category-musica","category-odontologia","category-pedagogia","category-psicologia","category-quimica","category-servico-social","category-sociologia","tag-amazonas","instituicoes-universidade-federal-do-amazonas-ufam"],"acf":{"_tipo_vagas":"vagas","_numero_vagas":46,"_quadro_vagas":null,"_cargos":"professores","_cargos_especificos":"","_salario_max":"R$","_abertura":"20230306","_encerramento":"20230407","_inscricoes":"","_executora_concurso":"","_instituicao_concurso":[512],"_link_adicional":null,"_anexos":[{"_arquivo_anexo":202199,"_titulo_anexo":"Edital 005\/2023"}],"_produtos":null,"_vagas":"","_salario_min":"","_instituicao":"","_edital":"","_anexos_edital":"","_fund_incompleto":"","_fund_completo":"","_medio":"","_superior":""},"_links":{"self":[{"href":"https:\/\/www.agrobase.com.br\/concursos\/wp-json\/wp\/v2\/posts\/202198","targetHints":{"allow":["GET"]}}],"collection":[{"href":"https:\/\/www.agrobase.com.br\/concursos\/wp-json\/wp\/v2\/posts"}],"about":[{"href":"https:\/\/www.agrobase.com.br\/concursos\/wp-json\/wp\/v2\/types\/post"}],"author":[{"embeddable":true,"href":"https:\/\/www.agrobase.com.br\/concursos\/wp-json\/wp\/v2\/users\/7"}],"replies":[{"embeddable":true,"href":"https:\/\/www.agrobase.com.br\/concursos\/wp-json\/wp\/v2\/comments?post=202198"}],"version-history":[{"count":0,"href":"https:\/\/www.agrobase.com.br\/concursos\/wp-json\/wp\/v2\/posts\/202198\/revisions"}],"acf:term":[{"embeddable":true,"taxonomy":"instituicoes","href":"https:\/\/www.agrobase.com.br\/concursos\/wp-json\/wp\/v2\/instituicoes\/512"}],"wp:featuredmedia":[{"embeddable":true,"href":"https:\/\/www.agrobase.com.br\/concursos\/wp-json\/wp\/v2\/media\/202200"}],"wp:attachment":[{"href":"https:\/\/www.agrobase.com.br\/concursos\/wp-json\/wp\/v2\/media?parent=202198"}],"wp:term":[{"taxonomy":"category","embeddable":true,"href":"https:\/\/www.agrobase.com.br\/concursos\/wp-json\/wp\/v2\/categories?post=202198"},{"taxonomy":"post_tag","embeddable":true,"href":"https:\/\/www.agrobase.com.br\/concursos\/wp-json\/wp\/v2\/tags?post=202198"},{"taxonomy":"_amplo","embeddable":true,"href":"https:\/\/www.agrobase.com.br\/concursos\/wp-json\/wp\/v2\/_amplo?post=202198"},{"taxonomy":"destaque","embeddable":true,"href":"https:\/\/www.agrobase.com.br\/concursos\/wp-json\/wp\/v2\/destaque?post=202198"},{"taxonomy":"instituicoes","embeddable":true,"href":"https:\/\/www.agrobase.com.br\/concursos\/wp-json\/wp\/v2\/instituicoes?post=202198"}],"curies":[{"name":"wp","href":"https:\/\/api.w.org\/{rel}","templated":true}]}}