{"id":201605,"date":"2023-01-10T08:50:52","date_gmt":"2023-01-10T11:50:52","guid":{"rendered":"https:\/\/www.agrobase.com.br\/concursos\/?p=201605"},"modified":"2023-01-09T12:33:51","modified_gmt":"2023-01-09T15:33:51","slug":"processo-seletivo-ufam-edital-003-2023-professor-substituto","status":"publish","type":"post","link":"https:\/\/www.agrobase.com.br\/concursos\/2023\/processo-seletivo-ufam-edital-003-2023-professor-substituto\/","title":{"rendered":"Processo Seletivo UFAM | Edital 003\/2023 &#8211; Professor Substituto"},"content":{"rendered":"<p>A <a href=\"https:\/\/ufam.edu.br\/\" title=\"Universidade Federal do Amazonas\" target=\"_blank\" rel=\"noopener\">UFAM<\/a> publica edital de Processo Seletivo para provimento de 86 vagas de professores substitutos em diferentes \u00e1reas de conhecimento.<\/p>\n<h2>Cargos e Remunera\u00e7\u00e3o<\/h2>\n<p>Como \u00e9 tornado de conhecimento de todos que a Universidade Federal do Amazonas (UFAM) far\u00e1 sele\u00e7\u00e3o de <strong>86<\/strong> professores substitutos nas seguintes \u00e1reas e nos Campi indicados:<\/p>\n<p><strong>Manaus:<\/strong> Enfermagem Geral (6); Cirurgia Card\u00edaca (1); Neurologia ou Neurocirurgia (1); Cirurgia Geral (1); Cl\u00ednica M\u00e9dica (1); Sa\u00fade da Mulher &#8211; Ginecologia (1); Sa\u00fade da Crian\u00e7a &#8211; Pediatria (1); Anatomia Patol\u00f3gica &#8211; Patologia Geral e Patologia Oral e Maxilofacial (2); Sa\u00fade Coletiva (3); Endocrinologia (1); Artes\/Fundamentos e Cr\u00edtica das Artes\/Teoria da Arte (1); Artes\/Educa\u00e7\u00e3o Art\u00edstica (1); M\u00fasica\/Canto L\u00edrico (1); Metodologia do Trabalho Cient\u00edfico e Did\u00e1tica (2); Fundamentos da Educa\u00e7\u00e3o (1); Cirurgia e Traumatologia Bucomaxilofacial, Anatomia de Cabe\u00e7a e Pesco\u00e7o, Pr\u00e9-Cl\u00ednica, Cl\u00ednica Integrada (1); Psicologia Organizacional e do Trabalho (1); Fen\u00f4menos Psicol\u00f3gicos\/Neuropsicologia (1); Fen\u00f4menos Psicol\u00f3gicos\/Neuropsicologia\/Psicofarmacologia (1); Psicologia Geral\/Psicologia Jur\u00eddica (1); Engenharia de Alimentos (2); Piscicultura (1); Medicamentos (1); Dimens\u00f5es psicol\u00f3gicas da Educa\u00e7\u00e3o F\u00edsica e do Esporte e Est\u00e1gio Supervisionado (1); Hidrogin\u00e1stica, Gin\u00e1stica R\u00edtmica e Desportiva, Organiza\u00e7\u00e3o e Gest\u00e3o de Academia (1); Administra\u00e7\u00e3o (1); Arquivologia (2); Produ\u00e7\u00e3o Jornal\u00edstica &#8211; Multim\u00eddia (1); Comunica\u00e7\u00e3o Social &#8211; Rela\u00e7\u00f5es P\u00fablicas (1); Biblioteconomia\/Ci\u00eancia da Informa\u00e7\u00e3o (1); L\u00edngua Inglesa (1); Letras &#8211; L\u00edngua e Literatura Japonesa (1); Libras (1); L\u00edngua Portuguesa, Lingu\u00edstica e Forma\u00e7\u00e3o docente (1); Estudos Liter\u00e1rios (1); Estudos Cl\u00e1ssicos, com \u00eanfase em L\u00edngua e Literatura Latina, Hist\u00f3ria da L\u00edngua Portuguesa e forma\u00e7\u00e3o docente (1); L\u00edngua e Literatura Espanhola (1); Engenharia de Pol\u00edmeros (1); Especifica\u00e7\u00e3o e Sele\u00e7\u00e3o de Materiais (1); Engenharia de Produ\u00e7\u00e3o (1); Engenharia El\u00e9trica (1); Ci\u00eancias Biol\u00f3gicas ou Ci\u00eancias Agr\u00e1rias ou Biotecnologia &#8211; Interdisciplinar (1); Anatomia Humana (1); Zoologia e \u00e1reas afins (1); Qu\u00edmica Geral e Qu\u00edmica Experimental (1); Mapeamento Geol\u00f3gico e Sensoriamento Remoto (1); Teoria e metodologia da Hist\u00f3ria (1); Ci\u00eancias Sociais\/Sociologia (3);<br \/>\n<strong>Humait\u00e1:<\/strong> Agronomia (1); Educa\u00e7\u00e3o (1); Engenharia Ambiental (2); Educa\u00e7\u00e3o (1); Filosofia (1); Letras &#8211; L\u00edngua Portuguesa (1);<br \/>\n<strong>Itacoatiara:<\/strong> F\u00edsica (1); Inform\u00e1tica (1); Engenharia Sanit\u00e1ria I (1);<br \/>\n<strong>Parintins:<\/strong> Artes Visuais ou Educa\u00e7\u00e3o Art\u00edstica (2); Servi\u00e7o Social (2); Psicologia (1);<br \/>\n<strong>Benjamin Constant:<\/strong> Filosofia e Filosofia da Educa\u00e7\u00e3o (1); Metodologia do Estudo e da Pesquisa e Pr\u00e1tica da Pesquisa Pedag\u00f3gica (1); F\u00edsica (1); Qu\u00edmica (1); Teoria Antropol\u00f3gica\/Etnologia (1);<br \/>\n<strong>Coari:<\/strong> Fisioterapia (1), Ci\u00eancias Biol\u00f3gicas (1), Nutri\u00e7\u00e3o (1) e Enfermagem Geral (1).<\/p>\n<p>As remunera\u00e7\u00f5es s\u00e3o compostas pelo vencimento b\u00e1sico de <strong>R$ 2.236,32<\/strong> (20h) ou de <strong>R$ 3.130,85<\/strong> (40h) acrescidos de retribui\u00e7\u00e3o por titula\u00e7\u00e3o.<\/p>\n<p><strong>Clique abaixo para exibir o quadro de vagas do Processo Seletivo da UFAM (Edital 003\/2023)<\/strong><br \/>\n<a target=\"_blank\" href=\"https:\/\/www.agrobase.com.br\/concursos\/wp-content\/uploads\/sites\/4\/2023\/01\/quadro-de-vagas-edital-003-2023-ufam.pdf\" rel=\"noopener\"><img loading=\"lazy\" decoding=\"async\" src=\"https:\/\/www.agrobase.com.br\/concursos\/wp-content\/uploads\/sites\/4\/2017\/06\/quadro-de-vagas-do-processo-seletivo-ufam.png\" alt=\"Vagas Concurso P\u00fablico Universidade Federal do Amazonas (PDF)\" width=\"570\" height=\"160\" class=\"aligncenter size-full\" \/><\/a><\/p>\n<h2>Inscri\u00e7\u00f5es<\/h2>\n<p><strong>Per\u00edodo de inscri\u00e7\u00f5es:<\/strong> do dia <strong>16 de de janeiro<\/strong> ao dia <strong>26 de janeiro de 2023<\/strong>.<br \/>\n<strong>Local de Inscri\u00e7\u00f5es:<\/strong> <a href=\"https:\/\/progesp.ufam.edu.br\/crs\/processos-seletivos\/80-ddp\/crs\/processos-seletivos\/1280-033-2023-prof-substituto.html\" rel=\"noopener\" target=\"_blank\">progesp.ufam.edu.br<\/a>.<\/p>\n<p>Valor da Inscri\u00e7\u00e3o:<\/p>\n<p><strong>Gradua\u00e7\u00e3o ou Gradua\u00e7\u00e3o com Habilita\u00e7\u00e3o, Especializa\u00e7\u00e3o ou Resid\u00eancia:<\/strong> R$ 90,00;<br \/>\n<strong>Mestrado:<\/strong> R$ 130,00;<br \/>\n<strong>Doutorado:<\/strong> R$ 180,00.<\/p>\n<h2>Provas<\/h2>\n<p>O presente processo seletivo ser\u00e1 aplicado em duas etapas,s\u00e3o elas:<\/p>\n<ol>\n<li><strong>Prova Did\u00e1tica:<\/strong> de car\u00e1ter eliminat\u00f3rio e classificat\u00f3rio. Prevista para ser aplicada no dia <strong>14 de fevereiro de 2023<\/strong>.<\/li>\n<li><strong>Prova de T\u00edtulos:<\/strong> de car\u00e1ter classificat\u00f3rio.<\/li>\n<\/ol>\n<h2>Resultado<\/h2>\n<p>O resultado final de cada \u00e1rea do processo seletivo ser\u00e1 publicado no Di\u00e1rio Oficial da Uni\u00e3o e no site progesp.ufam.edu.br, na \u00e1rea \u201cDesenvolvimento de Pessoas\u201d, \u201cConcursos e Sele\u00e7\u00f5es\u201d, \u201cProcesso Seletivo\u201d.<br \/>\n.<\/p>\n","protected":false},"excerpt":{"rendered":"<p>A UFAM publica edital de Processo Seletivo para provimento de 86 vagas de professores substitutos em diferentes \u00e1reas de conhecimento.<\/p>\n","protected":false},"author":7,"featured_media":201608,"comment_status":"open","ping_status":"open","sticky":false,"template":"","format":"standard","meta":{"_acf_changed":false,"_breakdance_hide_in_design_set":false,"_breakdance_tags":"","footnotes":""},"categories":[3,4,144,94,6,106,8,126,9,121,120,117,141,11,12,13,14,151,79,96,102,16,17,112,122,18,115,100,99,20,116,21,119,23,24,25,26,27,110,118],"tags":[41],"_amplo":[],"destaque":[],"instituicoes":[512],"class_list":["post-201605","post","type-post","status-publish","format-standard","has-post-thumbnail","hentry","category-administracao","category-agronomia","category-arquivologia","category-biblioteconomia","category-biologia","category-bioquimica","category-biotecnologia","category-ciencia-computacao","category-ciencias-contabeis","category-ciencias-sociais","category-comunicacao-social","category-economia","category-educacao-artistica","category-educacao-fisica","category-enfermagem","category-engenharia-ambiental","category-engenharia","category-engenharia-computacao","category-engenharia-alimentos","category-engenharia-pesca","category-engenharia-quimica","category-engenharia-sanitaria","category-farmacia","category-filosofia","category-fisica","category-fisioterapia","category-geologia","category-historia","category-jornalismo","category-letras","category-matematica","category-medicina","category-musica","category-nutricao","category-odontologia","category-pedagogia","category-psicologia","category-quimica","category-relacoes-publicas","category-sociologia","tag-amazonas","instituicoes-universidade-federal-do-amazonas-ufam"],"acf":{"_tipo_vagas":"vagas","_numero_vagas":86,"_quadro_vagas":null,"_cargos":"professores","_cargos_especificos":"","_salario_max":"R$","_abertura":"20230116","_encerramento":"20230126","_inscricoes":"","_executora_concurso":"","_instituicao_concurso":[512],"_link_adicional":null,"_anexos":[{"_arquivo_anexo":201606,"_titulo_anexo":"Edital 003\/2023"},{"_arquivo_anexo":201607,"_titulo_anexo":"Edital de Condi\u00e7\u00f5es Gerais"}],"_produtos":null,"_vagas":"","_salario_min":"","_instituicao":"","_edital":"","_anexos_edital":"","_fund_incompleto":"","_fund_completo":"","_medio":"","_superior":""},"_links":{"self":[{"href":"https:\/\/www.agrobase.com.br\/concursos\/wp-json\/wp\/v2\/posts\/201605","targetHints":{"allow":["GET"]}}],"collection":[{"href":"https:\/\/www.agrobase.com.br\/concursos\/wp-json\/wp\/v2\/posts"}],"about":[{"href":"https:\/\/www.agrobase.com.br\/concursos\/wp-json\/wp\/v2\/types\/post"}],"author":[{"embeddable":true,"href":"https:\/\/www.agrobase.com.br\/concursos\/wp-json\/wp\/v2\/users\/7"}],"replies":[{"embeddable":true,"href":"https:\/\/www.agrobase.com.br\/concursos\/wp-json\/wp\/v2\/comments?post=201605"}],"version-history":[{"count":0,"href":"https:\/\/www.agrobase.com.br\/concursos\/wp-json\/wp\/v2\/posts\/201605\/revisions"}],"acf:term":[{"embeddable":true,"taxonomy":"instituicoes","href":"https:\/\/www.agrobase.com.br\/concursos\/wp-json\/wp\/v2\/instituicoes\/512"}],"wp:featuredmedia":[{"embeddable":true,"href":"https:\/\/www.agrobase.com.br\/concursos\/wp-json\/wp\/v2\/media\/201608"}],"wp:attachment":[{"href":"https:\/\/www.agrobase.com.br\/concursos\/wp-json\/wp\/v2\/media?parent=201605"}],"wp:term":[{"taxonomy":"category","embeddable":true,"href":"https:\/\/www.agrobase.com.br\/concursos\/wp-json\/wp\/v2\/categories?post=201605"},{"taxonomy":"post_tag","embeddable":true,"href":"https:\/\/www.agrobase.com.br\/concursos\/wp-json\/wp\/v2\/tags?post=201605"},{"taxonomy":"_amplo","embeddable":true,"href":"https:\/\/www.agrobase.com.br\/concursos\/wp-json\/wp\/v2\/_amplo?post=201605"},{"taxonomy":"destaque","embeddable":true,"href":"https:\/\/www.agrobase.com.br\/concursos\/wp-json\/wp\/v2\/destaque?post=201605"},{"taxonomy":"instituicoes","embeddable":true,"href":"https:\/\/www.agrobase.com.br\/concursos\/wp-json\/wp\/v2\/instituicoes?post=201605"}],"curies":[{"name":"wp","href":"https:\/\/api.w.org\/{rel}","templated":true}]}}