{"id":201281,"date":"2023-01-03T07:40:19","date_gmt":"2023-01-03T10:40:19","guid":{"rendered":"https:\/\/www.agrobase.com.br\/concursos\/?p=201281"},"modified":"2023-01-02T11:15:44","modified_gmt":"2023-01-02T14:15:44","slug":"processo-seletivo-junco-do-serido-pb-edital-001-2022","status":"publish","type":"post","link":"https:\/\/www.agrobase.com.br\/concursos\/2023\/processo-seletivo-junco-do-serido-pb-edital-001-2022\/","title":{"rendered":"Processo Seletivo Junco do Serid\u00f3 &#8211; PB | Edital 001\/2022"},"content":{"rendered":"<p>A cidade de <a href=\"http:\/\/juncodoserido.pb.gov.br\/\" title=\"Prefeitura de Junco do Serid\u00f3\" target=\"_blank\" rel=\"noopener\">Junco do Serid\u00f3 &#8211; PB<\/a> abre Processo Seletivo para preenchimento tempor\u00e1rio de 60 vagas.<\/p>\n<h2>Cargos e Remunera\u00e7\u00e3o<\/h2>\n<p>De acordo com o edital de abertura, n\u00famero 001\/2022, s\u00e3o abertas <strong>60 vagas<\/strong> em fun\u00e7\u00f5es de n\u00edvel  m\u00e9dio e superior.<\/p>\n<p>A Prefeitura de <a href=\"https:\/\/pt.wikipedia.org\/wiki\/Junco_do_Serid\u00f3\" title=\"Prefeitura de Junco do Serid\u00f3\" target=\"_blank\" rel=\"noopener\">Junco do Serid\u00f3<\/a>, na Para\u00edba, divulga sal\u00e1rios de at\u00e9 <strong>R$ 2.884,00<\/strong> ao m\u00eas, para jornadas de <strong>30h<\/strong> ou <strong>40 horas<\/strong> por semana, nas seguintes fun\u00e7\u00f5es:<\/p>\n<p><em>Assistente Social Educacional (1); Nutricionista Escolar (1); Pedagogo Escolar (1); Professor &#8211; Educa\u00e7\u00e3o Infantil Zona Urbana (4); Professor &#8211; Educa\u00e7\u00e3o Infantil Zona Rural (1); Professor &#8211; Ensino Fundamental anos Iniciais (1\u00ba ao 5\u00ba ano) Zona Urbana (9); Professor &#8211; Ensino Fundamental anos Iniciais (1\u00ba ao 5\u00ba ano) Zona Rural (3); Professor para sala de Recursos Multifuncionais (SRM) Zona Urbana (1); Professor para sala de Recursos Multifuncionais (SRM) Zona Rural (1); Professor de Educa\u00e7\u00e3o F\u00edsica Zona Urbana e Zona Rural (1); Psic\u00f3logo Escolar (1); Agente Comunit\u00e1rio de Sa\u00fade (9); Auxiliar T\u00e9cnico Bucal (1); Biom\u00e9dico (1); Educador F\u00edsico (1); Enfermeiro &#8211; Hospital (3); Fisioterapeuta (1); Fonoaudi\u00f3logo (1); M\u00e9dico PSF (1); <a href=\"https:\/\/www.agrobase.com.br\/concursos\/vagas\/veterinaria\/\" rel=\"noopener\" target=\"_blank\">M\u00e9dico Veterin\u00e1rio<\/a> (1); <a href=\"https:\/\/www.agrobase.com.br\/concursos\/vagas\/nutricao\/\" rel=\"noopener\" target=\"_blank\">Nutricionista<\/a> (1); Odont\u00f3logo PSF (1); Psic\u00f3logo (1); Psicopedagogo (1); T\u00e9cnico em Enfermagem &#8211; Hospital (3); Terapeuta Ocupacional (1); Assistente Social (1); Orientador Social (1); Pedagogo (1); Psic\u00f3logo CRAS e CREAS (2); Supervisor do Crian\u00e7a Feliz (1); Visitador do Programa Crian\u00e7a Feliz (1)<\/em><\/p>\n<p><strong>Clique abaixo para exibir o quadro de vagas do Processo Seletivo Junco do Serid\u00f3 &#8211; PB (Edital 001\/2022)<\/strong><br \/>\n<a target=\"_blank\" href=\"https:\/\/www.agrobase.com.br\/concursos\/wp-content\/uploads\/sites\/4\/2023\/01\/quadro-de-vagas-edital-001-2022-junco-do-serido-pb.pdf\" rel=\"noopener\"><img loading=\"lazy\" decoding=\"async\" src=\"https:\/\/www.agrobase.com.br\/concursos\/wp-content\/uploads\/sites\/4\/2023\/01\/quadro-de-vagas-processo-seletivo-de-junco-do-serido-pb.png\" alt=\"Vagas Concurso P\u00fablico Junco do Serid\u00f3 (PDF)\" width=\"570\" height=\"160\" class=\"aligncenter size-full\" \/><\/a><\/p>\n<h2>Inscri\u00e7\u00f5es<\/h2>\n<p>As inscri\u00e7\u00f5es ser\u00e3o realizadas na Secretaria de Educa\u00e7\u00e3o (SEDUC) localizada na Avenida Baldu\u00edno Guedes, 1014, Centro, Junco do Serid\u00f3\/PB de <strong>09<\/strong> a <strong>11 de janeiro de 2023<\/strong> de 08h30 \u00e0s 12h e de 13h \u00e0s 16h.<\/p>\n<p>O valor da taxa de inscri\u00e7\u00e3o correspondente ao n\u00edvel do cargo ser\u00e1 de:<\/p>\n<p>N\u00edvel M\u00e9dio: <strong>R$ 80,00<\/strong>;<br \/>\nN\u00edvel Superior: <strong>R$ 90,00<\/strong>.<\/p>\n<h2>Provas<\/h2>\n<ol>\n<li><strong>An\u00e1lise de T\u00edtulos.<\/strong><\/li>\n<li><strong>Entrevista.<\/strong><\/li>\n<\/ol>\n<h2>Resultados<\/h2>\n<p>\u00c9 de inteira responsabilidade do candidato acompanhar a publica\u00e7\u00e3o de todos os atos, editais, aditivos e comunicados referentes a este Processo Seletivo no site da \u00c1pice Consultoria &#8211; www.apiceconsultoria.com.<\/p>\n","protected":false},"excerpt":{"rendered":"<p>A cidade de Junco do Serid\u00f3 &#8211; PB abre Processo Seletivo para preenchimento tempor\u00e1rio de 60 vagas.<\/p>\n","protected":false},"author":7,"featured_media":201284,"comment_status":"open","ping_status":"open","sticky":false,"template":"","format":"standard","meta":{"_acf_changed":false,"_breakdance_hide_in_design_set":false,"_breakdance_tags":"","footnotes":""},"categories":[7,11,12,18,19,21,22,23,24,25,26,101,108,143,134],"tags":[53],"_amplo":[],"destaque":[],"instituicoes":[3133],"class_list":["post-201281","post","type-post","status-publish","format-standard","has-post-thumbnail","hentry","category-biomedicina","category-educacao-fisica","category-enfermagem","category-fisioterapia","category-fonoaudiologia","category-medicina","category-veterinaria","category-nutricao","category-odontologia","category-pedagogia","category-psicologia","category-servico-social","category-tecnico-enfermagem","category-tecnico-odontologia","category-terapia-ocupacional","tag-paraiba","instituicoes-prefeitura-municipal-de-junco-do-serido-pb"],"acf":{"_tipo_vagas":"vagas","_numero_vagas":60,"_quadro_vagas":null,"_cargos":"diversos","_cargos_especificos":"","_salario_max":"R$","_abertura":"20230109","_encerramento":"20230111","_inscricoes":"","_executora_concurso":47283,"_instituicao_concurso":[3133],"_link_adicional":null,"_anexos":[{"_arquivo_anexo":201282,"_titulo_anexo":"Edital 001\/2022"}],"_produtos":null,"_vagas":"","_salario_min":"","_instituicao":"","_edital":"","_anexos_edital":"","_fund_incompleto":"","_fund_completo":"","_medio":"","_superior":""},"_links":{"self":[{"href":"https:\/\/www.agrobase.com.br\/concursos\/wp-json\/wp\/v2\/posts\/201281","targetHints":{"allow":["GET"]}}],"collection":[{"href":"https:\/\/www.agrobase.com.br\/concursos\/wp-json\/wp\/v2\/posts"}],"about":[{"href":"https:\/\/www.agrobase.com.br\/concursos\/wp-json\/wp\/v2\/types\/post"}],"author":[{"embeddable":true,"href":"https:\/\/www.agrobase.com.br\/concursos\/wp-json\/wp\/v2\/users\/7"}],"replies":[{"embeddable":true,"href":"https:\/\/www.agrobase.com.br\/concursos\/wp-json\/wp\/v2\/comments?post=201281"}],"version-history":[{"count":0,"href":"https:\/\/www.agrobase.com.br\/concursos\/wp-json\/wp\/v2\/posts\/201281\/revisions"}],"acf:term":[{"embeddable":true,"taxonomy":"instituicoes","href":"https:\/\/www.agrobase.com.br\/concursos\/wp-json\/wp\/v2\/instituicoes\/3133"}],"acf:post":[{"embeddable":true,"href":"https:\/\/www.agrobase.com.br\/concursos\/wp-json\/wp\/v2\/executora\/47283"}],"wp:featuredmedia":[{"embeddable":true,"href":"https:\/\/www.agrobase.com.br\/concursos\/wp-json\/wp\/v2\/media\/201284"}],"wp:attachment":[{"href":"https:\/\/www.agrobase.com.br\/concursos\/wp-json\/wp\/v2\/media?parent=201281"}],"wp:term":[{"taxonomy":"category","embeddable":true,"href":"https:\/\/www.agrobase.com.br\/concursos\/wp-json\/wp\/v2\/categories?post=201281"},{"taxonomy":"post_tag","embeddable":true,"href":"https:\/\/www.agrobase.com.br\/concursos\/wp-json\/wp\/v2\/tags?post=201281"},{"taxonomy":"_amplo","embeddable":true,"href":"https:\/\/www.agrobase.com.br\/concursos\/wp-json\/wp\/v2\/_amplo?post=201281"},{"taxonomy":"destaque","embeddable":true,"href":"https:\/\/www.agrobase.com.br\/concursos\/wp-json\/wp\/v2\/destaque?post=201281"},{"taxonomy":"instituicoes","embeddable":true,"href":"https:\/\/www.agrobase.com.br\/concursos\/wp-json\/wp\/v2\/instituicoes?post=201281"}],"curies":[{"name":"wp","href":"https:\/\/api.w.org\/{rel}","templated":true}]}}