{"id":201263,"date":"2023-02-27T07:30:25","date_gmt":"2023-02-27T10:30:25","guid":{"rendered":"https:\/\/www.agrobase.com.br\/concursos\/?p=201263"},"modified":"2023-03-20T10:10:21","modified_gmt":"2023-03-20T13:10:21","slug":"concurso-publico-uff-rj-edital-190-2022","status":"publish","type":"post","link":"https:\/\/www.agrobase.com.br\/concursos\/2023\/concurso-publico-uff-rj-edital-190-2022\/","title":{"rendered":"Concurso P\u00fablico UFF &#8211; RJ | Edital 190\/2022"},"content":{"rendered":"<p>Aberto novo edital de Concurso P\u00fablico da <a href=\"https:\/\/www.uff.br\/\" target=\"_blank\" rel=\"noopener\">UFF<\/a>, no Rio de Janeiro, com o objetivo de preencher 186 vagas para o cargo de T\u00e9cnicos Administrativos.<\/p>\n<h2>Cargos e Remunera\u00e7\u00e3o<\/h2>\n<p>As mais de <strong>180<\/strong> oportunidades citadas no edital 190\/2022 da Universidade Federal Fluminense (UFF), requisitam forma\u00e7\u00e3o em ensino m\u00e9dio, t\u00e9cnico ou superior, dependendo do cargo:<\/p>\n<p><strong>Angra dos Reis:<\/strong> Assistente em Administra\u00e7\u00e3o (1);<br \/>\n<strong>Cachoeiras de Macacu:<\/strong> <a href=\"https:\/\/www.agrobase.com.br\/concursos\/vagas\/tecnico-agropecuaria\/\" rel=\"noopener\" target=\"_blank\">T\u00e9cnico em Agropecu\u00e1ria<\/a> (1);<br \/>\n<strong>Campos dos Goytacazes:<\/strong> Assistente em administra\u00e7\u00e3o (3); T\u00e9cnico em Enfermagem (1);<br \/>\n<strong>Maca\u00e9:<\/strong> M\u00e9dico\/\u00c1rea: Cl\u00ednica M\u00e9dica (1); T\u00e9cnico em Enfermagem (1);<br \/>\n<strong>Niter\u00f3i:<\/strong> Administrador (14); Analista de Tecnologia da Informa\u00e7\u00e3o (20); Arquiteto e Urbanista (3); Assistente em Administra\u00e7\u00e3o (65); Assistente Social (2); Contador (1); Engenheiro\/\u00c1rea: Civil (3); Engenheiro\/\u00c1rea: El\u00e9trica (1); Engenheiro de Seguran\u00e7a do Trabalho (4); Fisioterapeuta (1); Fonoaudi\u00f3logo (1); Historiador (1); M\u00e9dico\/\u00c1rea: Urologia (2); <a href=\"https:\/\/www.agrobase.com.br\/concursos\/vagas\/veterinaria\/\" rel=\"noopener\" target=\"_blank\">M\u00e9dico Veterin\u00e1rio<\/a> (2); <a href=\"https:\/\/www.agrobase.com.br\/concursos\/vagas\/nutricao\/\" rel=\"noopener\" target=\"_blank\">Nutricionista<\/a>\/ Habilita\u00e7\u00e3o: Cl\u00ednica (1); Pedagogo (2); Soci\u00f3logo (1); T\u00e9cnico de Laborat\u00f3rio\/\u00c1rea: An\u00e1lises Cl\u00ednicas (2); T\u00e9cnico de Laborat\u00f3rio\/\u00c1rea: Biotecnologia (2); T\u00e9cnico de Laborat\u00f3rio\/\u00c1rea: Edifica\u00e7\u00f5es (2); T\u00e9cnico de Laborat\u00f3rio\/\u00c1rea: Histologia (1); T\u00e9cnico de Laborat\u00f3rio\/\u00c1rea: Inform\u00e1tica (2); T\u00e9cnico de Laborat\u00f3rio\/\u00c1rea: Mec\u00e2nica (1); T\u00e9cnico de Laborat\u00f3rio \u00c1rea: Museologia (2); T\u00e9cnico de Tecnologia da Informa\u00e7\u00e3o (5); T\u00e9cnico em Contabilidade (3); T\u00e9cnico em Enfermagem (3); T\u00e9cnico em Farm\u00e1cia (3); T\u00e9cnico em Assuntos Educacionais (7); Tecn\u00f3logo\/Forma\u00e7\u00e3o: Comunica\u00e7\u00e3o Social (2); Tecn\u00f3logo\/Forma\u00e7\u00e3o: Gest\u00e3o P\u00fablica (1).<br \/>\n<strong>Nova Friburgo:<\/strong> M\u00e9dico\/\u00c1rea: Cl\u00ednica M\u00e9dica (1); T\u00e9cnico em Enfermagem (1);<br \/>\n<strong>Petr\u00f3polis:<\/strong> Administrador (1); Assistente em Administra\u00e7\u00e3o: (1); M\u00e9dico\/\u00c1rea: Cl\u00ednica M\u00e9dica (1); M\u00e9dico\/\u00c1rea: Medicina do Trabalho (1); T\u00e9cnico em Enfermagem (1);<br \/>\n<strong>Santo Ant\u00f4nio de P\u00e1dua:<\/strong> M\u00e9dico\/\u00c1rea: Cl\u00ednica M\u00e9dica (1); M\u00e9dico\/\u00c1rea: Medicina do Trabalho (1); T\u00e9cnico em Enfermagem (1);<br \/>\n<strong>Volta Redonda:<\/strong> Assistente em Administra\u00e7\u00e3o (1); M\u00e9dico\/\u00c1rea: Cl\u00ednica M\u00e9dica (1); T\u00e9cnico de Laborat\u00f3rio\/\u00c1rea: Inform\u00e1tica (1); T\u00e9cnico de Laborat\u00f3rio\/\u00c1rea: Mec\u00e2nica (1); T\u00e9cnico em Enfermagem (1).<\/p>\n<p>Os trabalhadores admitidos dever\u00e3o exercer as fun\u00e7\u00f5es docentes em jornadas de <strong>40 horas<\/strong> por semana, os m\u00e9dicos v\u00e3o cumprir 20h e os fisioterapeutas 30 horas semanais. A remunera\u00e7\u00e3o pode variar de acordo com o fun\u00e7\u00e3o, indo desde <strong>R$ 2.446,96<\/strong> at\u00e9 <strong>R$ 4.180,66<\/strong>.<\/p>\n<h2>Inscri\u00e7\u00e3o Concurso P\u00fablico UFF<\/h2>\n<p>Os interessados podem se inscrever nas datas abaixo:<\/p>\n<p>Por meio do seguintes endere\u00e7o eletr\u00f4nico &#8211; http:\/\/portal.coseac.uff.br\/project\/concursouff2023\/ &#8211; durante o per\u00edodo de das 12h do dia <strong>01 de mar\u00e7o de 2023<\/strong> at\u00e9 \u00e0s 12h do dia <strong>21 de mar\u00e7o de 2023<\/strong>.<\/p>\n<p>Para as inscri\u00e7\u00f5es s\u00e3o cobradas taxas de participa\u00e7\u00e3o de <strong>R$ 100,00<\/strong> a <strong>R$ 160,00<\/strong>, conforme o cargo.<\/p>\n<h2>Provas<\/h2>\n<p>O Concurso P\u00fablico da UFF ter\u00e1:<\/p>\n<ol>\n<li><strong>Prova Escrita.<\/strong><\/li>\n<li><strong>Prova de Reda\u00e7\u00e3o.<\/strong><\/li>\n<\/ol>\n<p>As etapas acima devem ser aplicadas em <strong>16<\/strong> e <strong>30 de abril de 2023<\/strong>, atentem-se ao site da organizadora para poss\u00edveis mudan\u00e7as nas datas do certame.<\/p>\n<h2>Resultado Concurso P\u00fablico UFF<\/h2>\n<p>At\u00e9 o momento sua data de publica\u00e7\u00e3o n\u00e3o \u00e9 informada, sendo que o mesmo poder\u00e1 ser consultado no DOU e no site da UFF.<\/p>\n","protected":false},"excerpt":{"rendered":"<p>Aberto novo edital de Concurso P\u00fablico da UFF, no Rio de Janeiro, com o objetivo de preencher 186 vagas para o cargo de T\u00e9cnicos Administrativos.<\/p>\n","protected":false},"author":7,"featured_media":201265,"comment_status":"open","ping_status":"open","sticky":false,"template":"","format":"standard","meta":{"_acf_changed":false,"_breakdance_hide_in_design_set":false,"_breakdance_tags":"","footnotes":""},"categories":[3,5,9,120,14,103,152,18,19,100,21,22,23,25,101,118,30,128,108,130,161,159],"tags":[56],"_amplo":[],"destaque":[],"instituicoes":[325],"class_list":["post-201263","post","type-post","status-publish","format-standard","has-post-thumbnail","hentry","category-administracao","category-arquitetura","category-ciencias-contabeis","category-comunicacao-social","category-engenharia","category-engenharia-eletrica","category-engenharia-seguranca-trabalho","category-fisioterapia","category-fonoaudiologia","category-historia","category-medicina","category-veterinaria","category-nutricao","category-pedagogia","category-servico-social","category-sociologia","category-tecnico-agropecuaria","category-tecnico-em-contabilidade","category-tecnico-enfermagem","category-tecnico-informatica","category-tecnico-laboratorio","category-tecnologia-da-informacao","tag-rio-de-janeiro","instituicoes-universidade-federal-fluminense-uff"],"acf":{"_tipo_vagas":"vagas","_numero_vagas":186,"_quadro_vagas":null,"_cargos":"t\u00e9cnicos administrativos","_cargos_especificos":"","_salario_max":"R$","_abertura":"20230301","_encerramento":"20230321","_inscricoes":"","_executora_concurso":66539,"_instituicao_concurso":[325],"_link_adicional":null,"_anexos":[{"_arquivo_anexo":201264,"_titulo_anexo":"Edital 190\/2022"}],"_produtos":null,"_vagas":"","_salario_min":"","_instituicao":"","_edital":"","_anexos_edital":"","_fund_incompleto":"","_fund_completo":"","_medio":"","_superior":""},"_links":{"self":[{"href":"https:\/\/www.agrobase.com.br\/concursos\/wp-json\/wp\/v2\/posts\/201263","targetHints":{"allow":["GET"]}}],"collection":[{"href":"https:\/\/www.agrobase.com.br\/concursos\/wp-json\/wp\/v2\/posts"}],"about":[{"href":"https:\/\/www.agrobase.com.br\/concursos\/wp-json\/wp\/v2\/types\/post"}],"author":[{"embeddable":true,"href":"https:\/\/www.agrobase.com.br\/concursos\/wp-json\/wp\/v2\/users\/7"}],"replies":[{"embeddable":true,"href":"https:\/\/www.agrobase.com.br\/concursos\/wp-json\/wp\/v2\/comments?post=201263"}],"version-history":[{"count":0,"href":"https:\/\/www.agrobase.com.br\/concursos\/wp-json\/wp\/v2\/posts\/201263\/revisions"}],"acf:term":[{"embeddable":true,"taxonomy":"instituicoes","href":"https:\/\/www.agrobase.com.br\/concursos\/wp-json\/wp\/v2\/instituicoes\/325"}],"acf:post":[{"embeddable":true,"href":"https:\/\/www.agrobase.com.br\/concursos\/wp-json\/wp\/v2\/executora\/66539"}],"wp:featuredmedia":[{"embeddable":true,"href":"https:\/\/www.agrobase.com.br\/concursos\/wp-json\/wp\/v2\/media\/201265"}],"wp:attachment":[{"href":"https:\/\/www.agrobase.com.br\/concursos\/wp-json\/wp\/v2\/media?parent=201263"}],"wp:term":[{"taxonomy":"category","embeddable":true,"href":"https:\/\/www.agrobase.com.br\/concursos\/wp-json\/wp\/v2\/categories?post=201263"},{"taxonomy":"post_tag","embeddable":true,"href":"https:\/\/www.agrobase.com.br\/concursos\/wp-json\/wp\/v2\/tags?post=201263"},{"taxonomy":"_amplo","embeddable":true,"href":"https:\/\/www.agrobase.com.br\/concursos\/wp-json\/wp\/v2\/_amplo?post=201263"},{"taxonomy":"destaque","embeddable":true,"href":"https:\/\/www.agrobase.com.br\/concursos\/wp-json\/wp\/v2\/destaque?post=201263"},{"taxonomy":"instituicoes","embeddable":true,"href":"https:\/\/www.agrobase.com.br\/concursos\/wp-json\/wp\/v2\/instituicoes?post=201263"}],"curies":[{"name":"wp","href":"https:\/\/api.w.org\/{rel}","templated":true}]}}