{"id":200968,"date":"2023-01-11T08:20:30","date_gmt":"2023-01-11T11:20:30","guid":{"rendered":"https:\/\/www.agrobase.com.br\/concursos\/?p=200968"},"modified":"2023-01-24T13:16:26","modified_gmt":"2023-01-24T16:16:26","slug":"processo-seletivo-feira-de-santana-ba-edital-001-2022","status":"publish","type":"post","link":"https:\/\/www.agrobase.com.br\/concursos\/2023\/processo-seletivo-feira-de-santana-ba-edital-001-2022\/","title":{"rendered":"Processo Seletivo Feira de Santana &#8211; BA | Edital 001\/2022 [Prorrogado]"},"content":{"rendered":"<p>A Prefeitura de Feira de Santana (BA) publicou o edital do Processo Seletivo 001\/2022, visando preenchimento de 486 vagas e formar cadastro reserva, para profissionais de n\u00edvel fundamental, m\u00e9dio, t\u00e9cnico e superior.<\/p>\n<h2>Cargos e Remunera\u00e7\u00f5es<\/h2>\n<p>Para esse certame da cidade de Feira de Santana s\u00e3o ofertadas 486 vagas, al\u00e9m de forma\u00e7\u00e3o de cadastro reserva, divididas entre cargos de n\u00edvel fundamental, m\u00e9dio, t\u00e9cnico e superior. As oportunidades disponibilizadas s\u00e3o para os seguintes cargos:<\/p>\n<p>Administrador (3); Advogado (12); Analista Jur\u00eddico (12); Analista De Sistemas (6); Arquiteto (1); Assistente Social (30); Bi\u00f3logo (1); Bibliotec\u00e1rio (1); Coordenador (4); Contador (12); Educador F\u00edsico (2); Enfermeiro (10); Enfermeiro do Trabalho (2); Engenheiro Civil (3); Engenheiro Agr\u00f4nomo (1); Engenheiro de Tr\u00e2nsito (2); Engenheiro de Seg do Trabalho (1); Engenheiro Ambiental (2); Farmac\u00eautico (1); Ge\u00f3logo (1); M\u00e9dico (2); M\u00e9dico Veterin\u00e1rio (2); Medico de Seguran\u00e7a do Trabalho (2); Nutricionista (4); Odont\u00f3logo (2); Programador de Computador (5); Pedagogo (30); Psic\u00f3logo (20); Rep\u00f3rter Fotogr\u00e1fico (1); Rep\u00f3rter (1); Agente de Zoonose (10); Almoxarife (2); Assistente Administrativo (50); Auxiliar de Enfermagem (2); Cuidador (55); Mec. de Maquinas e Ve\u00edculos (2); Motorista (10); Orientador Social (7); Tec. em Adm. Hospitalar (5); Tec. em Agropecu\u00e1ria (1); T\u00e9cnico em Engenharia (1); Tec. em Enfermagem (10); T\u00e9cnico em Laborat\u00f3rio (1); T\u00e9cnico em Nutri\u00e7\u00e3o (1); T\u00e9cnico em Radiologia (1); Tec. em Seg. do Trabalho (2); Agente de Servi\u00e7os Gerais (30); Ag. de Serv. Hospitalares (10); Agente de Vigil\u00e2ncia (30); Instrutor de Of\u00edcio &#8211; Artesanato (4); Instrutor de Of\u00edcio &#8211; Culin\u00e1ria (2); Instrutor de Of\u00edcio &#8211; Dan\u00e7a de Sal\u00e3o (2); Instrutor de Of\u00edcio &#8211; Capoeira (2); Instrutor de Of\u00edcio &#8211; Percuss\u00e3o (2); Instrutor de Of\u00edcio &#8211; Karat\u00ea (3); Instrutor de Of\u00edcio &#8211; Viol\u00e3o (4); Instrutor de Of\u00edcio &#8211; Flauta Doce (2); Instrutor de Of\u00edcio &#8211; Ballet Infantil (3); Instrutor de Of\u00edcio &#8211; Street Dance (2); Instrutor de Of\u00edcio &#8211; Musica (4) e Merendeira (50).<\/p>\n<p>As remunera\u00e7\u00f5es variam entre os valores de R$ 1.212,00 a R$ 2.600,67 ao m\u00eas, com carga hor\u00e1ria entre 20h e 40 horas semanais.<\/p>\n<h2>Inscri\u00e7\u00f5es<\/h2>\n<p>De acordo com o edital de abertura do processo seletivo, as inscri\u00e7\u00f5es ser\u00e3o recebidas de 23 de dezembro de 2022 ao dia <del datetime=\"2023-01-10T19:02:27+00:00\">04 de janeiro de 2023<\/del>12 de janeiro de 2023, exclusivamente via internet, mediante pagamento de taxa de inscri\u00e7\u00e3o que varia de R$ 28,00 a R$ 50,00.<\/p>\n<h2>Avalia\u00e7\u00f5es<\/h2>\n<p>O processo seletivo de que trata este edital ser\u00e1 composto das seguintes etapas:<\/p>\n<ol>\n<li><strong>Prova objetiva<\/strong>. Com aplica\u00e7\u00e3o prevista para o dia <strong>12 de fevereiro de 2023<\/strong>.<\/li>\n<li><strong>Prova de t\u00edtulos.<\/strong><\/li>\n<li><strong>Prova de sanidade f\u00edsica e mental.<\/strong><\/li>\n<\/ol>\n<p>&nbsp;<\/p>\n<h2>Resultado Final<\/h2>\n<p>O resultado final ser\u00e1 homologado pelo Prefeito Municipal, e publicado no Di\u00e1rio Oficial do Munic\u00edpio na data prevista de 26 de mar\u00e7o de 2023.<\/p>\n","protected":false},"excerpt":{"rendered":"<p>A Prefeitura de Feira de Santana (BA) publicou o edital do Processo Seletivo 001\/2022, visando preenchimento de 486 vagas e formar cadastro reserva, para profissionais de n\u00edvel fundamental, m\u00e9dio, t\u00e9cnico e superior.<\/p>\n","protected":false},"author":1900,"featured_media":200990,"comment_status":"open","ping_status":"open","sticky":false,"template":"","format":"standard","meta":{"_acf_changed":false,"_breakdance_hide_in_design_set":false,"_breakdance_tags":"","footnotes":""},"categories":[3,4,5,94,6,9,10,11,12,13,14,152,17,115,21,22,23,24,25,26,101,30,108,161,157],"tags":[42],"_amplo":[],"destaque":[],"instituicoes":[823],"class_list":["post-200968","post","type-post","status-publish","format-standard","has-post-thumbnail","hentry","category-administracao","category-agronomia","category-arquitetura","category-biblioteconomia","category-biologia","category-ciencias-contabeis","category-direito","category-educacao-fisica","category-enfermagem","category-engenharia-ambiental","category-engenharia","category-engenharia-seguranca-trabalho","category-farmacia","category-geologia","category-medicina","category-veterinaria","category-nutricao","category-odontologia","category-pedagogia","category-psicologia","category-servico-social","category-tecnico-agropecuaria","category-tecnico-enfermagem","category-tecnico-laboratorio","category-tecnico-seguranca-trabalho","tag-bahia","instituicoes-prefeitura-municipal-de-feira-de-santana-ba"],"acf":{"_tipo_vagas":"vagas","_numero_vagas":486,"_quadro_vagas":null,"_cargos":"diversos","_cargos_especificos":"","_salario_max":"R$","_abertura":"20221223","_encerramento":"20230112","_inscricoes":"","_executora_concurso":138654,"_instituicao_concurso":[823],"_link_adicional":null,"_anexos":[{"_arquivo_anexo":200969,"_titulo_anexo":"Edital 001\/2022"},{"_arquivo_anexo":201698,"_titulo_anexo":"Edital de Prorroga\u00e7\u00e3o"}],"_produtos":null,"_vagas":"","_salario_min":"","_instituicao":"","_edital":"","_anexos_edital":"","_fund_incompleto":"","_fund_completo":"","_medio":"","_superior":""},"_links":{"self":[{"href":"https:\/\/www.agrobase.com.br\/concursos\/wp-json\/wp\/v2\/posts\/200968","targetHints":{"allow":["GET"]}}],"collection":[{"href":"https:\/\/www.agrobase.com.br\/concursos\/wp-json\/wp\/v2\/posts"}],"about":[{"href":"https:\/\/www.agrobase.com.br\/concursos\/wp-json\/wp\/v2\/types\/post"}],"author":[{"embeddable":true,"href":"https:\/\/www.agrobase.com.br\/concursos\/wp-json\/wp\/v2\/users\/1900"}],"replies":[{"embeddable":true,"href":"https:\/\/www.agrobase.com.br\/concursos\/wp-json\/wp\/v2\/comments?post=200968"}],"version-history":[{"count":0,"href":"https:\/\/www.agrobase.com.br\/concursos\/wp-json\/wp\/v2\/posts\/200968\/revisions"}],"acf:term":[{"embeddable":true,"taxonomy":"instituicoes","href":"https:\/\/www.agrobase.com.br\/concursos\/wp-json\/wp\/v2\/instituicoes\/823"}],"acf:post":[{"embeddable":true,"href":"https:\/\/www.agrobase.com.br\/concursos\/wp-json\/wp\/v2\/executora\/138654"}],"wp:featuredmedia":[{"embeddable":true,"href":"https:\/\/www.agrobase.com.br\/concursos\/wp-json\/wp\/v2\/media\/200990"}],"wp:attachment":[{"href":"https:\/\/www.agrobase.com.br\/concursos\/wp-json\/wp\/v2\/media?parent=200968"}],"wp:term":[{"taxonomy":"category","embeddable":true,"href":"https:\/\/www.agrobase.com.br\/concursos\/wp-json\/wp\/v2\/categories?post=200968"},{"taxonomy":"post_tag","embeddable":true,"href":"https:\/\/www.agrobase.com.br\/concursos\/wp-json\/wp\/v2\/tags?post=200968"},{"taxonomy":"_amplo","embeddable":true,"href":"https:\/\/www.agrobase.com.br\/concursos\/wp-json\/wp\/v2\/_amplo?post=200968"},{"taxonomy":"destaque","embeddable":true,"href":"https:\/\/www.agrobase.com.br\/concursos\/wp-json\/wp\/v2\/destaque?post=200968"},{"taxonomy":"instituicoes","embeddable":true,"href":"https:\/\/www.agrobase.com.br\/concursos\/wp-json\/wp\/v2\/instituicoes?post=200968"}],"curies":[{"name":"wp","href":"https:\/\/api.w.org\/{rel}","templated":true}]}}