{"id":200734,"date":"2022-12-21T09:10:43","date_gmt":"2022-12-21T12:10:43","guid":{"rendered":"https:\/\/www.agrobase.com.br\/concursos\/?p=200734"},"modified":"2022-12-19T23:55:55","modified_gmt":"2022-12-20T02:55:55","slug":"concurso-publico-ufjf-mg-edital-095-2022","status":"publish","type":"post","link":"https:\/\/www.agrobase.com.br\/concursos\/2022\/concurso-publico-ufjf-mg-edital-095-2022\/","title":{"rendered":"Concurso P\u00fablico UFJF &#8211; MG | Edital 095\/2022"},"content":{"rendered":"<p>\u00c9 lan\u00e7ado edital de Concurso P\u00fablico da <a title=\"Universidade Federal de Juiz de Fora\" href=\"https:\/\/ufjf.edu.br\/\" target=\"_blank\" rel=\"noopener\">UFJF<\/a>, visando preencher 25 vagas para o cargo de Professor nos Campi Juiz de Fora e Governador Valadares.<\/p>\n<h2>Cargos e Remunera\u00e7\u00e3o<\/h2>\n<p>Foi definido pelo Edital de abertura 095\/2022 que o Concurso P\u00fablico da Universidade Federal de Juiz de Fora (UFJF) deve preencher <strong>25 vagas<\/strong> de professores do magist\u00e9rio superior em diversas \u00e1reas de atua\u00e7\u00e3o.<\/p>\n<p>Confiram as oportunidades dispon\u00edveis abaixo:<\/p>\n<p>Jornalismo gr\u00e1fico e visual, Comunica\u00e7\u00e3o visual e design digital e Jornalismo digital (1); Macroeconomia e Crescimento Econ\u00f4mico (1); Ensino de Ci\u00eancia da Religi\u00e3o (1); Treinamento Desportivo e Treinamento F\u00edsico (1); Gera\u00e7\u00e3o de Energia El\u00e9trica, Efici\u00eancia e Gest\u00e3o Energ\u00e9tica, Fontes Prim\u00e1rias e Alternativas de Energia, Energia e Meio-Ambiente, Planejamento e Opera\u00e7\u00e3o de Sistemas El\u00e9tricos de Pot\u00eancia e Forma\u00e7\u00e3o de Pre\u00e7os em Mercados de Energia (1); Psiquiatria, Antropologia, Psicologia M\u00e9dica 1 e Psicologia M\u00e9dica 2, Est\u00e1gio de Aplica\u00e7\u00e3o em Cl\u00ednica M\u00e9dica e Temas Integradores de Cl\u00ednica Ampliada (2); Dermatologia e Temas Integradores de Cl\u00ednica Ampliada (1); Cardiologia, Semiologia e Temas Integradores de Cl\u00ednica Ampliada (1); Pediatria: Introdu\u00e7\u00e3o \u00e0 Pr\u00e1tica M\u00e9dica (IPM), Temas Integradores da Cl\u00ednica Ampliada (TICA), Semiologia Pedi\u00e1trica, Medicina da Crian\u00e7a I, Medicina da Crian\u00e7a II, Est\u00e1gio de Aplica\u00e7\u00e3o em Pediatria (1); Pediatria: Introdu\u00e7\u00e3o \u00e0 Pr\u00e1tica M\u00e9dica (IPM), Temas Integradores da Cl\u00ednica Ampliada (TICA), Semiologia Pedi\u00e1trica, Medicina da Crian\u00e7a I, Medicina da Crian\u00e7a II, Est\u00e1gio de Aplica\u00e7\u00e3o em Pediatria (1); Patologia Cir\u00fargica, Citopatologia, Preceptoria em Resid\u00eancia M\u00e9dica em Anatomia Patol\u00f3gica, Preceptoria nos Est\u00e1gios de Aplica\u00e7\u00e3o em Medicina Ambulatorial Multidisciplinar, Temas Integradores de Cl\u00ednica Ampliada (1); Sistemas de Sa\u00fade; Aten\u00e7\u00e3o Prim\u00e1ria \u00e0 Sa\u00fade, Vigil\u00e2ncia em Sa\u00fade, Sa\u00fade Ambiental (1); Estomatologia (1); Endodontia (1); Composi\u00e7\u00e3o Musical, M\u00fasica e Tecnologia (1); Farmacologia (1); Ci\u00eancias Biol\u00f3gicas, Zoologia de Aves (1); Fot\u00f4nica e Espectroscopia \u00d3tica de Materiais (1); Anatomia Humana (1); Fisioterapia Musculoesquel\u00e9tica e Est\u00e1gio Supervisionado em Fisioterapia (1); Psiquiatria e Semiologia (1); Cardiologia e Cirurgia Vascular (1); Pr\u00f3tese Dent\u00e1ria, Oclus\u00e3o e Cl\u00ednica Odontol\u00f3gica (1); Criminologia, Direito Penal e Direito Processual Penal (1).<\/p>\n<p>Os profissionais contratados receber\u00e3o remunera\u00e7\u00e3o de R$ 2.236,32 a R$ 4.472,64, podendo haver retribui\u00e7\u00e3o por titula\u00e7\u00e3o de at\u00e9 R$ 5.143,54, totalizando R$ 9.616,18, para atua\u00e7\u00e3o em jornadas de 20h a\u00a040 horas semanais.<\/p>\n<h2>Inscri\u00e7\u00f5es<\/h2>\n<p><strong>Per\u00edodo de Inscri\u00e7\u00e3o:<\/strong> de 31 de janeiro de 2023 ao dia 02 de mar\u00e7o de 2023.<br \/>\n<strong>Local e Hor\u00e1rio de Inscri\u00e7\u00e3o:<\/strong> o candidato dever\u00e1 acessar a Se\u00e7\u00e3o de Concursos da Universidade Federal de Juiz de Fora por meio do website <a href=\"http:\/\/www.concurso.ufjf.br\/\" target=\"_blank\" rel=\"noopener\">www.concurso.ufjf.br<\/a>.<br \/>\n<strong>Valor da inscri\u00e7\u00e3o:<\/strong> R$ 150,00.<\/p>\n<h2>Provas<\/h2>\n<p>O presente concurso da UFJF constar\u00e1 das seguintes provas:<\/p>\n<ol>\n<li><strong>Prova Escrita\/Dissertativa.<\/strong><\/li>\n<li><strong>Prova Pr\u00e1tica.<\/strong><\/li>\n<li><strong>Prova Did\u00e1tica.<\/strong><\/li>\n<li><strong>Prova de Memorial e Plano de Atua\u00e7\u00e3o Profissional.<\/strong><\/li>\n<li><strong>Prova de T\u00edtulos.<\/strong><\/li>\n<\/ol>\n<h2>Informa\u00e7\u00f5es<\/h2>\n<p>Mais detalhes acerca do andamento do Concurso da UFJF devem ser acompanhados na p\u00e1gina de concursos da Universidade.<\/p>\n","protected":false},"excerpt":{"rendered":"<p>\u00c9 lan\u00e7ado edital de Concurso P\u00fablico da UFJF, visando preencher 25 vagas para o cargo de Professor nos Campi Juiz de Fora e Governador Valadares. Cargos e Remunera\u00e7\u00e3o Foi definido pelo Edital de abertura 095\/2022 que o Concurso P\u00fablico da Universidade Federal de Juiz de Fora (UFJF) deve preencher 25 vagas de professores do magist\u00e9rio [&hellip;]<\/p>\n","protected":false},"author":1900,"featured_media":200736,"comment_status":"open","ping_status":"open","sticky":false,"template":"","format":"standard","meta":{"_acf_changed":false,"_breakdance_hide_in_design_set":false,"_breakdance_tags":"","footnotes":""},"categories":[120,6,10,117,11,17,99,21,119,24],"tags":[50],"_amplo":[],"destaque":[],"instituicoes":[707],"class_list":["post-200734","post","type-post","status-publish","format-standard","has-post-thumbnail","hentry","category-comunicacao-social","category-biologia","category-direito","category-economia","category-educacao-fisica","category-farmacia","category-jornalismo","category-medicina","category-musica","category-odontologia","tag-minas-gerais","instituicoes-universidade-federal-de-juiz-de-fora-ufjf"],"acf":{"_tipo_vagas":"vagas","_numero_vagas":25,"_quadro_vagas":null,"_cargos":"professores","_cargos_especificos":"","_salario_max":"R$","_abertura":"20230131","_encerramento":"20230302","_inscricoes":"","_executora_concurso":"","_instituicao_concurso":[707],"_link_adicional":null,"_anexos":[{"_arquivo_anexo":200735,"_titulo_anexo":"Edital 095\/2022"}],"_produtos":null,"_vagas":"","_salario_min":"","_instituicao":"","_edital":"","_anexos_edital":"","_fund_incompleto":"","_fund_completo":"","_medio":"","_superior":""},"_links":{"self":[{"href":"https:\/\/www.agrobase.com.br\/concursos\/wp-json\/wp\/v2\/posts\/200734","targetHints":{"allow":["GET"]}}],"collection":[{"href":"https:\/\/www.agrobase.com.br\/concursos\/wp-json\/wp\/v2\/posts"}],"about":[{"href":"https:\/\/www.agrobase.com.br\/concursos\/wp-json\/wp\/v2\/types\/post"}],"author":[{"embeddable":true,"href":"https:\/\/www.agrobase.com.br\/concursos\/wp-json\/wp\/v2\/users\/1900"}],"replies":[{"embeddable":true,"href":"https:\/\/www.agrobase.com.br\/concursos\/wp-json\/wp\/v2\/comments?post=200734"}],"version-history":[{"count":0,"href":"https:\/\/www.agrobase.com.br\/concursos\/wp-json\/wp\/v2\/posts\/200734\/revisions"}],"acf:term":[{"embeddable":true,"taxonomy":"instituicoes","href":"https:\/\/www.agrobase.com.br\/concursos\/wp-json\/wp\/v2\/instituicoes\/707"}],"wp:featuredmedia":[{"embeddable":true,"href":"https:\/\/www.agrobase.com.br\/concursos\/wp-json\/wp\/v2\/media\/200736"}],"wp:attachment":[{"href":"https:\/\/www.agrobase.com.br\/concursos\/wp-json\/wp\/v2\/media?parent=200734"}],"wp:term":[{"taxonomy":"category","embeddable":true,"href":"https:\/\/www.agrobase.com.br\/concursos\/wp-json\/wp\/v2\/categories?post=200734"},{"taxonomy":"post_tag","embeddable":true,"href":"https:\/\/www.agrobase.com.br\/concursos\/wp-json\/wp\/v2\/tags?post=200734"},{"taxonomy":"_amplo","embeddable":true,"href":"https:\/\/www.agrobase.com.br\/concursos\/wp-json\/wp\/v2\/_amplo?post=200734"},{"taxonomy":"destaque","embeddable":true,"href":"https:\/\/www.agrobase.com.br\/concursos\/wp-json\/wp\/v2\/destaque?post=200734"},{"taxonomy":"instituicoes","embeddable":true,"href":"https:\/\/www.agrobase.com.br\/concursos\/wp-json\/wp\/v2\/instituicoes?post=200734"}],"curies":[{"name":"wp","href":"https:\/\/api.w.org\/{rel}","templated":true}]}}