{"id":198222,"date":"2022-10-31T09:00:40","date_gmt":"2022-10-31T12:00:40","guid":{"rendered":"https:\/\/www.agrobase.com.br\/concursos\/?p=198222"},"modified":"2022-10-28T16:59:32","modified_gmt":"2022-10-28T19:59:32","slug":"processos-seletivos-furb-sc-edital-047-048-049-050-051-e-052-2022","status":"publish","type":"post","link":"https:\/\/www.agrobase.com.br\/concursos\/2022\/processos-seletivos-furb-sc-edital-047-048-049-050-051-e-052-2022\/","title":{"rendered":"Processos Seletivos FURB &#8211; SC | Edital 047, 048, 049, 050, 051 e 052\/2022"},"content":{"rendered":"<p>Abertos seis Processos Seletivos pela <a href=\"http:\/\/www.furb.br\/\" title=\"Funda\u00e7\u00e3o Universidade Regional de Blumenau\" target=\"_blank\" rel=\"noopener\">FURB &#8211; SC<\/a> para contrata\u00e7\u00e3o tempor\u00e1ria de professores universit\u00e1rios em car\u00e1ter tempor\u00e1rio.<\/p>\n<h2>Cargos e Remunera\u00e7\u00e3o<\/h2>\n<p>Os editais 047\/2022, 048\/2022, 049\/2022, 050\/2022, 051\/2022 e 052\/2022 de Processo Seletivo da Universidade Regional de Blumenau (FURB) destina-se a suprir a demanda de professores universit\u00e1rios para as seguintes \u00e1reas:<\/p>\n<p><strong>Edital 047\/2022:<\/strong> \u00e1rea tem\u00e1tica de produ\u00e7\u00e3o publicitaria, nas disciplinas de produ\u00e7\u00e3o eletr\u00f4nica em publicidade I, II e III; produ\u00e7\u00e3o de v\u00eddeo na moda; comunica\u00e7\u00e3o transm\u00eddia na moda, do Departamento de Comunica\u00e7\u00e3o, do Centro de Ci\u00eancias Humanas e da Comunica\u00e7\u00e3o;<\/p>\n<p><strong>Edital 048\/2022:<\/strong> \u00e1rea tem\u00e1tica de teorias da comunica\u00e7\u00e3o, nas disciplinas de teorias da comunica\u00e7\u00e3o I e teorias da comunica\u00e7\u00e3o II, do Departamento de Comunica\u00e7\u00e3o, do Centro de Ci\u00eancias Humanas e da Comunica\u00e7\u00e3o;<\/p>\n<p><strong>Edital 049\/2022:<\/strong> \u00e1rea tem\u00e1tica de reda\u00e7\u00e3o publicit\u00e1ria, nas disciplinas de reda\u00e7\u00e3o publicit\u00e1ria I &#8211; impressa, reda\u00e7\u00e3o publicit\u00e1ria II (audiovisual) e reda\u00e7\u00e3o publicit\u00e1ria IV &#8211; campanha, do Departamento de Comunica\u00e7\u00e3o, do Centro de Ci\u00eancias Humanas e da Comunica\u00e7\u00e3o;<\/p>\n<p><strong>Edital 050\/2022:<\/strong> \u00e1rea Tem\u00e1tica de Hist\u00f3ria, nas Disciplinas de Hist\u00f3ria I; Hist\u00f3ria II; Hist\u00f3ria da Cultura; Afro-brasileira e Ind\u00edgena; Hist\u00f3ria da Educa\u00e7\u00e3o; Disciplina Optativa I; Disciplina Optativa II; Ensino de Hist\u00f3ria e Transversalidade; Est\u00e1gio em Hist\u00f3ria I; Est\u00e1gio em Hist\u00f3ria II; Est\u00e1gio em Hist\u00f3ria III; Est\u00e1gio em Hist\u00f3ria IV; Hist\u00f3ria Antiga I; Hist\u00f3ria Antiga II; Hist\u00f3ria Contempor\u00e2nea I; Hist\u00f3ria Contempor\u00e2nea II; Hist\u00f3ria Contempor\u00e2nea III; Hist\u00f3ria da Am\u00e9rica I; Hist\u00f3ria da Am\u00e9rica II; Hist\u00f3ria da Indument\u00e1ria e da Moda; Hist\u00f3ria da Moda e Cultura Brasileira; Hist\u00f3ria de Santa Catarina; Hist\u00f3ria do Brasil I; Hist\u00f3ria do Brasil II; Hist\u00f3ria do Brasil III; Hist\u00f3ria do Jornalismo; Hist\u00f3ria Econ\u00f4mica Geral; Hist\u00f3ria Medieval I; Hist\u00f3ria Medieval II; Hist\u00f3ria Moderna; Pr\u00e1tica de Pesquisa Hist\u00f3rica I; Pr\u00e1tica de Pesquisa Hist\u00f3rica II; Projeto de Pesquisa em Hist\u00f3ria; Teoria da Hist\u00f3ria e Hist\u00f3ria da Historiografia I; Teoria da Hist\u00f3ria e Hist\u00f3ria da Historiografia II; Teoria da Hist\u00f3ria e Hist\u00f3ria da Historiografia III; Teoria da Hist\u00f3ria e Hist\u00f3ria da Historiografia IV e Trabalho de Conclus\u00e3o de Curso (TCC), do Departamento de Hist\u00f3ria e Geografia, no Centro de Ci\u00eancias Humanas e da Comunica\u00e7\u00e3o;<\/p>\n<p><strong>Edital 051\/2022:<\/strong> \u00e1rea Tem\u00e1tica de Ingl\u00eas, nas disciplinas de L\u00edngua Inglesa I, II, III, IV, V, VI, VII, VIII; Ingl\u00eas IV, V, VI, VII, VIII; Ingl\u00eas Comercial para Com\u00e9rcio Exterior; T\u00f3picos em Tradu\u00e7\u00e3o; Ingl\u00eas Instrumental; Literatura Anglo-Americana I e II; Metodologia do Ensino de L\u00edngua Inglesa para Anos Iniciais; Teoria Liter\u00e1ria; Literatura Contempor\u00e2nea em L\u00edngua Inglesa; Est\u00e1gio Curricular Supervisionado de L\u00edngua Inglesa I, II, III, IV; Lingu\u00edstica I e II; Escrita Acad\u00eamica em Ingl\u00eas; Did\u00e1tica; Est\u00e1gio I, II,III, IV; TCC 1 e TTC 2, do Departamento de Letras, do Centro de Ci\u00eancias da Educa\u00e7\u00e3o, Artes e Letras;<\/p>\n<p><strong>Edital 052\/2022:<\/strong> \u00e1rea Tem\u00e1tica de Engenharia Organizacional, nas disciplinas de Gerenciamento de Projetos Industriais; Solu\u00e7\u00f5es de Manufatura Suportadas por Computador; Engenharia de Opera\u00e7\u00f5es em Servi\u00e7os, do Departamento de Engenharia de Produ\u00e7\u00e3o e Design, do Centro de Ci\u00eancias Tecnol\u00f3gicas.<\/p>\n<p>As remunera\u00e7\u00f5es partem de do valor de <strong>R$ 43,79<\/strong>, correspondente a cada hora-aula ministrada.<\/p>\n<h2>Inscri\u00e7\u00f5es<\/h2>\n<ul>\n<li><strong>Presencial:<\/strong> as inscri\u00e7\u00f5es poder\u00e3o ser realizadas entre os dias <strong>11 de novembro de 2022<\/strong> at\u00e9 o dia <strong>21 de novembro de 2022<\/strong>, na Divis\u00e3o de Gest\u00e3o e Desenvolvimento de Pessoas (DGDP), na sede da Universidade Regional de Blumenau (Furb), localizada na Rua Ant\u00f4nio da Veiga, n\u00ba. 140, na cidade de Blumenaum, Santa Catarina, Bloco A, Sala 108. O atendimento \u00e9 das 8h \u00e0s 12h e das 14h \u00e0s 18h.<\/li>\n<\/ul>\n<p>O valor da taxa de inscri\u00e7\u00e3o \u00e9 de <strong>R$ 86,57<\/strong>.<\/p>\n<h2>Provas<\/h2>\n<p>O Processo Seletivo ser\u00e1 realizado por meio das seguintes etapas nos hor\u00e1rios e locais descritos nos editais:<\/p>\n<ol>\n<li><strong>Provas Did\u00e1tica,<\/strong><\/li>\n<li><strong>Prova de T\u00edtulos.<\/strong><\/li>\n<\/ol>\n<h2>Resultados dos Processos Seletivos FURB<\/h2>\n<p>As publica\u00e7\u00f5es relativas ao presente processo seletivo ser\u00e3o realizadas na Internet, no website www.furb.br.<\/p>\n","protected":false},"excerpt":{"rendered":"<p>Abertos seis Processos Seletivos pela FURB &#8211; SC para contrata\u00e7\u00e3o tempor\u00e1ria de professores universit\u00e1rios em car\u00e1ter tempor\u00e1rio.<\/p>\n","protected":false},"author":7,"featured_media":198230,"comment_status":"open","ping_status":"open","sticky":false,"template":"","format":"standard","meta":{"_acf_changed":false,"_breakdance_hide_in_design_set":false,"_breakdance_tags":"","footnotes":""},"categories":[126,120,151,100,99,20,124],"tags":[61],"_amplo":[],"destaque":[],"instituicoes":[270],"class_list":["post-198222","post","type-post","status-publish","format-standard","has-post-thumbnail","hentry","category-ciencia-computacao","category-comunicacao-social","category-engenharia-computacao","category-historia","category-jornalismo","category-letras","category-publicidade","tag-santa-catarina","instituicoes-fundacao-universidade-regional-de-blumenau-furb"],"acf":{"_tipo_vagas":"cadastro de reserva","_numero_vagas":"","_quadro_vagas":null,"_cargos":"professores","_cargos_especificos":"","_salario_max":"R$","_abertura":"20221111","_encerramento":"20221121","_inscricoes":"","_executora_concurso":"","_instituicao_concurso":[270],"_link_adicional":null,"_anexos":[{"_arquivo_anexo":198224,"_titulo_anexo":"Edital 047\/2022"},{"_arquivo_anexo":198225,"_titulo_anexo":"Edital 048\/2022"},{"_arquivo_anexo":198226,"_titulo_anexo":"Edital 049\/2022"},{"_arquivo_anexo":198227,"_titulo_anexo":"Edital 050\/2022"},{"_arquivo_anexo":198228,"_titulo_anexo":"Edital 051\/2022"},{"_arquivo_anexo":198229,"_titulo_anexo":"Edital 052\/2022"}],"_produtos":null,"_vagas":"","_salario_min":"","_instituicao":"","_edital":"","_anexos_edital":"","_fund_incompleto":"","_fund_completo":"","_medio":"","_superior":""},"_links":{"self":[{"href":"https:\/\/www.agrobase.com.br\/concursos\/wp-json\/wp\/v2\/posts\/198222","targetHints":{"allow":["GET"]}}],"collection":[{"href":"https:\/\/www.agrobase.com.br\/concursos\/wp-json\/wp\/v2\/posts"}],"about":[{"href":"https:\/\/www.agrobase.com.br\/concursos\/wp-json\/wp\/v2\/types\/post"}],"author":[{"embeddable":true,"href":"https:\/\/www.agrobase.com.br\/concursos\/wp-json\/wp\/v2\/users\/7"}],"replies":[{"embeddable":true,"href":"https:\/\/www.agrobase.com.br\/concursos\/wp-json\/wp\/v2\/comments?post=198222"}],"version-history":[{"count":0,"href":"https:\/\/www.agrobase.com.br\/concursos\/wp-json\/wp\/v2\/posts\/198222\/revisions"}],"acf:term":[{"embeddable":true,"taxonomy":"instituicoes","href":"https:\/\/www.agrobase.com.br\/concursos\/wp-json\/wp\/v2\/instituicoes\/270"}],"wp:featuredmedia":[{"embeddable":true,"href":"https:\/\/www.agrobase.com.br\/concursos\/wp-json\/wp\/v2\/media\/198230"}],"wp:attachment":[{"href":"https:\/\/www.agrobase.com.br\/concursos\/wp-json\/wp\/v2\/media?parent=198222"}],"wp:term":[{"taxonomy":"category","embeddable":true,"href":"https:\/\/www.agrobase.com.br\/concursos\/wp-json\/wp\/v2\/categories?post=198222"},{"taxonomy":"post_tag","embeddable":true,"href":"https:\/\/www.agrobase.com.br\/concursos\/wp-json\/wp\/v2\/tags?post=198222"},{"taxonomy":"_amplo","embeddable":true,"href":"https:\/\/www.agrobase.com.br\/concursos\/wp-json\/wp\/v2\/_amplo?post=198222"},{"taxonomy":"destaque","embeddable":true,"href":"https:\/\/www.agrobase.com.br\/concursos\/wp-json\/wp\/v2\/destaque?post=198222"},{"taxonomy":"instituicoes","embeddable":true,"href":"https:\/\/www.agrobase.com.br\/concursos\/wp-json\/wp\/v2\/instituicoes?post=198222"}],"curies":[{"name":"wp","href":"https:\/\/api.w.org\/{rel}","templated":true}]}}