{"id":198115,"date":"2022-10-27T09:00:21","date_gmt":"2022-10-27T12:00:21","guid":{"rendered":"https:\/\/www.agrobase.com.br\/concursos\/?p=198115"},"modified":"2022-10-26T17:06:33","modified_gmt":"2022-10-26T20:06:33","slug":"processo-seletivo-ufrb-edital-003-2022","status":"publish","type":"post","link":"https:\/\/www.agrobase.com.br\/concursos\/2022\/processo-seletivo-ufrb-edital-003-2022\/","title":{"rendered":"Processo Seletivo UFRB | Edital 003\/2022"},"content":{"rendered":"<p>A Universidade Federal do Rec\u00f4ncavo da Bahia (<a href=\"https:\/\/ufrb.edu.br\/\" title=\"Universidade Federal do Rec\u00f4ncavo da Bahia\" target=\"_blank\" rel=\"noopener\">UFRB<\/a>) abre inscri\u00e7\u00e3o para processo seletivo visando a contrata\u00e7\u00e3o de professores substitutos em diversos campi.<\/p>\n<h2>Cargos e Remunera\u00e7\u00e3o<\/h2>\n<p>Em destaque est\u00e3o as \u00e1reas e locais de atua\u00e7\u00e3o para as quais s\u00e3o selecionados professores substitutos:<\/p>\n<p><strong>Unidade: Centro de Ci\u00eancias Agr\u00e1rias, Ambientais e Biol\u00f3gicas (CCAAB) &#8211; Cruz das Almas\/BA:<\/strong> Ci\u00eancias Humanas e Sociais Aplicadas I: \u00c9tica e Legisla\u00e7\u00e3o (1); Ci\u00eancias Humanas e Sociais Aplicadas II: Sociologia (1); Ci\u00eancias Humanas e Sociais Aplicadas III: Filosofia (1); Ci\u00eancias Biol\u00f3gicas I: <a href=\"https:\/\/www.agrobase.com.br\/concursos\/vagas\/biologia\/\" rel=\"noopener\" target=\"_blank\">Biologia<\/a> e Biof\u00edsica (1); Ci\u00eancias Biol\u00f3gicas II: Anatomia Animal (1); Produ\u00e7\u00e3o Animal (1); Recursos <a href=\"https:\/\/www.agrobase.com.br\/concursos\/vagas\/engenharia-florestal\/\" rel=\"noopener\" target=\"_blank\">Florestais<\/a> (1);<\/p>\n<p><strong>Unidade: Centro de Ci\u00eancias Exatas e Tecnol\u00f3gicas (CETEC) &#8211; Cruz das Almas\/BA:<\/strong> Matem\u00e1tica e Estat\u00edstica (1); F\u00edsica (2); Engenharia Civil (1); Sistemas El\u00e9tricos e Computacionais (1); Sistemas Mec\u00e2nicos (1);<\/p>\n<p><strong>Unidade: Centro de Artes, Humanidades e Letras (CAHL) &#8211; Cachoeira\/BA:<\/strong> Comunica\u00e7\u00e3o e Linguagens I: Publicidade (1); Comunica\u00e7\u00e3o e Linguagens II: Oficinas Orientadas (1); Sociedade, Cultura e Ensino de Ci\u00eancias Sociais I: Ci\u00eancia Pol\u00edtica (1); Sociedade, Cultura e Ensino de Ci\u00eancias Sociais II: Antropologia e Sociologia (1);<\/p>\n<p><strong>Unidade: Centro de Ci\u00eancia e Tecnologia em Energia e Sustentabilidade (CETENS) &#8211; Feira de Santana-BA:<\/strong> Educa\u00e7\u00e3o do Campo e Desenvolvimento Territorial I (1); Educa\u00e7\u00e3o do Campo e Desenvolvimento Territorial II (1); Educa\u00e7\u00e3o do Campo e Desenvolvimento Territorial III (1); Ci\u00eancias Exatas e Da Terra (1); Doc\u00eancia, pr\u00e1ticas educativas, ensino e Educa\u00e7\u00e3o do Campo (1); Engenharias (1); Humanidades e Letras: L\u00edngua Inglesa (1);<\/p>\n<p><strong>Unidade: Centro de Cultura, Linguagens e Tecnologias Aplicadas (CECULT) &#8211; Santo Amaro\/BA:<\/strong> Comunica\u00e7\u00e3o, Linguagens e Tecnologias (1); Linguagens e Express\u00f5es Art\u00edsticas (1);<\/p>\n<p><strong>Unidade: Centro de Forma\u00e7\u00e3o de Professores (CFP) &#8211; Amargosa\/BA:<\/strong> Doc\u00eancia, Saberes e Pr\u00e1ticas Educativas I: Curr\u00edculo e Did\u00e1tica (1); Doc\u00eancia, Saberes e Pr\u00e1ticas Educativas II: Educa\u00e7\u00e3o Infantil (1); Doc\u00eancia, Saberes e Pr\u00e1ticas Educativas III: Educa\u00e7\u00e3o de Jovens e Adultos (1); Humanidades, Letras e Artes: Libras (2); Cultura, Corpo e Educa\u00e7\u00e3o (1);<\/p>\n<p><strong>Unidade: Centro de Ci\u00eancias da Sa\u00fade (CCS) &#8211; Santo Ant\u00f4nio de Jesus\/BA:<\/strong> Pr\u00e1ticas do Cuidado em Sa\u00fade I: Enfermagem (1); Pr\u00e1ticas do Cuidado em Sa\u00fade II: Medicina\/Sa\u00fade Mental (1); Pr\u00e1ticas do Cuidado em Sa\u00fade III: Medicina\/Sa\u00fade da Fam\u00edlia (3); Pr\u00e1ticas do Cuidado em Sa\u00fade IV: Medicina\/ Proped\u00eautica Geral e Sa\u00fade da Pessoa Idosa (1); Sa\u00fade Coletiva I: Processos de Apropria\u00e7\u00e3o da Realidade (2); Sa\u00fade Coletiva II: Internato em Sa\u00fade Coletiva (1); Sa\u00fade Coletiva III: <a href=\"https:\/\/www.agrobase.com.br\/concursos\/vagas\/nutricao\/\" rel=\"noopener\" target=\"_blank\">Nutri\u00e7\u00e3o<\/a> (1).<\/p>\n<p>O regime de trabalho ser\u00e1 de 20h ou 40 horas semanais, de acordo com o estabelecido neste edital. Os requisitos s\u00e3o definidos pelo quadro de vagas abaixo:<\/p>\n<p><strong>Clique abaixo para exibir o quadro de vagas do Processo Seletivo da UFRB (Edital 003\/2022)<\/strong><br \/>\n<a target=\"_blank\" href=\"https:\/\/www.agrobase.com.br\/concursos\/wp-content\/uploads\/sites\/4\/2022\/10\/quadro-de-vagas-edital-003-2022-ufrb.pdf\" rel=\"noopener\"><img loading=\"lazy\" decoding=\"async\" src=\"https:\/\/www.agrobase.com.br\/concursos\/wp-content\/uploads\/sites\/4\/2017\/10\/quadro-de-vagas-do-processo-seletivo-da-ufrb.png\" alt=\"Vagas Concurso P\u00fablico UFRB (PDF)\" width=\"570\" height=\"160\" class=\"aligncenter size-full\" \/><\/a><\/p>\n<h2>Inscri\u00e7\u00f5es<\/h2>\n<p>As inscri\u00e7\u00f5es ser\u00e3o exclusivamente presenciais no per\u00edodo de <strong>28 de outubro de 2022<\/strong> a <strong>14 de novembro de 2022<\/strong>, via internet, por meio do endere\u00e7o eletr\u00f4nico <a href=\"https:\/\/www.ufrb.edu.br\/portal\/concursos\" rel=\"noopener\" target=\"_blank\">www.ufrb.edu.br<\/a>. Deve ser feita cobran\u00e7a de taxa de inscri\u00e7\u00e3o de <strong>R$ 75,00<\/strong>.<\/p>\n<h2>Provas<\/h2>\n<p>O processo seletivo constar\u00e1 de duas etapas distintas:<\/p>\n<ol>\n<li><strong>Prova Did\u00e1tica.<\/strong><\/li>\n<li><strong>An\u00e1lise de Curr\u00edculo.<\/strong><\/li>\n<\/ol>\n<p>O Curr\u00edculo Lattes e seus respectivos documentos comprobat\u00f3rios devem ser enviados em formato PDF (em arquivo \u00fanico), nos dias <strong>21 de novembro de 2022<\/strong> a <strong>24 de novembro de 2022<\/strong>, atrav\u00e9s do link do Google Forms divulgado no documento de homologa\u00e7\u00e3o das inscri\u00e7\u00f5es.<\/p>\n<p>A prova did\u00e1tica tem previs\u00e3o de ser aplicada em <strong>14 de dezembro de 2022<\/strong>.<\/p>\n<h2>Resultado<\/h2>\n<p>O resultado deste processo seletivo para o cargo de professor substituto por tempo determinado ser\u00e1 divulgado a partir do dia <strong>16 de janeiro de 2023<\/strong>, no site www.ufrb.edu.br\/concursos e no Di\u00e1rio Oficial da Uni\u00e3o.<\/p>\n","protected":false},"excerpt":{"rendered":"<p>A Universidade Federal do Rec\u00f4ncavo da Bahia (UFRB) abre inscri\u00e7\u00e3o para processo seletivo visando a contrata\u00e7\u00e3o de professores substitutos em diversos campi.<\/p>\n","protected":false},"author":7,"featured_media":198117,"comment_status":"open","ping_status":"open","sticky":false,"template":"","format":"standard","meta":{"_acf_changed":false,"_breakdance_hide_in_design_set":false,"_breakdance_tags":"","footnotes":""},"categories":[3,4,6,121,120,12,14,79,125,103,15,104,112,122,20,116,21,22,23,25,26,124,118,28],"tags":[42],"_amplo":[],"destaque":[],"instituicoes":[505],"class_list":["post-198115","post","type-post","status-publish","format-standard","has-post-thumbnail","hentry","category-administracao","category-agronomia","category-biologia","category-ciencias-sociais","category-comunicacao-social","category-enfermagem","category-engenharia","category-engenharia-alimentos","category-engenharia-producao","category-engenharia-eletrica","category-engenharia-florestal","category-engenharia-mecanica","category-filosofia","category-fisica","category-letras","category-matematica","category-medicina","category-veterinaria","category-nutricao","category-pedagogia","category-psicologia","category-publicidade","category-sociologia","category-zootecnia","tag-bahia","instituicoes-universidade-federal-do-reconcavo-da-bahia-ufrb"],"acf":{"_tipo_vagas":"vagas","_numero_vagas":42,"_quadro_vagas":null,"_cargos":"professores","_cargos_especificos":"","_salario_max":"R$","_abertura":"20221028","_encerramento":"20221114","_inscricoes":"","_executora_concurso":"","_instituicao_concurso":[505],"_link_adicional":null,"_anexos":[{"_arquivo_anexo":198116,"_titulo_anexo":"Edital 003\/2022"}],"_produtos":null,"_vagas":"","_salario_min":"","_instituicao":"","_edital":"","_anexos_edital":"","_fund_incompleto":"","_fund_completo":"","_medio":"","_superior":""},"_links":{"self":[{"href":"https:\/\/www.agrobase.com.br\/concursos\/wp-json\/wp\/v2\/posts\/198115","targetHints":{"allow":["GET"]}}],"collection":[{"href":"https:\/\/www.agrobase.com.br\/concursos\/wp-json\/wp\/v2\/posts"}],"about":[{"href":"https:\/\/www.agrobase.com.br\/concursos\/wp-json\/wp\/v2\/types\/post"}],"author":[{"embeddable":true,"href":"https:\/\/www.agrobase.com.br\/concursos\/wp-json\/wp\/v2\/users\/7"}],"replies":[{"embeddable":true,"href":"https:\/\/www.agrobase.com.br\/concursos\/wp-json\/wp\/v2\/comments?post=198115"}],"version-history":[{"count":0,"href":"https:\/\/www.agrobase.com.br\/concursos\/wp-json\/wp\/v2\/posts\/198115\/revisions"}],"acf:term":[{"embeddable":true,"taxonomy":"instituicoes","href":"https:\/\/www.agrobase.com.br\/concursos\/wp-json\/wp\/v2\/instituicoes\/505"}],"wp:featuredmedia":[{"embeddable":true,"href":"https:\/\/www.agrobase.com.br\/concursos\/wp-json\/wp\/v2\/media\/198117"}],"wp:attachment":[{"href":"https:\/\/www.agrobase.com.br\/concursos\/wp-json\/wp\/v2\/media?parent=198115"}],"wp:term":[{"taxonomy":"category","embeddable":true,"href":"https:\/\/www.agrobase.com.br\/concursos\/wp-json\/wp\/v2\/categories?post=198115"},{"taxonomy":"post_tag","embeddable":true,"href":"https:\/\/www.agrobase.com.br\/concursos\/wp-json\/wp\/v2\/tags?post=198115"},{"taxonomy":"_amplo","embeddable":true,"href":"https:\/\/www.agrobase.com.br\/concursos\/wp-json\/wp\/v2\/_amplo?post=198115"},{"taxonomy":"destaque","embeddable":true,"href":"https:\/\/www.agrobase.com.br\/concursos\/wp-json\/wp\/v2\/destaque?post=198115"},{"taxonomy":"instituicoes","embeddable":true,"href":"https:\/\/www.agrobase.com.br\/concursos\/wp-json\/wp\/v2\/instituicoes?post=198115"}],"curies":[{"name":"wp","href":"https:\/\/api.w.org\/{rel}","templated":true}]}}