{"id":196100,"date":"2022-09-13T07:40:34","date_gmt":"2022-09-13T10:40:34","guid":{"rendered":"https:\/\/www.agrobase.com.br\/concursos\/?p=196100"},"modified":"2022-09-12T20:32:20","modified_gmt":"2022-09-12T23:32:20","slug":"concurso-publico-seec-df-edital-001-2022","status":"publish","type":"post","link":"https:\/\/www.agrobase.com.br\/concursos\/2022\/concurso-publico-seec-df-edital-001-2022\/","title":{"rendered":"Concurso P\u00fablico SEEC &#8211; DF | Edital 001\/2022"},"content":{"rendered":"<p>A SEEC &#8211; DF realizar\u00e1 concurso p\u00fablico para preenchimento de 250 vagas e 1150 vagas de cadastro de reserva para os cargos de Gestor em Pol\u00edticas P\u00fablicas e Gest\u00e3o Governamental.<\/p>\n<h2>Cargos<\/h2>\n<p>Dos cargos oferecidos podemos evidenciar as seguintes especialidades:<\/p>\n<p><strong>Pol\u00edticas P\u00fablicas e Gest\u00e3o Governamental:<\/strong> Administra\u00e7\u00e3o (15); Arquivologia (2); Biblioteconomia (2); <a href=\"https:\/\/www.agrobase.com.br\/concursos\/vagas\/biologia\/\" rel=\"noopener\" target=\"_blank\">Biologia<\/a> (4); Direito e Legisla\u00e7\u00e3o (15); Economia (5); Estat\u00edstica (3); Jornalismo (8); Hist\u00f3ria (2); Medicina Veterin\u00e1ria (3); Moderniza\u00e7\u00e3o da Gest\u00e3o (15); Psicologia (5); Tecnologia da Informa\u00e7\u00e3o e Comunica\u00e7\u00e3o (15); Turismo (3); Zootecnia (3); Administra\u00e7\u00e3o- CR (45); Arquivologia- CR (6); Biblioteconomia- CR (6); Biologia- CR (12); Direito e Legisla\u00e7\u00e3o- CR (45); Economia- CR (15); Estat\u00edstica- CR (9); Jornalismo- CR (24); Hist\u00f3ria- CR (6); <a href=\"https:\/\/www.agrobase.com.br\/concursos\/vagas\/veterinaria\/\" rel=\"noopener\" target=\"_blank\">Medicina Veterin\u00e1ria<\/a>&#8211; CR (9); Moderniza\u00e7\u00e3o da Gest\u00e3o- CR (45); Psicologia- CR (15); Tecnologia da Informa\u00e7\u00e3o e Comunica\u00e7\u00e3o- CR (45); Turismo- CR (9); <a href=\"https:\/\/www.agrobase.com.br\/concursos\/vagas\/zootecnia\/\" rel=\"noopener\" target=\"_blank\">Zootecnia<\/a>&#8211; CR (9).<\/p>\n<p><strong>Analista em Pol\u00edticas P\u00fablicas e Gest\u00e3o Governamental:<\/strong> Gest\u00e3o Governamental (130); Tecnologia da Informa\u00e7\u00e3o Comunica\u00e7\u00e3o (20); Gest\u00e3o Governamental- CR (770); Tecnologia da Informa\u00e7\u00e3o Comunica\u00e7\u00e3o- CR (80).<\/p>\n<p>Requisitos est\u00e3o no quadro de vagas abaixo, confiram:<\/p>\n<p><strong>Clique abaixo para exibir o quadro de vagas do Concurso P\u00fablico da SEEC &#8211; DF (Edital 001\/2022)<\/strong><br \/>\n<a target=\"_blank\" href=\"https:\/\/www.agrobase.com.br\/concursos\/wp-content\/uploads\/sites\/4\/2022\/09\/quadro-de-vagas-edital-001-2022-seec-df.pdf\" rel=\"noopener\"><img loading=\"lazy\" decoding=\"async\" src=\"https:\/\/www.agrobase.com.br\/concursos\/wp-content\/uploads\/sites\/4\/2022\/09\/quadro-de-vagas-seec-df-001-2022.png\" alt=\"Vagas Concurso P\u00fablico SEEC - DF (PDF)\" width=\"570\" height=\"160\" class=\"aligncenter size-full\" \/><\/a><\/p>\n<h2>Remunera\u00e7\u00e3o<\/h2>\n<p>Inicialmente os sal\u00e1rios apresentam valores de <strong>R$ 4.940,00<\/strong> a <strong>R$ 7.760,00<\/strong> mensais.<\/p>\n<h2>Inscri\u00e7\u00f5es<\/h2>\n<p>Para se inscrever \u00e9 poss\u00edvel fazer o preenchimento da ficha de inscri\u00e7\u00e3o no endere\u00e7o eletr\u00f4nico <a href=\"https:\/\/www.iades.com.br\/inscricao\/ProcessoSeletivo.aspx?id=2e251f1f\" rel=\"noopener\" target=\"_blank\">www.iades.com.br<\/a>, entre os dias <strong>14 de outubro de 2022<\/strong> a <strong>20 de novembro de 2022<\/strong>, at\u00e9 \u00e0s 22h.<\/p>\n<p>O valor da taxa de inscri\u00e7\u00e3o \u00e9 de:<\/p>\n<p><strong>R$ 79,00 (setenta e nove reais):<\/strong> para o cargo de Gestor em Pol\u00edticas P\u00fablicas e Gest\u00e3o Governamental;<br \/>\n<strong>R$ 54,00 (cinquenta e quatro reais):<\/strong> para o cargo de Analista em Pol\u00edticas P\u00fablicas e Gest\u00e3o Governamental.<\/p>\n<h2>Etapas<\/h2>\n<p>Entre as provas com previs\u00e3o de aplica\u00e7\u00e3o aos participantes est\u00e3o:<\/p>\n<ol>\n<li><strong>Prova Objetiva.<\/strong> Prevista para o dia <strong>18 de dezembro de 2022<\/strong>.<\/li>\n<li><strong>Prova Discursiva.<\/strong> A ser aplicada em <strong>18 de dezembro de 2022<\/strong>.<\/li>\n<li><strong>Prova de T\u00edtulos.<\/strong><\/li>\n<\/ol>\n<h2>Resultado<\/h2>\n<p>Segundo o cronograma de atividades do concurso, o resultado final dever\u00e1 ser divulgado a partir da data de <strong>18 de maio de 2023<\/strong>.<\/p>\n","protected":false},"excerpt":{"rendered":"<p>A SEEC &#8211; DF realizar\u00e1 concurso p\u00fablico para preenchimento de 250 vagas e 1150 vagas de cadastro de reserva para os cargos de Gestor em Pol\u00edticas P\u00fablicas e Gest\u00e3o Governamental.<\/p>\n","protected":false},"author":7,"featured_media":196102,"comment_status":"open","ping_status":"open","sticky":false,"template":"","format":"standard","meta":{"_acf_changed":false,"_breakdance_hide_in_design_set":false,"_breakdance_tags":"","footnotes":""},"categories":[3,5,144,94,6,10,117,136,100,99,22,26,159,123,28],"tags":[44],"_amplo":[],"destaque":[],"instituicoes":[5833],"class_list":["post-196100","post","type-post","status-publish","format-standard","has-post-thumbnail","hentry","category-administracao","category-arquitetura","category-arquivologia","category-biblioteconomia","category-biologia","category-direito","category-economia","category-estatistica","category-historia","category-jornalismo","category-veterinaria","category-psicologia","category-tecnologia-da-informacao","category-turismo","category-zootecnia","tag-distrito-federal","instituicoes-secretaria-de-estado-de-economia-do-distrito-federal-seec"],"acf":{"_tipo_vagas":"vagas + cadastro de reserva","_numero_vagas":250,"_quadro_vagas":null,"_cargos":"diversos","_cargos_especificos":"","_salario_max":"R$","_abertura":"20221014","_encerramento":"20221120","_inscricoes":"","_executora_concurso":52586,"_instituicao_concurso":[5833],"_link_adicional":null,"_anexos":[{"_arquivo_anexo":196101,"_titulo_anexo":"Edital 001\/2022"}],"_produtos":null,"_vagas":"","_salario_min":"","_instituicao":"","_edital":"","_anexos_edital":"","_fund_incompleto":"","_fund_completo":"","_medio":"","_superior":""},"_links":{"self":[{"href":"https:\/\/www.agrobase.com.br\/concursos\/wp-json\/wp\/v2\/posts\/196100","targetHints":{"allow":["GET"]}}],"collection":[{"href":"https:\/\/www.agrobase.com.br\/concursos\/wp-json\/wp\/v2\/posts"}],"about":[{"href":"https:\/\/www.agrobase.com.br\/concursos\/wp-json\/wp\/v2\/types\/post"}],"author":[{"embeddable":true,"href":"https:\/\/www.agrobase.com.br\/concursos\/wp-json\/wp\/v2\/users\/7"}],"replies":[{"embeddable":true,"href":"https:\/\/www.agrobase.com.br\/concursos\/wp-json\/wp\/v2\/comments?post=196100"}],"version-history":[{"count":0,"href":"https:\/\/www.agrobase.com.br\/concursos\/wp-json\/wp\/v2\/posts\/196100\/revisions"}],"acf:term":[{"embeddable":true,"taxonomy":"instituicoes","href":"https:\/\/www.agrobase.com.br\/concursos\/wp-json\/wp\/v2\/instituicoes\/5833"}],"acf:post":[{"embeddable":true,"href":"https:\/\/www.agrobase.com.br\/concursos\/wp-json\/wp\/v2\/executora\/52586"}],"wp:featuredmedia":[{"embeddable":true,"href":"https:\/\/www.agrobase.com.br\/concursos\/wp-json\/wp\/v2\/media\/196102"}],"wp:attachment":[{"href":"https:\/\/www.agrobase.com.br\/concursos\/wp-json\/wp\/v2\/media?parent=196100"}],"wp:term":[{"taxonomy":"category","embeddable":true,"href":"https:\/\/www.agrobase.com.br\/concursos\/wp-json\/wp\/v2\/categories?post=196100"},{"taxonomy":"post_tag","embeddable":true,"href":"https:\/\/www.agrobase.com.br\/concursos\/wp-json\/wp\/v2\/tags?post=196100"},{"taxonomy":"_amplo","embeddable":true,"href":"https:\/\/www.agrobase.com.br\/concursos\/wp-json\/wp\/v2\/_amplo?post=196100"},{"taxonomy":"destaque","embeddable":true,"href":"https:\/\/www.agrobase.com.br\/concursos\/wp-json\/wp\/v2\/destaque?post=196100"},{"taxonomy":"instituicoes","embeddable":true,"href":"https:\/\/www.agrobase.com.br\/concursos\/wp-json\/wp\/v2\/instituicoes?post=196100"}],"curies":[{"name":"wp","href":"https:\/\/api.w.org\/{rel}","templated":true}]}}