{"id":192360,"date":"2022-09-08T07:30:22","date_gmt":"2022-09-08T10:30:22","guid":{"rendered":"https:\/\/www.agrobase.com.br\/concursos\/?p=192360"},"modified":"2022-09-06T19:13:21","modified_gmt":"2022-09-06T22:13:21","slug":"processo-seletivo-santana-de-parnaiba-sp-edital-002-2022","status":"publish","type":"post","link":"https:\/\/www.agrobase.com.br\/concursos\/2022\/processo-seletivo-santana-de-parnaiba-sp-edital-002-2022\/","title":{"rendered":"Processo Seletivo Santana de Parna\u00edba &#8211; SP | Edital 002\/2022"},"content":{"rendered":"<p>A Prefeitura de <a href=\"https:\/\/www.santanadeparnaiba.sp.gov.br\/\" title=\"Prefeitura de Santana de Parna\u00edba\" target=\"_blank\" rel=\"noopener\">Santana de Parna\u00edba &#8211; SP<\/a> abre um novo processo seletivo para cadastro reserva em fun\u00e7\u00f5es de n\u00edvel fundamental, m\u00e9dio e superior.<\/p>\n<h2>Cargos e Remunera\u00e7\u00e3o<\/h2>\n<p>Entre o conte\u00fado do edital 002\/2022 do Processo Seletivo de <a href=\"https:\/\/pt.wikipedia.org\/wiki\/Santana_de_Parna\u00edba\" target=\"_blank\" rel=\"noopener\">Santa de Parna\u00edba<\/a>\u00a0est\u00e3o dispon\u00edveis\u00a0informa\u00e7\u00f5es quanto aos sal\u00e1rios que podem variar entre <strong>R$ 1.546,67<\/strong> e <strong>R$ 13.130,17<\/strong>, em jornadas de trabalho de <strong>12h<\/strong>, <strong>15h<\/strong>, <strong>16h<\/strong>, <strong>20h<\/strong>, <strong>24h<\/strong>, <strong>30h<\/strong>, e <strong>40 horas<\/strong>. As chances descritas no quadro de vagas adiante s\u00e3o para profissionais de n\u00edvel superior, m\u00e9dio, t\u00e9cnico e fundamental.<\/p>\n<p><strong>Clique abaixo para exibir o quadro de vagas do Processo Seletivo Santana de Parna\u00edba &#8211; SP (Edital 002\/2022)<\/strong><br \/>\n<a target=\"_blank\" href=\"https:\/\/www.agrobase.com.br\/concursos\/wp-content\/uploads\/sites\/4\/2022\/09\/quadro-de-vagas-edital-002-2022-santana-de-parnaiba-sp.pdf\" rel=\"noopener\"><img loading=\"lazy\" decoding=\"async\" src=\"https:\/\/www.agrobase.com.br\/concursos\/wp-content\/uploads\/sites\/4\/2022\/09\/quadro-de-vagas-santana-de-parnaiba-sp.png\" alt=\"Vagas Concurso P\u00fablico Santana de Parna\u00edba (PDF)\" width=\"570\" height=\"160\" class=\"aligncenter size-full\" \/><\/a><\/p>\n<h2>Inscri\u00e7\u00f5es<\/h2>\n<p>As inscri\u00e7\u00f5es est\u00e3o sendo recebidas por meio do acesso a internet:<\/p>\n<ul>\n<li><strong>Internet:<\/strong> at\u00e9 \u00e0s 17h do dia <strong>26 de setembro de 2022<\/strong>, no endere\u00e7o eletr\u00f4nico <a href=\"https:\/\/www.institutomais.org.br\/Concursos\/Detalhe\/437\" target=\"_blank\" rel=\"noopener\">www.institutomais.org.br<\/a>.<\/li>\n<\/ul>\n<p>A taxa de inscri\u00e7\u00e3o \u00e9 de:<\/p>\n<p><strong>R$ 30,00:<\/strong> para n\u00edvel fundamental;<br \/>\n<strong>R$ 40,00:<\/strong> para n\u00edvel m\u00e9dio;<br \/>\n<strong>R$ 50,00:<\/strong> para n\u00edvel superior.<\/p>\n<h2>Provas<\/h2>\n<p>Ser\u00e1 feita a seguinte prova no Processo Seletivo de <a href=\"http:\/\/www.santanadeparnaiba.sp.gov.br\/\" target=\"_blank\" rel=\"noopener\">Santana de Parna\u00edba<\/a>:<\/p>\n<ol>\n<li><strong>Prova Objetiva.<\/strong> Ser\u00e3o aplicadas no dia <strong>23 de outubro de 2022<\/strong>.<\/li>\n<\/ol>\n<p>O Edital de Convoca\u00e7\u00e3o contendo o intervalo alfab\u00e9tico de inscritos, local, data e hor\u00e1rio, para a realiza\u00e7\u00e3o das respectivas Provas, ser\u00e1 publicado na Imprensa Oficial do Munic\u00edpio, na data prevista de <strong>14 de outubro de 2022<\/strong>, e estar\u00e1 disponibilizado nos sites: www.institutomais.org.br e www.santanadeparnaiba.sp.gov.br.<\/p>\n<h2>Gabarito<\/h2>\n<p>Os Gabaritos Oficiais das Provas Objetivas estar\u00e3o dispon\u00edveis nos sites www.institutomais.org.br e www.santanadeparnaiba.sp.gov.br, no primeiro dia \u00fatil ap\u00f3s a data de realiza\u00e7\u00e3o da Prova.<\/p>\n<h2>Informa\u00e7\u00f5es do Processo Seletivo Santana de Parna\u00edba<\/h2>\n<p>Todas as convoca\u00e7\u00f5es, avisos e resultados referentes exclusivamente as etapas do presente Processo Seletivo ser\u00e3o publicados no Di\u00e1rio Oficial do Munic\u00edpio, afixados no DRH da Prefeitura do Munic\u00edpio de Santana de Parna\u00edba e divulgado na Internet nos endere\u00e7os eletr\u00f4nicos www.institutomais.org.br e www.santanadeparnaiba.sp.gov.br.<\/p>\n","protected":false},"excerpt":{"rendered":"<p>A Prefeitura de Santana de Parna\u00edba &#8211; SP abre um novo processo seletivo para cadastro reserva em fun\u00e7\u00f5es de n\u00edvel fundamental, m\u00e9dio e superior.<\/p>\n","protected":false},"author":7,"featured_media":192362,"comment_status":"open","ping_status":"open","sticky":false,"template":"","format":"standard","meta":{"_acf_changed":false,"_breakdance_hide_in_design_set":false,"_breakdance_tags":"","footnotes":""},"categories":[121,112,122,18,19,111,100,20,116,21,24,25,27,101,118,143,134],"tags":[62],"_amplo":[],"destaque":[],"instituicoes":[791],"class_list":["post-192360","post","type-post","status-publish","format-standard","has-post-thumbnail","hentry","category-ciencias-sociais","category-filosofia","category-fisica","category-fisioterapia","category-fonoaudiologia","category-geografia","category-historia","category-letras","category-matematica","category-medicina","category-odontologia","category-pedagogia","category-quimica","category-servico-social","category-sociologia","category-tecnico-odontologia","category-terapia-ocupacional","tag-sao-paulo","instituicoes-prefeitura-municipal-de-santana-de-parnaiba-sp"],"acf":{"_tipo_vagas":"cadastro de reserva","_numero_vagas":"","_quadro_vagas":null,"_cargos":"diversos","_cargos_especificos":"","_salario_max":"R$","_abertura":"20220905","_encerramento":"20220926","_inscricoes":"","_executora_concurso":39167,"_instituicao_concurso":[791],"_link_adicional":null,"_anexos":[{"_arquivo_anexo":192361,"_titulo_anexo":"Edital 002\/2022"}],"_produtos":null,"_vagas":"","_salario_min":"","_instituicao":"","_edital":"","_anexos_edital":"","_fund_incompleto":"","_fund_completo":"","_medio":"","_superior":""},"_links":{"self":[{"href":"https:\/\/www.agrobase.com.br\/concursos\/wp-json\/wp\/v2\/posts\/192360","targetHints":{"allow":["GET"]}}],"collection":[{"href":"https:\/\/www.agrobase.com.br\/concursos\/wp-json\/wp\/v2\/posts"}],"about":[{"href":"https:\/\/www.agrobase.com.br\/concursos\/wp-json\/wp\/v2\/types\/post"}],"author":[{"embeddable":true,"href":"https:\/\/www.agrobase.com.br\/concursos\/wp-json\/wp\/v2\/users\/7"}],"replies":[{"embeddable":true,"href":"https:\/\/www.agrobase.com.br\/concursos\/wp-json\/wp\/v2\/comments?post=192360"}],"version-history":[{"count":0,"href":"https:\/\/www.agrobase.com.br\/concursos\/wp-json\/wp\/v2\/posts\/192360\/revisions"}],"acf:term":[{"embeddable":true,"taxonomy":"instituicoes","href":"https:\/\/www.agrobase.com.br\/concursos\/wp-json\/wp\/v2\/instituicoes\/791"}],"acf:post":[{"embeddable":true,"href":"https:\/\/www.agrobase.com.br\/concursos\/wp-json\/wp\/v2\/executora\/39167"}],"wp:featuredmedia":[{"embeddable":true,"href":"https:\/\/www.agrobase.com.br\/concursos\/wp-json\/wp\/v2\/media\/192362"}],"wp:attachment":[{"href":"https:\/\/www.agrobase.com.br\/concursos\/wp-json\/wp\/v2\/media?parent=192360"}],"wp:term":[{"taxonomy":"category","embeddable":true,"href":"https:\/\/www.agrobase.com.br\/concursos\/wp-json\/wp\/v2\/categories?post=192360"},{"taxonomy":"post_tag","embeddable":true,"href":"https:\/\/www.agrobase.com.br\/concursos\/wp-json\/wp\/v2\/tags?post=192360"},{"taxonomy":"_amplo","embeddable":true,"href":"https:\/\/www.agrobase.com.br\/concursos\/wp-json\/wp\/v2\/_amplo?post=192360"},{"taxonomy":"destaque","embeddable":true,"href":"https:\/\/www.agrobase.com.br\/concursos\/wp-json\/wp\/v2\/destaque?post=192360"},{"taxonomy":"instituicoes","embeddable":true,"href":"https:\/\/www.agrobase.com.br\/concursos\/wp-json\/wp\/v2\/instituicoes?post=192360"}],"curies":[{"name":"wp","href":"https:\/\/api.w.org\/{rel}","templated":true}]}}