{"id":191661,"date":"2022-09-23T07:00:23","date_gmt":"2022-09-23T10:00:23","guid":{"rendered":"https:\/\/www.agrobase.com.br\/concursos\/?p=191661"},"modified":"2022-09-22T16:41:44","modified_gmt":"2022-09-22T19:41:44","slug":"concurso-ifam-tecnico-administrativo-edital-001-2022","status":"publish","type":"post","link":"https:\/\/www.agrobase.com.br\/concursos\/2022\/concurso-ifam-tecnico-administrativo-edital-001-2022\/","title":{"rendered":"Concurso IFAM T\u00e9cnico Administrativo | Edital 001\/2022 [Prorrogado]"},"content":{"rendered":"<p>Aberto Concurso do <a target=\"_blank\" href=\"http:\/\/www.ifam.edu.br\/\" rel=\"noopener\">IFAM<\/a> para T\u00e9cnico Administrativo, visando provimento de 89 vagas de provimento efetivo do Quadro de Pessoal do Instituto.<\/p>\n<h2>Cargos e Remunera\u00e7\u00e3o<\/h2>\n<p>Ao todo s\u00e3o <strong>89 vagas<\/strong> ofertadas, sendo estas distribu\u00eddas entre os Campi de Coari, Eirunep\u00e9, L\u00e1brea, S\u00e3o Gabriel da Cachoeira, Tabatinga, Manaus Distrito Industrial, Presidente Figueiredo, Tef\u00e9, Manaus Centro, Manaus Zona Leste, Manacapuru, Mau\u00e9s, Boca do Acre, Parintins, Humait\u00e1, Reitoria, Iranduba, Itacoatiara e Manacapuru.<\/p>\n<p><em>Bibliotec\u00e1rio documentalista (5); Contador (4); M\u00e9dico-\u00c1rea: Cl\u00ednico Geral (2); <a href=\"https:\/\/www.agrobase.com.br\/concursos\/vagas\/veterinaria\/\" rel=\"noopener\" target=\"_blank\">M\u00e9dico Veterin\u00e1rio<\/a> (2); <a href=\"https:\/\/www.agrobase.com.br\/concursos\/vagas\/nutricao\/\" rel=\"noopener\" target=\"_blank\">Nutricionista<\/a> (3); Pedagogo (6); Psic\u00f3logo (3); T\u00e9cnico em Assuntos Educacionais (4); Assistente em Administra\u00e7\u00e3o (27); T\u00e9cnico em Enfermagem (5); T\u00e9cnico em Contabilidade (2); <a href=\"https:\/\/www.agrobase.com.br\/concursos\/vagas\/tecnico-agropecuaria\/\" rel=\"noopener\" target=\"_blank\">T\u00e9cnico em Agropecu\u00e1ria<\/a> (5); T\u00e9cnico de Laborat\u00f3rio\/\u00c1rea Inform\u00e1tica (6); T\u00e9cnico de Tecnologia da Informa\u00e7\u00e3o (6); T\u00e9cnico de Laborat\u00f3rio\/\u00c1rea Qu\u00edmica (1); Assistente de Alunos (8)<\/em><\/p>\n<p>Vejam a abaixo mais informa\u00e7\u00f5es acerca dos cargos oferecidos:<\/p>\n<p><strong>Clique abaixo para exibir o quadro de vagas do Concurso P\u00fablico IFAM (Edital 001\/2022)<\/strong><br \/>\n<a target=\"_blank\" href=\"https:\/\/www.agrobase.com.br\/concursos\/wp-content\/uploads\/sites\/4\/2022\/08\/quadro-de-vagas-edital-001-2022-ifam.pdf\" rel=\"noopener\"><img loading=\"lazy\" decoding=\"async\" src=\"https:\/\/www.agrobase.com.br\/concursos\/wp-content\/uploads\/sites\/4\/2019\/02\/quadro-de-vagas-do-concurso-publico-do-ifam.gif\" alt=\"Vagas Concurso IFAM (PDF)\" width=\"570\" height=\"160\" class=\"aligncenter size-full\" \/><\/a><\/p>\n<h2>Remunera\u00e7\u00f5es<\/h2>\n<p>H\u00e1 possibilidade de sal\u00e1rios com valores de <strong>R$ 2.403,06<\/strong> para a classe C, de <strong>R$ 2.904,96<\/strong> para a classe D e de <strong>R$ 4.638,66<\/strong> para a classe E, em jornadas de <strong>40 horas semanais<\/strong>.<\/p>\n<h2>Inscri\u00e7\u00e3o<\/h2>\n<ul>\n<li><strong>Internet:<\/strong> para concorrer os interessados devem possuir n\u00edvel de forma\u00e7\u00e3o escolar fundamental, m\u00e9dio e superior e realizar inscri\u00e7\u00e3o por meio do acesso ao endere\u00e7o eletr\u00f4nico <a href=\"https:\/\/concurso.fundacaocefetminas.org.br\/site\/processo_seletivo.aspx\" rel=\"noopener\" target=\"_blank\">concurso.fundacaocefetminas.org.br<\/a>, de <strong>02 de setembro de 2022<\/strong> at\u00e9 <strong>29 de setembro de 2022<\/strong>, realizando pagamento de taxas de <strong>R$ 80,00<\/strong>, <strong>R$ 100,00<\/strong> e <strong>R$ 120,00<\/strong>.<\/li>\n<\/ul>\n<h2>Provas Concurso IFAM T\u00e9cnico Administrativo<\/h2>\n<p>O Concurso P\u00fablico para o IFAM constar\u00e1 das seguintes etapas:<\/p>\n<ol>\n<li><strong>Prova Objetiva.<\/strong> Prevista para ser aplicada a todos no dia <strong>06 de novembro de 2022<\/strong>, nos munic\u00edpios de Manaus\/AM, Eirunep\u00e9\/AM, Humait\u00e1\/AM, Parintins\/AM, S\u00e3o Gabriel da Cachoeira\/AM, Tabatinga\/AM e Tef\u00e9\/AM.<\/li>\n<li><strong>Prova Dissertativa\/Prova de Reda\u00e7\u00e3o.<\/strong> Ser\u00e1 aplicada nos mesmos dias e locais da prova acima.<\/li>\n<\/ol>\n<h2>Resultado Concurso IFAM T\u00e9cnico Administrativo<\/h2>\n<p>A lista de aprovados ser\u00e1 divulgada no Di\u00e1rio Oficial da Uni\u00e3o, no site do IFAM e da Organizadora (concurso.fundacaocefetminas.org.br), a partir do dia <strong>23 de  janeiro de 2023<\/strong>.<\/p>\n","protected":false},"excerpt":{"rendered":"<p>Aberto Concurso do IFAM para T\u00e9cnico Administrativo, visando provimento de 89 vagas de provimento efetivo do Quadro de Pessoal do Instituto.<\/p>\n","protected":false},"author":7,"featured_media":191665,"comment_status":"open","ping_status":"open","sticky":false,"template":"","format":"standard","meta":{"_acf_changed":false,"_breakdance_hide_in_design_set":false,"_breakdance_tags":"","footnotes":""},"categories":[94,9,21,22,23,25,26,30,128,108,130,161,159],"tags":[41],"_amplo":[],"destaque":[],"instituicoes":[229],"class_list":["post-191661","post","type-post","status-publish","format-standard","has-post-thumbnail","hentry","category-biblioteconomia","category-ciencias-contabeis","category-medicina","category-veterinaria","category-nutricao","category-pedagogia","category-psicologia","category-tecnico-agropecuaria","category-tecnico-em-contabilidade","category-tecnico-enfermagem","category-tecnico-informatica","category-tecnico-laboratorio","category-tecnologia-da-informacao","tag-amazonas","instituicoes-instituto-federal-de-educacao-ciencia-e-tecnologia-do-amazonas-ifam"],"acf":{"_tipo_vagas":"vagas","_numero_vagas":89,"_quadro_vagas":null,"_cargos":"t\u00e9cnicos administrativos","_cargos_especificos":"","_salario_max":"R$","_abertura":"20220802","_encerramento":"20220929","_inscricoes":"","_executora_concurso":59199,"_instituicao_concurso":[229],"_link_adicional":[{"_titulo_link_adicional":"Retifica\u00e7\u00f5es","_url_link_adicional":"https:\/\/concurso.fundacaocefetminas.org.br\/site\/processo_seletivo.aspx"}],"_anexos":[{"_arquivo_anexo":191664,"_titulo_anexo":"Edital 001\/2022"},{"_arquivo_anexo":191663,"_titulo_anexo":"Cronograma"}],"_produtos":null,"_vagas":"","_salario_min":"","_instituicao":"","_edital":"","_anexos_edital":"","_fund_incompleto":"","_fund_completo":"","_medio":"","_superior":""},"_links":{"self":[{"href":"https:\/\/www.agrobase.com.br\/concursos\/wp-json\/wp\/v2\/posts\/191661","targetHints":{"allow":["GET"]}}],"collection":[{"href":"https:\/\/www.agrobase.com.br\/concursos\/wp-json\/wp\/v2\/posts"}],"about":[{"href":"https:\/\/www.agrobase.com.br\/concursos\/wp-json\/wp\/v2\/types\/post"}],"author":[{"embeddable":true,"href":"https:\/\/www.agrobase.com.br\/concursos\/wp-json\/wp\/v2\/users\/7"}],"replies":[{"embeddable":true,"href":"https:\/\/www.agrobase.com.br\/concursos\/wp-json\/wp\/v2\/comments?post=191661"}],"version-history":[{"count":0,"href":"https:\/\/www.agrobase.com.br\/concursos\/wp-json\/wp\/v2\/posts\/191661\/revisions"}],"acf:term":[{"embeddable":true,"taxonomy":"instituicoes","href":"https:\/\/www.agrobase.com.br\/concursos\/wp-json\/wp\/v2\/instituicoes\/229"}],"acf:post":[{"embeddable":true,"href":"https:\/\/www.agrobase.com.br\/concursos\/wp-json\/wp\/v2\/executora\/59199"}],"wp:featuredmedia":[{"embeddable":true,"href":"https:\/\/www.agrobase.com.br\/concursos\/wp-json\/wp\/v2\/media\/191665"}],"wp:attachment":[{"href":"https:\/\/www.agrobase.com.br\/concursos\/wp-json\/wp\/v2\/media?parent=191661"}],"wp:term":[{"taxonomy":"category","embeddable":true,"href":"https:\/\/www.agrobase.com.br\/concursos\/wp-json\/wp\/v2\/categories?post=191661"},{"taxonomy":"post_tag","embeddable":true,"href":"https:\/\/www.agrobase.com.br\/concursos\/wp-json\/wp\/v2\/tags?post=191661"},{"taxonomy":"_amplo","embeddable":true,"href":"https:\/\/www.agrobase.com.br\/concursos\/wp-json\/wp\/v2\/_amplo?post=191661"},{"taxonomy":"destaque","embeddable":true,"href":"https:\/\/www.agrobase.com.br\/concursos\/wp-json\/wp\/v2\/destaque?post=191661"},{"taxonomy":"instituicoes","embeddable":true,"href":"https:\/\/www.agrobase.com.br\/concursos\/wp-json\/wp\/v2\/instituicoes?post=191661"}],"curies":[{"name":"wp","href":"https:\/\/api.w.org\/{rel}","templated":true}]}}