{"id":187698,"date":"2022-05-26T10:22:13","date_gmt":"2022-05-26T13:22:13","guid":{"rendered":"https:\/\/www.agrobase.com.br\/concursos\/?p=187698"},"modified":"2022-06-02T11:44:33","modified_gmt":"2022-06-02T14:44:33","slug":"processo-seletivo-prefeitura-para-de-minas-edital-001-2022","status":"publish","type":"post","link":"https:\/\/www.agrobase.com.br\/concursos\/2022\/processo-seletivo-prefeitura-para-de-minas-edital-001-2022\/","title":{"rendered":"Processo Seletivo Prefeitura Par\u00e1 de Minas | Edital 001\/2022"},"content":{"rendered":"<p>Confiram mais novo edital de Processo Seletivo da Prefeitura de <a href=\"https:\/\/portal-novo.parademinas.mg.gov.br\/\" title=\"Prefeitura de Par\u00e1 de Minas\" target=\"_blank\" rel=\"noopener\">Par\u00e1 de Minas<\/a>, para contrata\u00e7\u00e3o de mais de 187 servidores p\u00fablicos.<\/p>\n<h2>Cargos e Remunera\u00e7\u00e3o<\/h2>\n<p>O processo de sele\u00e7\u00e3o de que trata este Edital visa ao provimento de cargos do Quadro Geral dos Servidores Tempor\u00e1rios da Prefeitura Municipal de <a href=\"https:\/\/pt.wikipedia.org\/wiki\/Par\u00e1_de_Minas\" title=\"Cidade de Par\u00e1 de Minas\" target=\"_blank\" rel=\"noopener\">Par\u00e1 de Minas<\/a>, conforme as vagas estabelecidas. O Concurso P\u00fablico da Prefeitura Municipal de Par\u00e1 de Minas apresenta um total de <strong>187<\/strong> oportunidades para profissionais de todos os n\u00edveis de ensino.<\/p>\n<p>As fun\u00e7\u00f5es contam com sal\u00e1rios que v\u00e3o desde <strong>R$ 1.240,97<\/strong> at\u00e9 <strong>R$ 15.354,61<\/strong> para cumprimento de jornadas laborais de <strong>20h<\/strong>, <strong>24h<\/strong>, <strong>30h<\/strong>, <strong>40h<\/strong> ou <strong>44 horas semanais<\/strong>.<\/p>\n<p><strong>Clique abaixo para exibir o quadro de vagas do Processo Seletivo Prefeitura Par\u00e1 de Minas &#8211; MG (Edital 001\/2022)<\/strong><br \/>\n<a target=\"_blank\" href=\"https:\/\/www.agrobase.com.br\/concursos\/wp-content\/uploads\/sites\/4\/2022\/05\/quadro-de-vagas-processo-seletivo-para-de-minas.pdf\" rel=\"noopener\"><img loading=\"lazy\" decoding=\"async\" src=\"https:\/\/www.agrobase.com.br\/concursos\/wp-content\/uploads\/sites\/4\/2022\/05\/quadro-de-vagas-processo-seletivo-para-de-minas.png\" alt=\"Vagas Concurso P\u00fablico de Par\u00e1 de Minas - MG (PDF)\" width=\"570\" height=\"160\" class=\"aligncenter size-full\" \/><\/a><\/p>\n<h2>Inscri\u00e7\u00f5es<\/h2>\n<ul>\n<li><strong>Internet:<\/strong> as inscri\u00e7\u00f5es ser\u00e3o recebidas das 09h do dia <strong>01 de junho de 2022<\/strong> at\u00e9 as 17h de <strong>30 de junho de 2022<\/strong>, mediante acesso ao website <a href=\"https:\/\/www.gestaodeconcursos.com.br\/site\/site\/DetalheConcurso.aspx?CodigoConcurso=1485\" target=\"_blank\" rel=\"noopener\">www.gestaodeconcursos.com.br<\/a>.<\/li>\n<\/ul>\n<p>O valor a ser pago a t\u00edtulo de inscri\u00e7\u00e3o \u00e9 o seguinte:<\/p>\n<p><strong>R$ 50,00:<\/strong> Cargos de N\u00edvel Elementar e Fundamental;<br \/>\n<strong>R$ 70,00:<\/strong> Cargos de N\u00edvel M\u00e9dio\/T\u00e9cnico;<br \/>\n<strong>R$ 90,00:<\/strong> Cargos de N\u00edvel Superior;<\/p>\n<h2>Provas<\/h2>\n<p>A sele\u00e7\u00e3o de Par\u00e1 de Minas ser\u00e1 composto pelas seguintes etapas:<\/p>\n<ol>\n<li><strong>Prova Objetiva.<\/strong> Sendo a primeira dessas etapas, ela est\u00e1 prevista para acontecer no dia <strong>31 de julho de 2022<\/strong>.<\/li>\n<li><strong>Reste de Aptid\u00e3o F\u00edsica.<\/strong> Para os candidatos que se inscreverem para os cargos de Agente de Combate a Endemias e Agentes Comunit\u00e1rios de Sa\u00fade.<\/li>\n<li><strong>Avalia\u00e7\u00e3o de T\u00edtulos.<\/strong> Para cargo de n\u00edvel superior.<\/li>\n<\/ol>\n<h2>Gabarito<\/h2>\n<p>O Caderno de Quest\u00f5es e os gabaritos das Provas Objetivas ser\u00e3o divulgados no endere\u00e7o eletr\u00f4nico www.gestaodeconcursos.com.br, no dia <strong>01 de agosto de 2022<\/strong>.<\/p>\n<h2>Resultado do Processo Seletivo Prefeitura Par\u00e1 de Minas<\/h2>\n<p>O ato de homologa\u00e7\u00e3o do resultado final da sele\u00e7\u00e3o ser\u00e1 publicado no Di\u00e1rio Oficial do Estado de Minas Gerais e ser\u00e3o divulgadas nos endere\u00e7os eletr\u00f4nicos www.parademinas.mg.gov.br e www.gestaodeconcursos.com.br.<\/p>\n","protected":false},"excerpt":{"rendered":"<p>Confiram mais novo edital de Processo Seletivo da Prefeitura de Par\u00e1 de Minas, para contrata\u00e7\u00e3o de mais de 187 servidores p\u00fablicos.<\/p>\n","protected":false},"author":7,"featured_media":187702,"comment_status":"open","ping_status":"open","sticky":false,"template":"","format":"standard","meta":{"_acf_changed":false,"_breakdance_hide_in_design_set":false,"_breakdance_tags":"","footnotes":""},"categories":[6,7,106,11,12,17,18,19,21,22,23,24,26,101,108,130,161,143,134],"tags":[50],"_amplo":[],"destaque":[],"instituicoes":[3695],"class_list":["post-187698","post","type-post","status-publish","format-standard","has-post-thumbnail","hentry","category-biologia","category-biomedicina","category-bioquimica","category-educacao-fisica","category-enfermagem","category-farmacia","category-fisioterapia","category-fonoaudiologia","category-medicina","category-veterinaria","category-nutricao","category-odontologia","category-psicologia","category-servico-social","category-tecnico-enfermagem","category-tecnico-informatica","category-tecnico-laboratorio","category-tecnico-odontologia","category-terapia-ocupacional","tag-minas-gerais","instituicoes-prefeitura-municipal-de-para-de-minas-mg"],"acf":{"_tipo_vagas":"vagas","_numero_vagas":187,"_quadro_vagas":null,"_cargos":"diversos","_cargos_especificos":"","_salario_max":"R$","_abertura":"20220601","_encerramento":"20220630","_inscricoes":"","_executora_concurso":51578,"_instituicao_concurso":[3695],"_link_adicional":null,"_anexos":[{"_arquivo_anexo":187701,"_titulo_anexo":"Edital 001\/2022"},{"_arquivo_anexo":187699,"_titulo_anexo":"Conte\u00fado Program\u00e1tico"}],"_produtos":null,"_vagas":"","_salario_min":"","_instituicao":"","_edital":"","_anexos_edital":"","_fund_incompleto":"","_fund_completo":"","_medio":"","_superior":""},"_links":{"self":[{"href":"https:\/\/www.agrobase.com.br\/concursos\/wp-json\/wp\/v2\/posts\/187698","targetHints":{"allow":["GET"]}}],"collection":[{"href":"https:\/\/www.agrobase.com.br\/concursos\/wp-json\/wp\/v2\/posts"}],"about":[{"href":"https:\/\/www.agrobase.com.br\/concursos\/wp-json\/wp\/v2\/types\/post"}],"author":[{"embeddable":true,"href":"https:\/\/www.agrobase.com.br\/concursos\/wp-json\/wp\/v2\/users\/7"}],"replies":[{"embeddable":true,"href":"https:\/\/www.agrobase.com.br\/concursos\/wp-json\/wp\/v2\/comments?post=187698"}],"version-history":[{"count":0,"href":"https:\/\/www.agrobase.com.br\/concursos\/wp-json\/wp\/v2\/posts\/187698\/revisions"}],"acf:term":[{"embeddable":true,"taxonomy":"instituicoes","href":"https:\/\/www.agrobase.com.br\/concursos\/wp-json\/wp\/v2\/instituicoes\/3695"}],"acf:post":[{"embeddable":true,"href":"https:\/\/www.agrobase.com.br\/concursos\/wp-json\/wp\/v2\/executora\/51578"}],"wp:featuredmedia":[{"embeddable":true,"href":"https:\/\/www.agrobase.com.br\/concursos\/wp-json\/wp\/v2\/media\/187702"}],"wp:attachment":[{"href":"https:\/\/www.agrobase.com.br\/concursos\/wp-json\/wp\/v2\/media?parent=187698"}],"wp:term":[{"taxonomy":"category","embeddable":true,"href":"https:\/\/www.agrobase.com.br\/concursos\/wp-json\/wp\/v2\/categories?post=187698"},{"taxonomy":"post_tag","embeddable":true,"href":"https:\/\/www.agrobase.com.br\/concursos\/wp-json\/wp\/v2\/tags?post=187698"},{"taxonomy":"_amplo","embeddable":true,"href":"https:\/\/www.agrobase.com.br\/concursos\/wp-json\/wp\/v2\/_amplo?post=187698"},{"taxonomy":"destaque","embeddable":true,"href":"https:\/\/www.agrobase.com.br\/concursos\/wp-json\/wp\/v2\/destaque?post=187698"},{"taxonomy":"instituicoes","embeddable":true,"href":"https:\/\/www.agrobase.com.br\/concursos\/wp-json\/wp\/v2\/instituicoes?post=187698"}],"curies":[{"name":"wp","href":"https:\/\/api.w.org\/{rel}","templated":true}]}}