{"id":185003,"date":"2022-03-22T11:03:25","date_gmt":"2022-03-22T14:03:25","guid":{"rendered":"https:\/\/www.agrobase.com.br\/concursos\/?p=185003"},"modified":"2022-03-24T15:44:34","modified_gmt":"2022-03-24T18:44:34","slug":"conif-selecao-bolsa-mestrado-espanha","status":"publish","type":"post","link":"https:\/\/www.agrobase.com.br\/concursos\/2022\/conif-selecao-bolsa-mestrado-espanha\/","title":{"rendered":"CONIF: Sele\u00e7\u00e3o para Bolsa de Mestrado na Espanha"},"content":{"rendered":"<p>O <a href=\"http:\/\/portal.conif.org.br\/\" rel=\"noopener\" target=\"_blank\">Conif<\/a>, junto da <em><a href=\"https:\/\/www.ujaen.es\/\" rel=\"noopener\" target=\"_blank\">Universidad de Ja\u00e9n<\/a><\/em>, na Espanha, seleciona estudantes de gradua\u00e7\u00e3o para bolsa de mestrado na Espanha.<\/p>\n<p>Conforme o edital da Chamada P\u00fablica informa:<\/p>\n<blockquote><p>O Conselho Nacional das Institui\u00e7\u00f5es da Rede Federal de Educa\u00e7\u00e3o Profissional, Cient\u00edfica e Tecnol\u00f3gica (Conif) torna p\u00fablico o processo para sele\u00e7\u00e3o de estudantes gradua\u00e7\u00e3o (bacharelado, licenciatura e tecn\u00f3logos) da Rede Federal de Educa\u00e7\u00e3o Profissional, Cient\u00edfica e Tecnol\u00f3gica para receberem bolsas de estudo de mestrado oferecidos pela <em>Universidad de Ja\u00e9n<\/em>, na Espanha, em parceria com o Escrit\u00f3rio de Educa\u00e7\u00e3o da Embaixada da Espanha.<\/p><\/blockquote>\n<p>O Edital objetiva selecionar 01 (um) estudante de gradua\u00e7\u00e3o (licenciatura, bacharelado ou tecn\u00f3logo) da Rede Federal de Educa\u00e7\u00e3o Profissional, Cient\u00edfica e Tecnol\u00f3gica para receber bolsa de estudo de mestrado oferecida na Espanha, pela <em>Universidad de Ja\u00e9n<\/em>. O programa \u00e9 resultado da parceria do \u00d3rg\u00e3o federal com o Escrit\u00f3rio de Educa\u00e7\u00e3o da Embaixada da Espanha.<\/p>\n<p>O cadastro reserva constar\u00e1 de at\u00e9 10 (dez) vagas que constituir\u00e3o lista \u00fanica de reserva, elaborada pelo Escrit\u00f3rio de Educa\u00e7\u00e3o da Embaixada da Espanha, composta por candidatos das institui\u00e7\u00f5es brasileiras \u00e0s quais foram destinadas bolsas de estudo, conforme <em>Programa de becas de atracci\u00f3n del talento para estudios de m\u00e1ster de la Universidad de Ja\u00e9n en el Curso Acad\u00e9mico 2022\/2023<\/em>.<\/p>\n<p>Ser\u00e1 disponibilizada bolsa de mestrado na <em>Universidad de Ja\u00e9n<\/em>, que inclui:<\/p>\n<ul>\n<li>Cem por cento (100%) dos gastos de matr\u00edcula dos cr\u00e9ditos requeridos para a forma\u00e7\u00e3o completa do programa de mestrado (entre 60 e 120 ECTS) &#8211; Anualmente ser\u00e3o contemplados os gastos de primeira matr\u00edcula de um curso completo (60 ECTS). O candidato que deseje se matricular em mais cr\u00e9ditos anuais, dever\u00e1 arcar com os custos adicionais. N\u00e3o ser\u00e3o aceitas matr\u00edculas inferiores a 60 ECTS por ano;<\/li>\n<li>Ajuda de custo anual no valor de 3.000,00 \u0404 (tr\u00eas mil euros);<\/li>\n<li>Seguro de sa\u00fade (enfermidade\/hospitaliza\u00e7\u00e3o), repatria\u00e7\u00e3o, acidentes e responsabilidade civil durante o per\u00edodo de vig\u00eancia da bolsa;<\/li>\n<li>Curso de espanhol.<\/li>\n<\/ul>\n<p>Os demais custos com a documenta\u00e7\u00e3o, a viagem e a estadia na Espanha s\u00e3o de inteira e exclusiva responsabilidade do(a) candidato(a);<\/p>\n<p>Os candidatos poder\u00e3o requerer bolsas para os seguintes programas de mestrado:<\/p>\n<p><em>Ingenier\u00eda de Telecomunicaci\u00f3n &#8211; En ingl\u00e9s (campus Linares); Ingenier\u00eda Industrial (campus de Ja\u00e9n); Ingenier\u00eda Geod\u00e9sica y Geof\u00edsica aplicada (campus de Ja\u00e9n); Ingenier\u00eda de Minas (campus Linares); Ingenier\u00eda Geom\u00e1tica y Geoinformaci\u00f3n (campus Ja\u00e9n); Seguridad Inform\u00e1tica (campus Ja\u00e9n); Ingenier\u00eda Inform\u00e1tica (campus Ja\u00e9n); Ingenier\u00eda Mecatr\u00f3nica (campus Ja\u00e9n); Ingenier\u00eda de los Materiales y Construcci\u00f3n Sostenible (campus Linares); Industria Conectada (campus Linares); Energ\u00edas Renovables (campus Ja\u00e9n); Ingenier\u00eda del Transporte Terrestre y Log\u00edstica (campus Linares); Biotecnolog\u00eda y Biomedicina; Gerontolog\u00eda: Longevidad, Salud y Calidad; Investigaci\u00f3n y Docencia en Ciencias de la Actividad F\u00edsica y Salud; Investigaci\u00f3n en Ciencias de la Salud;<br \/>\nJusticia Penal y Sistema Penitenciario; Estudio Avanzado en Patrimonio Cultural: Historia, Arte y Territorio<\/em><\/p>\n<p>S\u00e3o requisitos para participa\u00e7\u00e3o neste Edital:<\/p>\n<ul>\n<li>ter conclu\u00eddo ou estar em condi\u00e7\u00f5es de concluir a gradua\u00e7\u00e3o (bacharelado, licenciatura ou tecn\u00f3logo) em Instituto Federal de Educa\u00e7\u00e3o, Ci\u00eancia e Tecnologia, Centro Federal de Educa\u00e7\u00e3o Tecnol\u00f3gica ou Col\u00e9gio Pedro II ap\u00f3s 31 de julho de 2021 e antes de 31 de julho de 2022;<\/li>\n<li>possuir m\u00e9dia geral global das disciplinas igual ou superior a 70%;<\/li>\n<li>ser cidad\u00e3o brasileiro;<\/li>\n<li>ter no m\u00ednimo 18 anos at\u00e9 setembro de 2022.<\/li>\n<\/ul>\n<h2>Inscri\u00e7\u00f5es Bolsa Mestrado Espanha<\/h2>\n<p>Candidatos devem submeter sua inscri\u00e7\u00e3o por meio do formul\u00e1rio de inscri\u00e7\u00e3o, at\u00e9 \u00e0s 23h59 do dia <strong>10 de abril de 2022<\/strong>, conforme cronograma do Edital, incluindo as c\u00f3pias<br \/>\ndos seguintes documentos:<\/p>\n<ul>\n<li>formul\u00e1rio de inscri\u00e7\u00e3o devidamente preenchido pelo(a) candidato(a) &#8211; dispon\u00edvel em: <a href=\"https:\/\/forms.gle\/paNyCnek4eRVHnnL9\" rel=\"noopener\" target=\"_blank\">https:\/\/forms.gle\/paNyCnek4eRVHnnL9<\/a>;<\/li>\n<li>diploma de conclus\u00e3o da gradua\u00e7\u00e3o (bacharelado, licenciatura ou tecn\u00f3logo) ou declara\u00e7\u00e3o da institui\u00e7\u00e3o de origem do(a) candidato(a) que comprove o atendimento do requisito previsto no item 5.1.a;<\/li>\n<li>hist\u00f3rico acad\u00eamico do curso de ensino m\u00e9dio fornecido pela institui\u00e7\u00e3o que comprove o atendimento do requisito previsto no item 5.1.b;<\/li>\n<li>(Se houver) Diploma de Espa\u00f1ol como Lengua Extranjera (DELE) ou Servicio Internacional de Evaluaci\u00f3n de la Lengua Espa\u00f1ola (SIELE) ou declara\u00e7\u00e3o do(a) candidato(a) atestando o atendimento do requisito previsto no item 4.1.c.<\/li>\n<li>No caso dos candidatos ao mestrado em Ingenier\u00eda de Telecomunicaci\u00f3n (em ingl\u00eas) \u00e9 recomendada, por\u00e9m n\u00e3o obrigat\u00f3ria, a apresenta\u00e7\u00e3o de comprovante de profici\u00eancia na l\u00edngua inglesa.<\/li>\n<li>documento oficial com foto;<\/li>\n<li>termo de consentimento e libera\u00e7\u00e3o de informa\u00e7\u00f5es e imagens dispon\u00edvel no formul\u00e1rio de inscri\u00e7\u00e3o;<\/li>\n<\/ul>\n<p>Os documentos descritos acima devem ser inseridos em formato PDF, em arquivo \u00fanico e inseridos no pr\u00f3prio formul\u00e1rio de inscri\u00e7\u00e3o at\u00e9 \u00e0s 23h59 do dia 10 de abril de 2022.<\/p>\n<h2>Avalia\u00e7\u00e3o<\/h2>\n<p>A sele\u00e7\u00e3o para Bolsa Mestrado Espanha ser\u00e1 realizada em fase \u00fanica, a saber;<\/p>\n<ol>\n<li><strong>An\u00e1lise de Documentos.<\/strong> Ser\u00e3o avaliados pela Nota m\u00e9dia dos \u00faltimos dois anos de estudo, calculado em uma escala de 0,00 a 10,00; Conhecimento acreditado do espanhol (mediante apresenta\u00e7\u00e3o do certificado de espanhol &#8211; DELE ou SIELE) N\u00edvel m\u00ednimo B1; N\u00edvel B2 ou N\u00edvel C1, cada n\u00edvel acima do B1 ser\u00e1 acrescentado 0,50 pontos ou 1,0, respectivamente, \u00e0 nota final.<\/li>\n<\/ol>\n<h2>Resultado Bolsa Mestrado Espanha<\/h2>\n<p>O resultado final ser\u00e1 divulgado por e-mail aos assessores internacionais de cada institui\u00e7\u00e3o, aos(as) candidatos(as) aprovados(as) e tamb\u00e9m no site oficial do Conif: http:\/\/portal.conif.org.br, at\u00e9 o dia <strong>14 de abril de 2022<\/strong>, conforme cronograma oficial da sele\u00e7\u00e3o.<\/p>\n","protected":false},"excerpt":{"rendered":"<p>O Conif, junto da Universidad de Ja\u00e9n, na Espanha, seleciona estudantes de gradua\u00e7\u00e3o para bolsas de mestrado na Espanha.<\/p>\n","protected":false},"author":7,"featured_media":185005,"comment_status":"open","ping_status":"open","sticky":false,"template":"","format":"standard","meta":{"_acf_changed":false,"_breakdance_hide_in_design_set":false,"_breakdance_tags":"","footnotes":""},"categories":[133,7,8,126,121,10,11,12,151,125,111,100,21,159],"tags":[4892,88],"_amplo":[],"destaque":[],"instituicoes":[6120],"class_list":["post-185003","post","type-post","status-publish","format-standard","has-post-thumbnail","hentry","category-engenharia-mecatronica","category-biomedicina","category-biotecnologia","category-ciencia-computacao","category-ciencias-sociais","category-direito","category-educacao-fisica","category-enfermagem","category-engenharia-computacao","category-engenharia-producao","category-geografia","category-historia","category-medicina","category-tecnologia-da-informacao","tag-internacional","tag-nacional","instituicoes-conselho-nacional-das-instituicoes-da-rede-federal-de-educacao-profissional-cientifica-e-tecnologica-conif"],"acf":{"_tipo_vagas":"vagas + cadastro de reserva","_numero_vagas":1,"_quadro_vagas":null,"_cargos":"diversos","_cargos_especificos":"","_salario_max":"R$","_abertura":"20220321","_encerramento":"20220410","_inscricoes":"","_executora_concurso":"","_instituicao_concurso":[6120],"_link_adicional":null,"_anexos":[{"_arquivo_anexo":185004,"_titulo_anexo":"Edital de Abertura"}],"_produtos":null,"_vagas":"","_salario_min":"","_instituicao":"","_edital":"","_anexos_edital":"","_fund_incompleto":"","_fund_completo":"","_medio":"","_superior":""},"_links":{"self":[{"href":"https:\/\/www.agrobase.com.br\/concursos\/wp-json\/wp\/v2\/posts\/185003","targetHints":{"allow":["GET"]}}],"collection":[{"href":"https:\/\/www.agrobase.com.br\/concursos\/wp-json\/wp\/v2\/posts"}],"about":[{"href":"https:\/\/www.agrobase.com.br\/concursos\/wp-json\/wp\/v2\/types\/post"}],"author":[{"embeddable":true,"href":"https:\/\/www.agrobase.com.br\/concursos\/wp-json\/wp\/v2\/users\/7"}],"replies":[{"embeddable":true,"href":"https:\/\/www.agrobase.com.br\/concursos\/wp-json\/wp\/v2\/comments?post=185003"}],"version-history":[{"count":0,"href":"https:\/\/www.agrobase.com.br\/concursos\/wp-json\/wp\/v2\/posts\/185003\/revisions"}],"acf:term":[{"embeddable":true,"taxonomy":"instituicoes","href":"https:\/\/www.agrobase.com.br\/concursos\/wp-json\/wp\/v2\/instituicoes\/6120"}],"wp:featuredmedia":[{"embeddable":true,"href":"https:\/\/www.agrobase.com.br\/concursos\/wp-json\/wp\/v2\/media\/185005"}],"wp:attachment":[{"href":"https:\/\/www.agrobase.com.br\/concursos\/wp-json\/wp\/v2\/media?parent=185003"}],"wp:term":[{"taxonomy":"category","embeddable":true,"href":"https:\/\/www.agrobase.com.br\/concursos\/wp-json\/wp\/v2\/categories?post=185003"},{"taxonomy":"post_tag","embeddable":true,"href":"https:\/\/www.agrobase.com.br\/concursos\/wp-json\/wp\/v2\/tags?post=185003"},{"taxonomy":"_amplo","embeddable":true,"href":"https:\/\/www.agrobase.com.br\/concursos\/wp-json\/wp\/v2\/_amplo?post=185003"},{"taxonomy":"destaque","embeddable":true,"href":"https:\/\/www.agrobase.com.br\/concursos\/wp-json\/wp\/v2\/destaque?post=185003"},{"taxonomy":"instituicoes","embeddable":true,"href":"https:\/\/www.agrobase.com.br\/concursos\/wp-json\/wp\/v2\/instituicoes?post=185003"}],"curies":[{"name":"wp","href":"https:\/\/api.w.org\/{rel}","templated":true}]}}