{"id":184998,"date":"2022-03-22T10:28:42","date_gmt":"2022-03-22T13:28:42","guid":{"rendered":"https:\/\/www.agrobase.com.br\/concursos\/?p=184998"},"modified":"2022-03-22T10:28:42","modified_gmt":"2022-03-22T13:28:42","slug":"conif-seleciona-estudantes-para-bolsa-de-estudos-espanha","status":"publish","type":"post","link":"https:\/\/www.agrobase.com.br\/concursos\/2022\/conif-seleciona-estudantes-para-bolsa-de-estudos-espanha\/","title":{"rendered":"Conif Seleciona Estudantes para Bolsa de Estudos na Espanha"},"content":{"rendered":"<p>O <a href=\"http:\/\/portal.conif.org.br\/\" rel=\"noopener\" target=\"_blank\">Conif<\/a>, em parceria com a <em><a href=\"https:\/\/www.ujaen.es\/\" rel=\"noopener\" target=\"_blank\">Universidad de Ja\u00e9n<\/a><\/em>, na Espanha, seleciona estudante de n\u00edvel m\u00e9dio para bolsa de estudos na Espanha.<\/p>\n<p>Conforme determina o edital da Chamada P\u00fablica:<\/p>\n<blockquote><p>O Conselho Nacional das Institui\u00e7\u00f5es da Rede Federal de Educa\u00e7\u00e3o Profissional, Cient\u00edfica e Tecnol\u00f3gica (Conif) torna p\u00fablico o processo para sele\u00e7\u00e3o de estudantes de ensino m\u00e9dio da Rede Federal de Educa\u00e7\u00e3o Profissional, Cient\u00edfica e Tecnol\u00f3gica para receberem bolsas de estudo de gradua\u00e7\u00e3o oferecidos pela Universidad de Ja\u00e9n, na Espanha, em parceria com o Escrit\u00f3rio de Educa\u00e7\u00e3o da Embaixada da Espanha.<\/p><\/blockquote>\n<p>O Edital objetiva selecionar 02 (dois) estudantes de ensino m\u00e9dio da Rede Federal de Educa\u00e7\u00e3o Profissional, Cient\u00edfica e Tecnol\u00f3gica para receber bolsa de estudo de gradua\u00e7\u00e3o oferecida na Espanha, pela <em>Universidad de Ja\u00e9n<\/em>. O programa \u00e9 resultado de uma parceria com o Escrit\u00f3rio de Educa\u00e7\u00e3o da Embaixada da Espanha.<\/p>\n<p>O cadastro reserva constar\u00e1 de at\u00e9 20 (vinte) vagas que constituir\u00e1 lista \u00fanica de reserva elaborada pelo Escrit\u00f3rio de Educa\u00e7\u00e3o da Embaixada da Espanha.<\/p>\n<p>Ser\u00e3o disponibilizadas duas bolsas de estudo para gradua\u00e7\u00e3o na <em>Universidad de Ja\u00e9n<\/em>, que incluem:<\/p>\n<ul>\n<li>Cem por cento (100%) dos gastos de matr\u00edcula dos cr\u00e9ditos requeridos para aforma\u00e7\u00e3o completa do programa de gradua\u00e7\u00e3o (240 ECTS);<\/li>\n<li>Ajuda de custo anual no valor de 2.200,00 \u0404 (dois mil e duzentos euros);<\/li>\n<li>Seguro de sa\u00fade (enfermidade\/hospitaliza\u00e7\u00e3o), repatria\u00e7\u00e3o, acidentes e responsabilidade civil durante o per\u00edodo de vig\u00eancia da bolsa;<\/li>\n<li>Curso de espanhol.<\/li>\n<\/ul>\n<p>Dever\u00e1 ser destinada uma vaga para estudante que opte pela gradua\u00e7\u00e3o no campus de Linares.<\/p>\n<p>Os demais custos com a documenta\u00e7\u00e3o, a viagem e a estadia na Espanha s\u00e3o de inteira e exclusiva responsabilidade do(a) candidato(a);<\/p>\n<p>Os candidatos poder\u00e3o requerer bolsas para os seguintes programas de gradua\u00e7\u00e3o:<\/p>\n<p><em>Grado en Ingenier\u00eda Civil (campus Linares); Grado en Ingenier\u00eda El\u00e9ctrica (campus de Ja\u00e9n); Grado en Ingenier\u00eda El\u00e9ctrica (campus de Linares); Grado en Ingenier\u00eda Geom\u00e1tica y Topograf\u00eda (campus Ja\u00e9n); Grado en Ingenier\u00eda Mec\u00e1nica (campus Linares); Grado en Ingenier\u00eda de Qu\u00edmica Industrial (campus Linares); Grado en Ingenier\u00eda de Recursos Energ\u00e9ticos (campus Linares); Grado en Ingenier\u00eda de Tecnolog\u00edas Mineras (campus Linares); Grado en Ingenier\u00eda de la Telecomunicaci\u00f3n (campus Linares); Grado en Ingenier\u00eda Telem\u00e1tica (campus Linares)<\/em><\/p>\n<p>S\u00e3o requisitos para participa\u00e7\u00e3o neste Edital:<\/p>\n<ul>\n<li>ter conclu\u00eddo ou estar em condi\u00e7\u00f5es de concluir o ensino m\u00e9dio e\/ou t\u00e9cnico em Instituto Federal de Educa\u00e7\u00e3o, Ci\u00eancia e Tecnologia, Centro Federal de Educa\u00e7\u00e3o Tecnol\u00f3gica ou Col\u00e9gio Pedro II ap\u00f3s 31 de julho de 2021 e antes de 31 de julho de 2022;<\/li>\n<li>possuir m\u00e9dia geral global das disciplinas do segundo e terceiro ano do ensino m\u00e9dio igual ou superior a 70%;<\/li>\n<li>ser cidad\u00e3o brasileiro;<\/li>\n<li>ter no m\u00ednimo 18 anos at\u00e9 setembro de 2022.<\/li>\n<\/ul>\n<h2>Inscri\u00e7\u00f5es Bolsa de Estudos Espanha<\/h2>\n<p>Candidatos devem submeter sua inscri\u00e7\u00e3o por meio do formul\u00e1rio de inscri\u00e7\u00e3o, at\u00e9 \u00e0s 23h59 do dia <strong>10 de abril de 2022<\/strong>, conforme cronograma do Edital, incluindo as c\u00f3pias<br \/>\ndos seguintes documentos:<\/p>\n<ul>\n<li>formul\u00e1rio de inscri\u00e7\u00e3o devidamente preenchido pelo(a) candidato(a) &#8211; dispon\u00edvel em: <a href=\"https:\/\/forms.gle\/5EhHARBrWeyyTUBG8\" rel=\"noopener\" target=\"_blank\">https:\/\/forms.gle\/5EhHARBrWeyyTUBG8<\/a>;<\/li>\n<li>diploma de conclus\u00e3o do ensino m\u00e9dio ou declara\u00e7\u00e3o da institui\u00e7\u00e3o de origem do(a) candidato(a) que comprove o atendimento do requisito previsto no item 5.1.a;<\/li>\n<li>hist\u00f3rico acad\u00eamico do curso de ensino m\u00e9dio fornecido pela institui\u00e7\u00e3o que comprove o atendimento do requisito previsto no item 5.1.b;<\/li>\n<li>(Se houver) Diploma de Espa\u00f1ol como Lengua Extranjera (DELE) ou Servicio Internacional de Evaluaci\u00f3n de la Lengua Espa\u00f1ola (SIELE) ou declara\u00e7\u00e3o do(a) candidato(a) atestando o atendimento do requisito previsto no item 4.1.c;<\/li>\n<li>documento oficial com foto;<\/li>\n<li>termo de consentimento e libera\u00e7\u00e3o de informa\u00e7\u00f5es e imagens dispon\u00edvel no formul\u00e1rio de inscri\u00e7\u00e3o;<\/li>\n<\/ul>\n<p>Os documentos descritos acima devem ser inseridos em formato PDF, em arquivo \u00fanico.<\/p>\n<h2>Avalia\u00e7\u00e3o<\/h2>\n<p>A sele\u00e7\u00e3o para Bolsa de Estudos Espanha ser\u00e1 realizada em fase \u00fanica, a saber;<\/p>\n<ol>\n<li><strong>An\u00e1lise de Documentos.<\/strong> Ser\u00e3o avaliados pela Nota m\u00e9dia dos \u00faltimos dois anos de estudo, calculado em uma escala de 0,00 a 10,00; Conhecimento acreditado do espanhol (mediante apresenta\u00e7\u00e3o do certificado de espanhol &#8211; DELE ou SIELE) N\u00edvel m\u00ednimo B1; N\u00edvel B2 ou N\u00edvel C1, cada n\u00edvel acima do B1 ser\u00e1 acrescentado 0,50 pontos ou 1,0, respectivamente, \u00e0 nota final.<\/li>\n<\/ol>\n<h2>Resultado Bolsa Estudos Espanha<\/h2>\n<p>O resultado final ser\u00e1 divulgado por e-mail aos assessores internacionais de cada institui\u00e7\u00e3o, aos(as) candidatos(as) aprovados(as) e tamb\u00e9m no site oficial do Conif: http:\/\/portal.conif.org.br, at\u00e9 o dia <strong>14 de abril de 2022<\/strong>, conforme cronograma constante no Edital abaixo.<\/p>\n","protected":false},"excerpt":{"rendered":"<p>O Conif, em parceria com a <em>Universidad de Ja\u00e9n<\/em>, na Espanha, seleciona estudante de n\u00edvel m\u00e9dio para bolsa de estudos na Espanha.<\/p>\n","protected":false},"author":7,"featured_media":185001,"comment_status":"open","ping_status":"open","sticky":false,"template":"","format":"standard","meta":{"_acf_changed":false,"_breakdance_hide_in_design_set":false,"_breakdance_tags":"","footnotes":""},"categories":[14,103,104,102],"tags":[4892,88],"_amplo":[],"destaque":[],"instituicoes":[6120],"class_list":["post-184998","post","type-post","status-publish","format-standard","has-post-thumbnail","hentry","category-engenharia","category-engenharia-eletrica","category-engenharia-mecanica","category-engenharia-quimica","tag-internacional","tag-nacional","instituicoes-conselho-nacional-das-instituicoes-da-rede-federal-de-educacao-profissional-cientifica-e-tecnologica-conif"],"acf":{"_tipo_vagas":"vagas + cadastro de reserva","_numero_vagas":2,"_quadro_vagas":null,"_cargos":"diversos","_cargos_especificos":"","_salario_max":"R$","_abertura":"20220321","_encerramento":"20220410","_inscricoes":"","_executora_concurso":"","_instituicao_concurso":[6120],"_link_adicional":null,"_anexos":[{"_arquivo_anexo":185000,"_titulo_anexo":"Edital de Abertura"}],"_produtos":null,"_vagas":"","_salario_min":"","_instituicao":"","_edital":"","_anexos_edital":"","_fund_incompleto":"","_fund_completo":"","_medio":"","_superior":""},"_links":{"self":[{"href":"https:\/\/www.agrobase.com.br\/concursos\/wp-json\/wp\/v2\/posts\/184998","targetHints":{"allow":["GET"]}}],"collection":[{"href":"https:\/\/www.agrobase.com.br\/concursos\/wp-json\/wp\/v2\/posts"}],"about":[{"href":"https:\/\/www.agrobase.com.br\/concursos\/wp-json\/wp\/v2\/types\/post"}],"author":[{"embeddable":true,"href":"https:\/\/www.agrobase.com.br\/concursos\/wp-json\/wp\/v2\/users\/7"}],"replies":[{"embeddable":true,"href":"https:\/\/www.agrobase.com.br\/concursos\/wp-json\/wp\/v2\/comments?post=184998"}],"version-history":[{"count":0,"href":"https:\/\/www.agrobase.com.br\/concursos\/wp-json\/wp\/v2\/posts\/184998\/revisions"}],"acf:term":[{"embeddable":true,"taxonomy":"instituicoes","href":"https:\/\/www.agrobase.com.br\/concursos\/wp-json\/wp\/v2\/instituicoes\/6120"}],"wp:featuredmedia":[{"embeddable":true,"href":"https:\/\/www.agrobase.com.br\/concursos\/wp-json\/wp\/v2\/media\/185001"}],"wp:attachment":[{"href":"https:\/\/www.agrobase.com.br\/concursos\/wp-json\/wp\/v2\/media?parent=184998"}],"wp:term":[{"taxonomy":"category","embeddable":true,"href":"https:\/\/www.agrobase.com.br\/concursos\/wp-json\/wp\/v2\/categories?post=184998"},{"taxonomy":"post_tag","embeddable":true,"href":"https:\/\/www.agrobase.com.br\/concursos\/wp-json\/wp\/v2\/tags?post=184998"},{"taxonomy":"_amplo","embeddable":true,"href":"https:\/\/www.agrobase.com.br\/concursos\/wp-json\/wp\/v2\/_amplo?post=184998"},{"taxonomy":"destaque","embeddable":true,"href":"https:\/\/www.agrobase.com.br\/concursos\/wp-json\/wp\/v2\/destaque?post=184998"},{"taxonomy":"instituicoes","embeddable":true,"href":"https:\/\/www.agrobase.com.br\/concursos\/wp-json\/wp\/v2\/instituicoes?post=184998"}],"curies":[{"name":"wp","href":"https:\/\/api.w.org\/{rel}","templated":true}]}}