{"id":183108,"date":"2022-02-15T13:35:09","date_gmt":"2022-02-15T16:35:09","guid":{"rendered":"https:\/\/www.agrobase.com.br\/concursos\/?p=183108"},"modified":"2022-02-17T11:05:12","modified_gmt":"2022-02-17T14:05:12","slug":"concurso-publico-prefeitura-viamao-rs-edital-001-2022-e-002-2022","status":"publish","type":"post","link":"https:\/\/www.agrobase.com.br\/concursos\/2022\/concurso-publico-prefeitura-viamao-rs-edital-001-2022-e-002-2022\/","title":{"rendered":"Concurso P\u00fablico Prefeitura Viam\u00e3o &#8211; RS | Edital 001\/2022 e 002\/2022"},"content":{"rendered":"<p>Em car\u00e1ter efetivo, s\u00e3o abertos dois editais de Concurso P\u00fablico da Prefeitura de <a href=\"https:\/\/www.viamao.rs.gov.br\/\" title=\"Prefeitura de Viam\u00e3o\" target=\"_blank\" rel=\"noopener\">Viam\u00e3o (RS)<\/a>, os quais visam preencher 370 oportunidades de emprego p\u00fablico na administra\u00e7\u00e3o municipal.<\/p>\n<h2>Cargos e Remunera\u00e7\u00e3o<\/h2>\n<p>As <strong>343<\/strong> oportunidades de emprego anunciadas pelo Concurso P\u00fablico 001\/2022 da Prefeitura de <a href=\"https:\/\/pt.wikipedia.org\/wiki\/Viam\u00e3o\" title=\"Cidade de Viam\u00e3o\" target=\"_blank\" rel=\"noopener\">Viam\u00e3o<\/a> s\u00e3o destinadas ao preenchimento em fun\u00e7\u00f5es de n\u00edvel fundamental, m\u00e9dio\/ t\u00e9cnico e superior.<\/p>\n<p>Os contratados, na ocasi\u00e3o do edital 001\/2022, atuar\u00e3o em cargas hor\u00e1rias de <strong>20h<\/strong>, <strong>30h<\/strong> ou <strong>40 horas por semana<\/strong>, recebendo sal\u00e1rios que variam de <strong>R$ 1.550,00<\/strong> a <strong>R$ 14.000,00<\/strong>. <\/p>\n<h2>Concurso P\u00fablico 001\/2022 &#8211; Prefeitura Municipal de Viam\u00e3o<\/h2>\n<p><strong>Ensino Superior:<\/strong> Advogado; Analista de Licita\u00e7\u00f5es (1); Analista de Sistema; Analista de Tecnologia da Informa\u00e7\u00e3o N\u00edvel I (1); Assistente Social; <a href=\"https:\/\/www.agrobase.com.br\/concursos\/vagas\/biologia\/\" rel=\"noopener\" target=\"_blank\">Bi\u00f3logo<\/a>; Bioqu\u00edmico; Contador; Economista (1); Educador F\u00edsico (5); Enfermeiro &#8211; 30h; Enfermeiro &#8211; 40h (30); <a href=\"https:\/\/www.agrobase.com.br\/concursos\/vagas\/engenharia-ambiental\/\" rel=\"noopener\" target=\"_blank\">Engenharia Ambiental<\/a>; Engenharia Civil; Engenharia de Energia; Engenharia El\u00e9trica; <a href=\"https:\/\/www.agrobase.com.br\/concursos\/vagas\/engenharia-florestal\/\" rel=\"noopener\" target=\"_blank\">Engenharia Florestal<\/a>; Engenheiro Cartogr\u00e1fico; Farmac\u00eautico; Fiscal da \u00c1rea da Sa\u00fade (1); Fiscal de Minas e Energia (1); Fiscal de Planejamento (1); Fiscal Florestal (1); Fisioterapeuta (3); Fonoaudi\u00f3logo &#8211; 30h (3); Fonoaudi\u00f3logo &#8211; 40h (2); Ge\u00f3grafo(2); Ge\u00f3logo; Jornalista; M\u00e9dico Aten\u00e7\u00e3o Integral Sa\u00fade da Fam\u00edlia (10); M\u00e9dico Cardiologista; M\u00e9dico Cl\u00ednico Geral; M\u00e9dico Dermatologista; M\u00e9dico Endocrinologista; M\u00e9dico ESF\/Aten\u00e7\u00e3o B\u00e1sica &#8211; 20 horas; M\u00e9dico especialista em Traumatologia e ortopedia; M\u00e9dico Ginecologista e Obstetra; M\u00e9dico Neurologista; M\u00e9dico Neuropediatra; M\u00e9dico Pediatra; M\u00e9dico Psiquiatra; <a href=\"https:\/\/www.agrobase.com.br\/concursos\/vagas\/veterinaria\/\" rel=\"noopener\" target=\"_blank\">M\u00e9dico Veterin\u00e1rio<\/a>; <a href=\"https:\/\/www.agrobase.com.br\/concursos\/vagas\/nutricao\/\" rel=\"noopener\" target=\"_blank\">Nutricionista<\/a>; Odont\u00f3logo; Pedagogo (1); Psic\u00f3logo; Terapeuta Ocupacional (3); Top\u00f3grafo; Turism\u00f3logo (1).<\/p>\n<p><strong>N\u00edvel T\u00e9cnico:<\/strong> <a href=\"https:\/\/www.agrobase.com.br\/concursos\/vagas\/tecnico-agricola\/\" rel=\"noopener\" target=\"_blank\">T\u00e9cnico Agr\u00edcola<\/a> (2); T\u00e9cnico em Enfermagem; T\u00e9cnico em Higiene Bucal; T\u00e9cnico em Manuten\u00e7\u00e3o da Tecnologia da Informa\u00e7\u00e3o N\u00edvel II (3); <a href=\"https:\/\/www.agrobase.com.br\/concursos\/vagas\/tecnico-ambiental\/\" rel=\"noopener\" target=\"_blank\">T\u00e9cnico em Meio Ambiente<\/a> (2); T\u00e9cnico em Nutri\u00e7\u00e3o (5); T\u00e9cnico em Nutri\u00e7\u00e3o; T\u00e9cnico em Seguran\u00e7a do Trabalho.<\/p>\n<p><strong>Ensino M\u00e9dio:<\/strong> Acompanhante Terap\u00eautico (3); Agente Comunit\u00e1rio de Sa\u00fade &#8211; Micro \u00e1rea &#8211; \u00c1guas claras (8); Agente Comunit\u00e1rio de Sa\u00fade &#8211; Micro \u00e1rea &#8211; Assentamento Setor A (1); Agente Comunit\u00e1rio de Sa\u00fade &#8211; Micro \u00e1rea &#8211; Assentamento setor B (1); Agente Comunit\u00e1rio de Sa\u00fade &#8211; Micro \u00e1rea &#8211; Assentamento setor C (1); Agente Comunit\u00e1rio de Sa\u00fade &#8211; Micro \u00e1rea &#8211; Cant\u00e3o da Lombas (1); Agente Comunit\u00e1rio de Sa\u00fade &#8211; Micro \u00e1rea &#8211; Cap\u00e3o da Porteira (4); Agente Comunit\u00e1rio de Sa\u00fade &#8211; Micro \u00e1rea &#8211; Cecilia (8); Agente Comunit\u00e1rio de Sa\u00fade &#8211; Micro \u00e1rea &#8211; Centro (4); Agente Comunit\u00e1rio de Sa\u00fade &#8211; Micro \u00e1rea &#8211; Estalagem (4); Agente Comunit\u00e1rio de Sa\u00fade &#8211; Micro \u00e1rea &#8211; Krahe (8); Agente Comunit\u00e1rio de Sa\u00fade &#8211; Micro \u00e1rea &#8211; Orieta (8); Agente Comunit\u00e1rio de Sa\u00fade &#8211; Micro \u00e1rea &#8211; S\u00e3o Lucas (10); Agente Comunit\u00e1rio de Sa\u00fade &#8211; Micro \u00e1rea &#8211; S\u00e3o Tom\u00e9 (8); Agente Comunit\u00e1rio de Sa\u00fade &#8211; Micro \u00e1rea &#8211; Esmeralda (8); Agente Comunit\u00e1rio de Sa\u00fade &#8211; Micro \u00e1rea &#8211; Planalto\/Parque Farroupilha (4); Agente Comunit\u00e1rio de Sa\u00fade &#8211; Micro \u00e1rea &#8211; Lomba do sab\u00e3o (2); Agente Comunit\u00e1rio de Sa\u00fade &#8211; Micro \u00e1rea &#8211; Luciana (6); Agente Comunit\u00e1rio de Sa\u00fade &#8211; Micro \u00e1rea &#8211; Marina (8); Agente Comunit\u00e1rio de Sa\u00fade &#8211; Micro \u00e1rea &#8211; Meneguine (12); Agente Comunit\u00e1rio de Sa\u00fade &#8211; Micro \u00e1rea &#8211; Monte Alegre (10); Agente Comunit\u00e1rio de Sa\u00fade &#8211; Micro \u00e1rea &#8211; Itapu\u00e3 (6); Agente Comunit\u00e1rio de Sa\u00fade &#8211; Micro \u00e1rea &#8211; Santa Isabel (12); Agente Comunit\u00e1rio de Sa\u00fade &#8211; Micro \u00e1rea &#8211; Universal (4); Agente Comunit\u00e1rio de Sa\u00fade &#8211; Micro \u00e1rea &#8211; Vila Elsa (12); Agente de Combate as Endemias &#8211; Micro \u00e1rea &#8211; \u00c1guas Claras (2); Agente de Combate \u00e0s Endemias &#8211; Micro \u00e1rea &#8211; Augusta Marina (2); Agente de Combate \u00e0s Endemias &#8211; Micro \u00e1rea &#8211; Augusta Maneguine (3); Agente de Combate \u00e0s Endemias &#8211; Micro \u00e1rea &#8211; Cap\u00e3o da Porteira (1); Agente de Combate \u00e0s Endemias &#8211; Micro \u00e1rea &#8211; Cec\u00edlia (2); Agente de Combate as Endemias &#8211; Micro \u00e1rea &#8211; Centro (3); Agente de Combate \u00e0s Endemias &#8211; Micro \u00e1rea &#8211; Esmeralda (2); Agente de Combate \u00e0s Endemias &#8211; Micro \u00e1rea &#8211; Estalagem (1); Agente de Combate \u00e0s Endemias &#8211; Micro \u00e1rea &#8211; Geral (9); Agente de Combate \u00e0s Endemias &#8211; Micro \u00e1rea &#8211; Itapu\u00e3 (2); Agente de Combate as Endemias &#8211; Micro \u00e1rea &#8211; Jardim Universit\u00e1rio (1); Agente de Combate as Endemias &#8211; Micro \u00e1rea &#8211; Santa Isabel (3); Agente de Combate \u00e0s Endemias &#8211; Micro \u00e1rea &#8211; Lomba do Sab\u00e3o (2); Agente de Combate as Endemias &#8211; Micro \u00e1rea &#8211; Monte Alegre (3); Agente de Combate \u00e0s Endemias &#8211; Micro \u00e1rea &#8211; S\u00e3o Lucas (3); Agente de Combate \u00e0s Endemias &#8211; Micro \u00e1rea &#8211; S\u00e3o Tom\u00e9 (2); Agente de Combate as Endemias &#8211; Micro \u00e1rea -Planalto (1); Agente de Combate as Endemias &#8211; Micro \u00e1rea &#8211; Universal (1); Agente de Combate \u00e0s Endemias &#8211; Micro \u00e1rea &#8211; Vila Elsa (3); Agente de Combate \u00e0s Endemias &#8211; Micro \u00e1rea &#8211; Krahe (2); Agente de Combate \u00e0s Endemias &#8211; Micro \u00e1rea &#8211; Orieta (2); Auxiliar Administrativo; Fiscal Municipal; Guarda Municipal; Monitor (7).<\/p>\n<p><strong>Ensino Fundamental:<\/strong> Auxiliar de Infraestrutura III (20); Eletricista (3); Mec\u00e2nico (2); Merendeira (10); Motorista; Operador de M\u00e1quinas; Servente (20). Instituto de Previd\u00eancia dos Servidores P\u00fablicos de Viam\u00e3o &#8211;<\/p>\n<p><strong>IPREV<\/strong><\/p>\n<p><strong>Ensino Superior:<\/strong> Advogado (1); Analista Tecnologia da Informa\u00e7\u00e3o; Atu\u00e1rio (1);Contador (1); Economista (1).<\/p>\n<p><strong>N\u00edvel T\u00e9cnico:<\/strong> T\u00e9cnico em Manuten\u00e7\u00e3o da Tecnologia da Informa\u00e7\u00e3o N\u00edvel II (1).<\/p>\n<p><strong>Ensino M\u00e9dio:<\/strong> Auxiliar Administrativo (1).<\/p>\n<p><strong>Empresa P\u00fablica de Tr\u00e2nsito de Viam\u00e3o<\/strong><\/p>\n<p><strong>Ensino Superior:<\/strong> Advogado; Assessor de Comunica\u00e7\u00e3o; Contador (4); Engenheiro Civil Tr\u00e1fego (1).<\/p>\n<p><strong>N\u00edvel T\u00e9cnico:<\/strong> T\u00e9cnico em Inform\u00e1tica -\u00canfase Suporte (1).<\/p>\n<p><strong>Ensino M\u00e9dio:<\/strong> Agente de Tr\u00e2nsito Transporte (6); Ensino Fundamental: Auxiliar Administrativo (6)<\/p>\n<p>Com <strong>cinco vagas<\/strong> o Concurso 002\/2022 apresenta vagas de n\u00edvel superior para professores em diversas \u00e1reas. As remunera\u00e7\u00f5es s\u00e3o de <strong>R$ 2.350,61<\/strong> para <strong>20 horas semanais<\/strong>, entretanto, para professores do magist\u00e9rio para educa\u00e7\u00e3o infantil o valor \u00e9 de <strong>R$ 1.808,16<\/strong> para <strong>40 horas<\/strong>.<\/p>\n<h2>Concurso P\u00fablico 002\/2022<\/h2>\n<p><strong>Ensino Superior:<\/strong> Professor de Ci\u00eancias; Professor de Educa\u00e7\u00e3o Art\u00edstica; Professor de Educa\u00e7\u00e3o F\u00edsica; Professor de Educa\u00e7\u00e3o Infantil; Professor de Geografia; Professor de Hist\u00f3ria; Professor de L\u00edngua Estrangeira Moderna Ingl\u00eas; Professor de Matem\u00e1tica; Professor de Portugu\u00eas; Professor de S\u00e9ries Iniciais. Ensino M\u00e9dio: Profissionais do Magist\u00e9rio para Educa\u00e7\u00e3o Infantil (5).<\/p>\n<h2>Inscri\u00e7\u00f5es<\/h2>\n<p>As inscri\u00e7\u00f5es para ambos os editais devem ser feitas seguindo o processo estabelecido em edital e transcrito abaixo, a saber:<\/p>\n<ul>\n<li><strong>Internet:<\/strong> caso deseje se inscrever acesse a ficha de inscri\u00e7\u00e3o no endere\u00e7o eletr\u00f4nico <a href=\"https:\/\/www.fundatec.org.br\/portal\/concursos\/index_concursos.php?concurso=649\" target=\"_blank\" rel=\"noopener\">www.fundatec.org.br<\/a>, do dia <strong>14 de fevereiro de 2022<\/strong> at\u00e9 o dia <strong>21 de mar\u00e7o de 2022<\/strong>.<\/li>\n<\/ul>\n<p>Ainda mais, h\u00e1 a necessidade de realizar pagamento de taxa de inscri\u00e7\u00e3o nos valores definidos abaixo:<\/p>\n<p><strong>R$ 180,00:<\/strong> para os concorrentes nos cargos de M\u00e9dicos;<br \/>\n<strong>R$ 150,00:<\/strong> para os concorrentes nos cargos de Advogado;<br \/>\n<strong>R$ 120,00:<\/strong> para os concorrentes nos cargos de n\u00edvel superior (exceto m\u00e9dicos e advogados);<br \/>\n<strong>R$ 85,00:<\/strong> para n\u00edvel t\u00e9cnico;<br \/>\n<strong>R$ 65,00:<\/strong> para n\u00edvel m\u00e9dio;<br \/>\n<strong>R$ 45,00:<\/strong> para fun\u00e7\u00f5es de n\u00edvel fundamental.<\/p>\n<h2>Provas<\/h2>\n<p>Como forma de avaliar os candidatos s\u00e3o apresentadas as seguintes provas, contudo, como s\u00e3o centenas de vagas e dois editais diferentes, \u00e9 necess\u00e1rio consultar o edital para verificar quais das seguintes provas s\u00e3o aplicadas ao cargo de seu interesse:<\/p>\n<ol>\n<li><strong>Prova Objetiva.<\/strong><\/li>\n<li><strong>Prova Discursiva.<\/strong><\/li>\n<li><strong>Prova Pr\u00e1tica.<\/strong><\/li>\n<li><strong>Teste de Aptid\u00e3o F\u00edsica.<\/strong><\/li>\n<\/ol>\n<h2>Resultado do Concurso P\u00fablico Prefeitura Viam\u00e3o<\/h2>\n<p>Finalmente, o resultado final dos certames de Viam\u00e3o est\u00e1 previsto para publica\u00e7\u00e3o publicado no website da Fundatec.<\/p>\n","protected":false},"excerpt":{"rendered":"<p>Em car\u00e1ter efetivo, s\u00e3o abertos dois editais de Concurso P\u00fablico da Prefeitura de Viam\u00e3o (RS), os quais visam preencher 370 oportunidades de emprego p\u00fablico na administra\u00e7\u00e3o municipal.<\/p>\n","protected":false},"author":7,"featured_media":183112,"comment_status":"open","ping_status":"open","sticky":false,"template":"","format":"standard","meta":{"_acf_changed":false,"_breakdance_hide_in_design_set":false,"_breakdance_tags":"","footnotes":""},"categories":[3,6,106,126,9,120,10,117,141,11,12,13,14,103,15,17,18,19,111,115,100,99,20,116,21,22,23,24,25,26,124,110,101,29,30,31,130,157,159,134,123],"tags":[58],"_amplo":[],"destaque":[],"instituicoes":[2942],"class_list":["post-183108","post","type-post","status-publish","format-standard","has-post-thumbnail","hentry","category-administracao","category-biologia","category-bioquimica","category-ciencia-computacao","category-ciencias-contabeis","category-comunicacao-social","category-direito","category-economia","category-educacao-artistica","category-educacao-fisica","category-enfermagem","category-engenharia-ambiental","category-engenharia","category-engenharia-eletrica","category-engenharia-florestal","category-farmacia","category-fisioterapia","category-fonoaudiologia","category-geografia","category-geologia","category-historia","category-jornalismo","category-letras","category-matematica","category-medicina","category-veterinaria","category-nutricao","category-odontologia","category-pedagogia","category-psicologia","category-publicidade","category-relacoes-publicas","category-servico-social","category-tecnico-agricola","category-tecnico-agropecuaria","category-tecnico-ambiental","category-tecnico-informatica","category-tecnico-seguranca-trabalho","category-tecnologia-da-informacao","category-terapia-ocupacional","category-turismo","tag-rio-grande-sul","instituicoes-prefeitura-municipal-de-viamao-rs"],"acf":{"_tipo_vagas":"vagas","_numero_vagas":370,"_quadro_vagas":null,"_cargos":"diversos","_cargos_especificos":"","_salario_max":"R$","_abertura":"20220214","_encerramento":"20220321","_inscricoes":"","_executora_concurso":39691,"_instituicao_concurso":[2942],"_link_adicional":null,"_anexos":[{"_arquivo_anexo":183110,"_titulo_anexo":"Edital 001\/2022"},{"_arquivo_anexo":183111,"_titulo_anexo":"Edital 002\/2022"},{"_arquivo_anexo":183486,"_titulo_anexo":"Altera\u00e7\u00e3o no Per\u00edodo de inscri\u00e7\u00f5es"}],"_produtos":null,"_vagas":"","_salario_min":"","_instituicao":"","_edital":"","_anexos_edital":"","_fund_incompleto":"","_fund_completo":"","_medio":"","_superior":""},"_links":{"self":[{"href":"https:\/\/www.agrobase.com.br\/concursos\/wp-json\/wp\/v2\/posts\/183108","targetHints":{"allow":["GET"]}}],"collection":[{"href":"https:\/\/www.agrobase.com.br\/concursos\/wp-json\/wp\/v2\/posts"}],"about":[{"href":"https:\/\/www.agrobase.com.br\/concursos\/wp-json\/wp\/v2\/types\/post"}],"author":[{"embeddable":true,"href":"https:\/\/www.agrobase.com.br\/concursos\/wp-json\/wp\/v2\/users\/7"}],"replies":[{"embeddable":true,"href":"https:\/\/www.agrobase.com.br\/concursos\/wp-json\/wp\/v2\/comments?post=183108"}],"version-history":[{"count":0,"href":"https:\/\/www.agrobase.com.br\/concursos\/wp-json\/wp\/v2\/posts\/183108\/revisions"}],"acf:term":[{"embeddable":true,"taxonomy":"instituicoes","href":"https:\/\/www.agrobase.com.br\/concursos\/wp-json\/wp\/v2\/instituicoes\/2942"}],"acf:post":[{"embeddable":true,"href":"https:\/\/www.agrobase.com.br\/concursos\/wp-json\/wp\/v2\/executora\/39691"}],"wp:featuredmedia":[{"embeddable":true,"href":"https:\/\/www.agrobase.com.br\/concursos\/wp-json\/wp\/v2\/media\/183112"}],"wp:attachment":[{"href":"https:\/\/www.agrobase.com.br\/concursos\/wp-json\/wp\/v2\/media?parent=183108"}],"wp:term":[{"taxonomy":"category","embeddable":true,"href":"https:\/\/www.agrobase.com.br\/concursos\/wp-json\/wp\/v2\/categories?post=183108"},{"taxonomy":"post_tag","embeddable":true,"href":"https:\/\/www.agrobase.com.br\/concursos\/wp-json\/wp\/v2\/tags?post=183108"},{"taxonomy":"_amplo","embeddable":true,"href":"https:\/\/www.agrobase.com.br\/concursos\/wp-json\/wp\/v2\/_amplo?post=183108"},{"taxonomy":"destaque","embeddable":true,"href":"https:\/\/www.agrobase.com.br\/concursos\/wp-json\/wp\/v2\/destaque?post=183108"},{"taxonomy":"instituicoes","embeddable":true,"href":"https:\/\/www.agrobase.com.br\/concursos\/wp-json\/wp\/v2\/instituicoes?post=183108"}],"curies":[{"name":"wp","href":"https:\/\/api.w.org\/{rel}","templated":true}]}}