{"id":182154,"date":"2022-01-18T08:53:30","date_gmt":"2022-01-18T11:53:30","guid":{"rendered":"https:\/\/www.agrobase.com.br\/concursos\/?p=182154"},"modified":"2022-01-21T10:32:57","modified_gmt":"2022-01-21T13:32:57","slug":"processo-seletivo-ufam-edital-002-2022-e-003-2022","status":"publish","type":"post","link":"https:\/\/www.agrobase.com.br\/concursos\/2022\/processo-seletivo-ufam-edital-002-2022-e-003-2022\/","title":{"rendered":"Processo Seletivo UFAM | Edital 002\/2022 e 003\/2022"},"content":{"rendered":"<p>A <a href=\"https:\/\/ufam.edu.br\/\" title=\"Universidade Federal do Amazonas\" target=\"_blank\" rel=\"noopener\">UFAM<\/a> determina a abertura das inscri\u00e7\u00f5es para dois Processos Seletivos para professores substitutos.<\/p>\n<h2>Cargos e Remunera\u00e7\u00e3o<\/h2>\n<p>Segundo confirmado atrav\u00e9s dos editais de abertura a divis\u00e3o das vagas se faz da seguinte forma:<\/p>\n<p>Edital 002\/2022:<\/p>\n<p>Coordena\u00e7\u00e3o Acad\u00eamica &#8211; Enfermagem no geral (3); Coordena\u00e7\u00e3o Acad\u00eamica &#8211; Enfermagem na sa\u00fade coletiva&#8221; (1); M\u00e9todos e T\u00e9cnicas (1); Coordena\u00e7\u00e3o Acad\u00eamica &#8211; Ci\u00eancia e Tecnologia de <a href=\"https:\/\/www.agrobase.com.br\/concursos\/vagas\/engenharia-alimentos\/\" rel=\"noopener\" target=\"_blank\">Alimentos<\/a>&#8221; (1); Engenharia Agr\u00edcola e Solos (1); Coordena\u00e7\u00e3o Acad\u00eamica &#8211; Psicologia Cl\u00ednica (1); Direito Aplicado (1); Colegiado de Fisioterapia (1); Contabilidade (3); Engenharia Civil &#8211; Hidr\u00e1ulica (1); Engenharia Civil &#8211; Infraestrutura (1); Engenharia Civil &#8211; Estruturas (1); Arquitetura e Urbanismo (1); Estat\u00edstica (1); Servi\u00e7o Social (2); Coordena\u00e7\u00e3o Acad\u00eamica &#8211; Educa\u00e7\u00e3o (1); Coordena\u00e7\u00e3o Acad\u00eamica &#8211; <a href=\"https:\/\/www.agrobase.com.br\/concursos\/vagas\/agronomia\/\" rel=\"noopener\" target=\"_blank\">Agronomia<\/a> (1); Curso de Letras &#8211; Letras L\u00edngua Inglesa (1); Curso de Letras &#8211; Letras L\u00edngua Inglesa e Literatura (1); L\u00edngua Portuguesa, Lingu\u00edstica, Est\u00e1gios, Metodologia e pr\u00e1ticas curriculares de L\u00edngua Portuguesa (1); Coordena\u00e7\u00e3o Acad\u00eamica &#8211; Qu\u00edmica e Produtos Naturais (1); Coordena\u00e7\u00e3o Acad\u00eamica &#8211; Matem\u00e1tica\/estat\u00edstica (1).<\/p>\n<p>Edital 003\/2022:<\/p>\n<p>Cl\u00ednica M\u00e9dica &#8211; Proped\u00eautica M\u00e9dica (1); Cl\u00ednica M\u00e9dica &#8211; Psiquiatria (2); Cl\u00ednica M\u00e9dica &#8211; Endocrinologia (1); Sa\u00fade Coletiva &#8211; Sa\u00fade Coletiva e\/ou Sa\u00fade P\u00fablica (1); Morfologia Anatomia Humana (2); Curso de Ci\u00eancias: Matem\u00e1tica e F\u00edsica &#8211; Ci\u00eancias Exatas (1); Coordena\u00e7\u00e3o Acad\u00eamica &#8211; Enfermagem em Urg\u00eancia\/Emerg\u00eancia e UTI (1); Coordena\u00e7\u00e3o Acad\u00eamica &#8211; Enfermagem (1); Coordena\u00e7\u00e3o Acad\u00eamica &#8211; Fisioterapia (2).<\/p>\n<p>Ap\u00f3s a contrata\u00e7\u00e3o, os profissionais dever\u00e3o cumprir jornadas semanais de trabalho de <strong>20h<\/strong> ou <strong>40 horas<\/strong>, com remunera\u00e7\u00e3o de <strong>R$ 2.236,32<\/strong> a <strong>R$ 3.130,85<\/strong>, acrescido de retribui\u00e7\u00e3o por titula\u00e7\u00e3o.<\/p>\n<h2>Inscri\u00e7\u00f5es<\/h2>\n<ul>\n<li><strong>Internet:<\/strong> O processo de inscri\u00e7\u00e3o em ambos os editais se inicia \u00e0s 10h do dia <strong>13 de janeiro de 2022<\/strong> e se encerra \u00e0s 17h do dia <strong>20 de janeiro de 2022<\/strong>. As inscri\u00e7\u00f5es s\u00e3o recebidas por meio do endere\u00e7o eletr\u00f4nico <a href=\"http:\/\/progesp.ufam.edu.br\/\" rel=\"noopener\" target=\"_blank\">progesp.ufam.edu.br<\/a>.<\/li>\n<\/ul>\n<h2>Provas<\/h2>\n<p>O presente processo seletivo simplificado ser\u00e1 realizado em duas etapas, a saber:<\/p>\n<ol>\n<li><strong>Prova Did\u00e1tica:<\/strong> de car\u00e1ter eliminat\u00f3rio e classificat\u00f3rio.<\/li>\n<li><strong>Prova de T\u00edtulos:<\/strong> de car\u00e1ter meramente classificat\u00f3rio.<\/li>\n<\/ol>\n","protected":false},"excerpt":{"rendered":"<p>A UFAM determina a abertura das inscri\u00e7\u00f5es para dois Processos Seletivos para professores substitutos.<\/p>\n","protected":false},"author":7,"featured_media":0,"comment_status":"open","ping_status":"open","sticky":false,"template":"","format":"standard","meta":{"_acf_changed":false,"_breakdance_hide_in_design_set":false,"_breakdance_tags":"","footnotes":""},"categories":[4,5,106,8,9,10,12,14,79,102,16,136,17,122,18,20,116,21,26,101],"tags":[41],"_amplo":[],"destaque":[],"instituicoes":[512],"class_list":["post-182154","post","type-post","status-publish","format-standard","hentry","category-agronomia","category-arquitetura","category-bioquimica","category-biotecnologia","category-ciencias-contabeis","category-direito","category-enfermagem","category-engenharia","category-engenharia-alimentos","category-engenharia-quimica","category-engenharia-sanitaria","category-estatistica","category-farmacia","category-fisica","category-fisioterapia","category-letras","category-matematica","category-medicina","category-psicologia","category-servico-social","tag-amazonas","instituicoes-universidade-federal-do-amazonas-ufam"],"acf":{"_tipo_vagas":"vagas","_numero_vagas":39,"_quadro_vagas":null,"_cargos":"professores","_cargos_especificos":"","_salario_max":"R$","_abertura":"20220113","_encerramento":"20220120","_inscricoes":"","_executora_concurso":"","_instituicao_concurso":[512],"_link_adicional":null,"_anexos":[{"_arquivo_anexo":182155,"_titulo_anexo":"Edital 002\/2022"},{"_arquivo_anexo":182156,"_titulo_anexo":"Edital 003\/2022"}],"_produtos":null,"_vagas":"","_salario_min":"","_instituicao":"","_edital":"","_anexos_edital":"","_fund_incompleto":"","_fund_completo":"","_medio":"","_superior":""},"_links":{"self":[{"href":"https:\/\/www.agrobase.com.br\/concursos\/wp-json\/wp\/v2\/posts\/182154","targetHints":{"allow":["GET"]}}],"collection":[{"href":"https:\/\/www.agrobase.com.br\/concursos\/wp-json\/wp\/v2\/posts"}],"about":[{"href":"https:\/\/www.agrobase.com.br\/concursos\/wp-json\/wp\/v2\/types\/post"}],"author":[{"embeddable":true,"href":"https:\/\/www.agrobase.com.br\/concursos\/wp-json\/wp\/v2\/users\/7"}],"replies":[{"embeddable":true,"href":"https:\/\/www.agrobase.com.br\/concursos\/wp-json\/wp\/v2\/comments?post=182154"}],"version-history":[{"count":0,"href":"https:\/\/www.agrobase.com.br\/concursos\/wp-json\/wp\/v2\/posts\/182154\/revisions"}],"acf:term":[{"embeddable":true,"taxonomy":"instituicoes","href":"https:\/\/www.agrobase.com.br\/concursos\/wp-json\/wp\/v2\/instituicoes\/512"}],"wp:attachment":[{"href":"https:\/\/www.agrobase.com.br\/concursos\/wp-json\/wp\/v2\/media?parent=182154"}],"wp:term":[{"taxonomy":"category","embeddable":true,"href":"https:\/\/www.agrobase.com.br\/concursos\/wp-json\/wp\/v2\/categories?post=182154"},{"taxonomy":"post_tag","embeddable":true,"href":"https:\/\/www.agrobase.com.br\/concursos\/wp-json\/wp\/v2\/tags?post=182154"},{"taxonomy":"_amplo","embeddable":true,"href":"https:\/\/www.agrobase.com.br\/concursos\/wp-json\/wp\/v2\/_amplo?post=182154"},{"taxonomy":"destaque","embeddable":true,"href":"https:\/\/www.agrobase.com.br\/concursos\/wp-json\/wp\/v2\/destaque?post=182154"},{"taxonomy":"instituicoes","embeddable":true,"href":"https:\/\/www.agrobase.com.br\/concursos\/wp-json\/wp\/v2\/instituicoes?post=182154"}],"curies":[{"name":"wp","href":"https:\/\/api.w.org\/{rel}","templated":true}]}}