{"id":181784,"date":"2022-01-11T08:58:07","date_gmt":"2022-01-11T11:58:07","guid":{"rendered":"https:\/\/www.agrobase.com.br\/concursos\/?p=181784"},"modified":"2022-01-13T13:52:44","modified_gmt":"2022-01-13T16:52:44","slug":"a-prefeitura-de-franca-sp-abre-tres-novos-concursos-publicos","status":"publish","type":"post","link":"https:\/\/www.agrobase.com.br\/concursos\/2022\/a-prefeitura-de-franca-sp-abre-tres-novos-concursos-publicos\/","title":{"rendered":"A Prefeitura de Franca &#8211; SP abre tr\u00eas novos Concursos P\u00fablicos"},"content":{"rendered":"<p>A Prefeitura de <a href=\"http:\/\/www.franca.sp.gov.br\/\" title=\"Prefeitura de Franca\" target=\"_blank\" rel=\"noopener\">Franca (SP)<\/a> abre tr\u00eas novos Concursos P\u00fablicos, que juntos somam vagas para cadastro reserva em diversos cargos.<\/p>\n<h2>Cargos e Remunera\u00e7\u00e3o<\/h2>\n<p>A Prefeitura de <a href=\"https:\/\/pt.wikipedia.org\/wiki\/Franca\" title=\"Cidade de Franca\" target=\"_blank\" rel=\"noopener\">Franca<\/a> anuncia cinco editais de Concursos P\u00fablicos, que apresentam um montante de 90 vagas. As vagas s\u00e3o divididas da seguinte forma entre os editais e as fun\u00e7\u00f5es mostradas abaixo:<\/p>\n<p><strong>Edital 001\/2022:<\/strong> Agente de Sa\u00fade P\u00fablica PSF; Analista de Sistemas; Arquiteto; Assistente Social; Biom\u00e9dico; Cirurgi\u00e3o Dentista; Coveiro; Encanador; Enfermeiro; Escritur\u00e1rio; Farmac\u00eautico; Fonoaudi\u00f3logo; Inspetor Aluno; Mecanico; <a href=\"https:\/\/www.agrobase.com.br\/concursos\/vagas\/nutricao\/\" rel=\"noopener\" target=\"_blank\">Nutricionista<\/a>; Pedreiro; Pintor; Psic\u00f3logo; Supervisor de Campoppi\/Vs; T\u00e9cnico em Contabilidade; T\u00e9cnico em Inform\u00e1tica; T\u00e9cnico em Raio-X; T\u00e9cnico em Enfermagem de Sa\u00fade Ocupacional; Telefonista.<br \/>\n<strong>Edital 002\/2022:<\/strong> Guarda Civil &#8211; 1\u00aa Classe; Orientador Educacional; Pedagogo; Professor PEBI &#8211; Educa\u00e7\u00e3o B\u00e1sica; Prof. PEB II &#8211; Educa\u00e7\u00e3o Art\u00edstica; Professor PEB II &#8211; Educa\u00e7\u00e3o F\u00edsica; Professor PEB II &#8211; Ingl\u00eas; Servente Merendeira; Supervisor de Ensino.<br \/>\n<strong>Edital 003\/2022:<\/strong> M\u00e9dico &#8211; Emergencialista Cl\u00ednico Geral; M\u00e9dico &#8211; Emergencialista Pediatra; M\u00e9dico &#8211; Endocrinologista; M\u00e9dico &#8211; Endocrinologista Infantil; M\u00e9dico &#8211; Especialista em Ultrassonografia Ginecol\u00f3gica e Obstetr\u00edcia; M\u00e9dico &#8211; Fisiatra; M\u00e9dico &#8211; Gastroenterologista; M\u00e9dico &#8211; Geriatra; M\u00e9dico &#8211; Ginecologista\/Obstetra; M\u00e9dico &#8211; Homeopata; M\u00e9dico &#8211; Mastologista; M\u00e9dico &#8211; Nefrologista; M\u00e9dico &#8211; Neurocirurgi\u00e3o; M\u00e9dico &#8211; Neurologista Cl\u00ednico Geral; M\u00e9dico &#8211; Neurologista Infantil; M\u00e9dico &#8211; Oftalmologista; M\u00e9dico &#8211; Oncologista Infantil; M\u00e9dico &#8211; Ortopedista Infantil; M\u00e9dico &#8211; Otorrinolaringologista; M\u00e9dico &#8211; Patologista; M\u00e9dico &#8211; Pediatra; M\u00e9dico &#8211; Pneumologista; M\u00e9dico &#8211; Pneumologista Cirurgi\u00e3o Tor\u00e1cico; M\u00e9dico &#8211; Pneumologista Infantil; M\u00e9dico &#8211; Psiquiatra Infantil; M\u00e9dico &#8211; Radiologista; M\u00e9dico &#8211; Reumatologista; M\u00e9dico &#8211; Urologista e M\u00e9dico &#8211; de Sa\u00fade Ocupacional.<\/p>\n<p>Poder\u00e3o concorrer \u00e0s sele\u00e7\u00f5es apenas profissionais com escolaridade de n\u00edvel m\u00e9dio e\/ou superior, conforme se exige para o cargo de interesse. Se contratados far\u00e3o jus \u00e0 remunera\u00e7\u00f5es com valores entre <strong>R$ 1.445,37<\/strong> e <strong>R$ 4.764,62<\/strong>, considerando jornadas de trabalho de <strong>20h<\/strong>, <strong>30h<\/strong> ou <strong>40 horas semanais<\/strong>.<\/p>\n<h2>Inscri\u00e7\u00f5es<\/h2>\n<ul>\n<li><strong>Internet:<\/strong> As inscri\u00e7\u00f5es poder\u00e3o ser efetuadas no per\u00edodo de <strong>08 de janeiro de 2022<\/strong> a <strong>10 de fevereiro de 2022<\/strong>, via o endere\u00e7o eletr\u00f4nica da empresa organizadora <a href=\"https:\/\/www.ibamsp-concursos.org.br\/site\/\" rel=\"noopener\" target=\"_blank\">www.ibamsp-concursos.org.br<\/a>.<\/li>\n<\/ul>\n<p>As taxas de inscri\u00e7\u00e3o possuem valores entre <strong>R$ 43,00<\/strong>, <strong>R$ 47,00<\/strong>, <strong>R$ 55,00<\/strong>, <strong>R$ 71,00<\/strong>, <strong>R$ 79,00<\/strong>, <strong>R$ 90,00<\/strong> e <strong>R$ 98,00<\/strong>.<\/p>\n<h2>Provas<\/h2>\n<p>As formas de avalia\u00e7\u00e3o dependem do cargo e edital ao qual pertence, portanto confirmem os dados quanto \u00e0 realiza\u00e7\u00e3o das provas nos editais de interesse, que est\u00e3o dispostos no final da not\u00edcia:<\/p>\n<ol>\n<li><strong>Prova Objetiva,<\/strong> de car\u00e1ter eliminat\u00f3rio e classificat\u00f3rio. Dever\u00e1 ser aplicada no dia <strong>06 de mar\u00e7o de 2022<\/strong>.<\/li>\n<li><strong>Prova Dissertativa,<\/strong> de car\u00e1ter classificat\u00f3rio para os candidatos habilitados nas provas objetivas para o emprego de Orientador Educacional, Pedagogo, Professores (todos) e Supervisor de Ensino.<\/li>\n<li><strong>Provas de Aptid\u00e3o F\u00edsica,<\/strong> de car\u00e1ter eliminat\u00f3rio para os candidatos habilitados nas provas objetivas para o emprego de Guarda Civil \u2013 1\u00aa Classe. <\/li>\n<li><strong>Prova de T\u00edtulos,<\/strong> de car\u00e1ter classificat\u00f3rio para os candidatos habilitados nas provas objetivas para os empregos de Orientador Educacional, Pedagogo, Professores (todos) e Supervisor de Ensino.<\/li>\n<li><strong>Prova Pr\u00e1tica,<\/strong> de car\u00e1ter classificat\u00f3rio e eliminat\u00f3rio para os candidatos habilitados nas provas objetivas para o emprego de Servente Merendeira.<\/li>\n<\/ol>\n<p>A confirma\u00e7\u00e3o da data e as informa\u00e7\u00f5es sobre hor\u00e1rios e locais ser\u00e3o divulgados oportunamente atrav\u00e9s de Edital de Convoca\u00e7\u00e3o para as provas a ser publicado no dia 25\/02\/2022 no Di\u00e1rio Oficial do Munic\u00edpio e no site do IBAM www.ibamsp-concursos.org.br e da Prefeitura www.franca.sp.gov.br.<\/p>\n<h2>Resultado<\/h2>\n<p>O resultado final dos Concursos P\u00fablicos para os cargos ofertados nesses editais, ser\u00e1 divulgado por meio de edital espec\u00edfico, publicado na Internet, nos endere\u00e7os eletr\u00f4nicos www.ibamsp-concursos.org.br e do Di\u00e1rio Oficial do Munic\u00edpio de Franca. Cada edital ter\u00e1 uma data diferente para publica\u00e7\u00e3o da classifica\u00e7\u00e3o final dos seus aprovados.<\/p>\n","protected":false},"excerpt":{"rendered":"<p>A Prefeitura de <a href=\"http:\/\/www.franca.sp.gov.br\/\" title=\"Prefeitura de Franca\" target=\"_blank\" rel=\"noopener\">Franca (SP)<\/a> abre tr\u00eas novos Concursos P\u00fablicos, que juntos somam vagas para cadastro reserva em diversos cargos.<\/p>\n","protected":false},"author":7,"featured_media":181788,"comment_status":"open","ping_status":"open","sticky":false,"template":"","format":"standard","meta":{"_acf_changed":false,"_breakdance_hide_in_design_set":false,"_breakdance_tags":"","footnotes":""},"categories":[5,7,126,141,11,12,17,19,20,21,23,24,25,26,101,128,108,130],"tags":[62],"_amplo":[],"destaque":[],"instituicoes":[2211],"class_list":["post-181784","post","type-post","status-publish","format-standard","has-post-thumbnail","hentry","category-arquitetura","category-biomedicina","category-ciencia-computacao","category-educacao-artistica","category-educacao-fisica","category-enfermagem","category-farmacia","category-fonoaudiologia","category-letras","category-medicina","category-nutricao","category-odontologia","category-pedagogia","category-psicologia","category-servico-social","category-tecnico-em-contabilidade","category-tecnico-enfermagem","category-tecnico-informatica","tag-sao-paulo","instituicoes-prefeitura-municipal-de-franca-sp"],"acf":{"_tipo_vagas":"cadastro de reserva","_numero_vagas":"","_quadro_vagas":null,"_cargos":"diversos","_cargos_especificos":"","_salario_max":"R$","_abertura":"20220108","_encerramento":"20220210","_inscricoes":"","_executora_concurso":40070,"_instituicao_concurso":[2211],"_link_adicional":null,"_anexos":[{"_arquivo_anexo":181785,"_titulo_anexo":"Edital 001\/2022"},{"_arquivo_anexo":181786,"_titulo_anexo":"Edital 002\/2022"},{"_arquivo_anexo":181787,"_titulo_anexo":"Edital 003\/2022"}],"_produtos":null,"_vagas":"","_salario_min":"","_instituicao":"","_edital":"","_anexos_edital":"","_fund_incompleto":"","_fund_completo":"","_medio":"","_superior":""},"_links":{"self":[{"href":"https:\/\/www.agrobase.com.br\/concursos\/wp-json\/wp\/v2\/posts\/181784","targetHints":{"allow":["GET"]}}],"collection":[{"href":"https:\/\/www.agrobase.com.br\/concursos\/wp-json\/wp\/v2\/posts"}],"about":[{"href":"https:\/\/www.agrobase.com.br\/concursos\/wp-json\/wp\/v2\/types\/post"}],"author":[{"embeddable":true,"href":"https:\/\/www.agrobase.com.br\/concursos\/wp-json\/wp\/v2\/users\/7"}],"replies":[{"embeddable":true,"href":"https:\/\/www.agrobase.com.br\/concursos\/wp-json\/wp\/v2\/comments?post=181784"}],"version-history":[{"count":0,"href":"https:\/\/www.agrobase.com.br\/concursos\/wp-json\/wp\/v2\/posts\/181784\/revisions"}],"acf:term":[{"embeddable":true,"taxonomy":"instituicoes","href":"https:\/\/www.agrobase.com.br\/concursos\/wp-json\/wp\/v2\/instituicoes\/2211"}],"acf:post":[{"embeddable":true,"href":"https:\/\/www.agrobase.com.br\/concursos\/wp-json\/wp\/v2\/executora\/40070"}],"wp:featuredmedia":[{"embeddable":true,"href":"https:\/\/www.agrobase.com.br\/concursos\/wp-json\/wp\/v2\/media\/181788"}],"wp:attachment":[{"href":"https:\/\/www.agrobase.com.br\/concursos\/wp-json\/wp\/v2\/media?parent=181784"}],"wp:term":[{"taxonomy":"category","embeddable":true,"href":"https:\/\/www.agrobase.com.br\/concursos\/wp-json\/wp\/v2\/categories?post=181784"},{"taxonomy":"post_tag","embeddable":true,"href":"https:\/\/www.agrobase.com.br\/concursos\/wp-json\/wp\/v2\/tags?post=181784"},{"taxonomy":"_amplo","embeddable":true,"href":"https:\/\/www.agrobase.com.br\/concursos\/wp-json\/wp\/v2\/_amplo?post=181784"},{"taxonomy":"destaque","embeddable":true,"href":"https:\/\/www.agrobase.com.br\/concursos\/wp-json\/wp\/v2\/destaque?post=181784"},{"taxonomy":"instituicoes","embeddable":true,"href":"https:\/\/www.agrobase.com.br\/concursos\/wp-json\/wp\/v2\/instituicoes?post=181784"}],"curies":[{"name":"wp","href":"https:\/\/api.w.org\/{rel}","templated":true}]}}