{"id":181613,"date":"2022-01-07T07:51:18","date_gmt":"2022-01-07T10:51:18","guid":{"rendered":"https:\/\/www.agrobase.com.br\/concursos\/?p=181613"},"modified":"2022-01-19T11:35:04","modified_gmt":"2022-01-19T14:35:04","slug":"processo-seletivo-da-emater-pa-edital-001-2022","status":"publish","type":"post","link":"https:\/\/www.agrobase.com.br\/concursos\/2022\/processo-seletivo-da-emater-pa-edital-001-2022\/","title":{"rendered":"Processo Seletivo da Emater &#8211; PA | Edital 001\/2022"},"content":{"rendered":"<p>Um novo Processo Seletivo da <a href=\"https:\/\/www.emater.pa.gov.br\/\" title=\"Empresa de Assist\u00eancia T\u00e9cnica e Extens\u00e3o Rural do Estado do Par\u00e1\" target=\"_blank\" rel=\"noopener\">Emater (PA)<\/a> foi aberto, visando receber inscri\u00e7\u00f5es para profissionais de n\u00edvel fundamental, m\u00e9dio e superior.<\/p>\n<h2>Cargos e Remunera\u00e7\u00e3o<\/h2>\n<p>Com a publica\u00e7\u00e3o do edital 001\/2022, o Processo Seletivo da Empresa de Assist\u00eancia T\u00e9cnica e Extens\u00e3o Rural do Estado do Par\u00e1 (EMATER &#8211; PA) proporciona aos candidatos o preenchimento total de <strong>102 vagas<\/strong> para profissionais de n\u00edvel fundamental, m\u00e9dio e superior.<\/p>\n<p>Os profissionais devem ser lotados em Breves; Itaituba; Marituba; Monte Alegre; Porto de Moz; Curu\u00e7\u00e1; S\u00e3o F\u00e9lix do Xing\u00fa; Curu\u00e7\u00e1; Curu\u00e1; Nova Esperan\u00e7a do Piri\u00e1; Barcareba; Capanema; Operador Gr\u00e1fico em Marituba; Cachoeira do Arari; Chaves; Muan\u00e1; Ponta de Pedras; Almeirim; Monte Alegre; Jacareacanga; Trair\u00e3o; Placas; Aveiro; Breves; Anaj\u00e1s; Curralinho; Bagre; Oeiras do Par\u00e1; Portel; S\u00e3o Sebasti\u00e3o da Vista; Afu\u00e1; Gurup\u00e1; Breves; Salvaterra; Bragan\u00e7a; Altamira; Concei\u00e7\u00e3o do Araguaia; Marab\u00e1; Santar\u00e9m; Tocantins; Castanhal; Concei\u00e7\u00e3o do Araguaia; Bel\u00e9m; Marab\u00e1 e Abaetetuba. Onde atuar\u00e3o recebendo remunera\u00e7\u00f5es com valores que variam de <strong>R$ 1.237,80<\/strong> a <strong>R$ 3.900,07<\/strong>, consideradas jornadas de trabalho semanais de <strong>40 horas<\/strong>.<\/p>\n<p><strong>Clique abaixo para exibir o quadro de vagas do Processo Seletivo da Emater &#8211; PA (Edital 001\/2022)<\/strong><br \/>\n<a target=\"_blank\" href=\"https:\/\/www.agrobase.com.br\/concursos\/wp-content\/uploads\/sites\/4\/2022\/01\/ANEXOS-EDITAL-001-PSS-no01_2022-EMATER-PARA.pdf.pdf\" rel=\"noopener\"><img loading=\"lazy\" decoding=\"async\" src=\"https:\/\/www.agrobase.com.br\/concursos\/wp-content\/uploads\/sites\/4\/2019\/11\/quadro-de-vagas-do-processo-seletivo-da-emater-pa.png\" alt=\"Vagas Concurso P\u00fablico Emater (PDF)\" width=\"570\" height=\"160\" class=\"aligncenter size-full\" \/><\/a><\/p>\n<h2>Inscri\u00e7\u00e3o<\/h2>\n<ul>\n<li><strong>Internet:<\/strong> A inscri\u00e7\u00e3o ser\u00e1 efetuada via INTERNET, atrav\u00e9s do endere\u00e7o eletr\u00f4nico <a href=\"https:\/\/www.sipros.pa.gov.br\/selecoes\/eyJpdiI6IkFZeldaeHlLeFBGdVd6NEtoQmdoK1E9PSIsInZhbHVlIjoiUS9MUU5DUFRkcmZWTFJkVVB6L2hKZz09IiwibWFjIjoiN2I0YjkxZTgwMWVlMjQ1MzRjMzIyYTM3YjgxZDhiMTU1ZGMyYjAwYjljZGU2Y2Y5OGZiOWFkNTJhYzhhOWRiYiJ9\/detalhe\" rel=\"noopener\" target=\"_blank\">www.sipros.pa.gov.br<\/a>, do dia <strong>06 de janeiro de 2022<\/strong> e ser\u00e1 encerrada no dia <strong>07 de janeiro de 2022<\/strong>.<\/li>\n<\/ul>\n<h2>Provas<\/h2>\n<p>O processo de avaliar o pessoal concorrente na sele\u00e7\u00e3o da Emater ser\u00e1 feito mediante:<\/p>\n<ol>\n<li><strong>An\u00e1lise Documental e Curricular.<\/strong><\/li>\n<li><strong>Entrevista.<\/strong><\/li>\n<\/ol>\n<h2>Resultado Processo Seletivo Emater<\/h2>\n<p>Conforme o cronograma oficial do processo seletivo, o resultado final est\u00e1 previsto para ser divulgado a partir do dia <strong>28 de janeiro de 2022<\/strong>.<\/p>\n","protected":false},"excerpt":{"rendered":"<p>Um novo Processo Seletivo da <a href=\"https:\/\/www.emater.pa.gov.br\/\" title=\"Empresa de Assist\u00eancia T\u00e9cnica e Extens\u00e3o Rural do Estado do Par\u00e1\" target=\"_blank\" rel=\"noopener\">Emater (PA)<\/a> foi aberto, visando receber inscri\u00e7\u00f5es para profissionais de n\u00edvel fundamental, m\u00e9dio e superior.<\/p>\n","protected":false},"author":7,"featured_media":181616,"comment_status":"open","ping_status":"open","sticky":false,"template":"","format":"standard","meta":{"_acf_changed":false,"_breakdance_hide_in_design_set":false,"_breakdance_tags":"","footnotes":""},"categories":[3,4,144,94,9,14,79,96,15,136,22,25,26,118,157,159],"tags":[51],"_amplo":[],"destaque":[],"instituicoes":[2495],"class_list":["post-181613","post","type-post","status-publish","format-standard","has-post-thumbnail","hentry","category-administracao","category-agronomia","category-arquivologia","category-biblioteconomia","category-ciencias-contabeis","category-engenharia","category-engenharia-alimentos","category-engenharia-pesca","category-engenharia-florestal","category-estatistica","category-veterinaria","category-pedagogia","category-psicologia","category-sociologia","category-tecnico-seguranca-trabalho","category-tecnologia-da-informacao","tag-para","instituicoes-empresa-de-assistencia-tecnica-e-extensao-rural-emater"],"acf":{"_tipo_vagas":"vagas","_numero_vagas":102,"_quadro_vagas":null,"_cargos":"diversos","_cargos_especificos":"","_salario_max":"R$","_abertura":"20220106","_encerramento":"20220107","_inscricoes":"","_executora_concurso":92484,"_instituicao_concurso":[2495],"_link_adicional":null,"_anexos":[{"_arquivo_anexo":181614,"_titulo_anexo":"Edital 001\/2022"},{"_arquivo_anexo":181615,"_titulo_anexo":"Anexos"}],"_produtos":null,"_vagas":"","_salario_min":"","_instituicao":"","_edital":"","_anexos_edital":"","_fund_incompleto":"","_fund_completo":"","_medio":"","_superior":""},"_links":{"self":[{"href":"https:\/\/www.agrobase.com.br\/concursos\/wp-json\/wp\/v2\/posts\/181613","targetHints":{"allow":["GET"]}}],"collection":[{"href":"https:\/\/www.agrobase.com.br\/concursos\/wp-json\/wp\/v2\/posts"}],"about":[{"href":"https:\/\/www.agrobase.com.br\/concursos\/wp-json\/wp\/v2\/types\/post"}],"author":[{"embeddable":true,"href":"https:\/\/www.agrobase.com.br\/concursos\/wp-json\/wp\/v2\/users\/7"}],"replies":[{"embeddable":true,"href":"https:\/\/www.agrobase.com.br\/concursos\/wp-json\/wp\/v2\/comments?post=181613"}],"version-history":[{"count":0,"href":"https:\/\/www.agrobase.com.br\/concursos\/wp-json\/wp\/v2\/posts\/181613\/revisions"}],"acf:term":[{"embeddable":true,"taxonomy":"instituicoes","href":"https:\/\/www.agrobase.com.br\/concursos\/wp-json\/wp\/v2\/instituicoes\/2495"}],"acf:post":[{"embeddable":true,"href":"https:\/\/www.agrobase.com.br\/concursos\/wp-json\/wp\/v2\/executora\/92484"}],"wp:featuredmedia":[{"embeddable":true,"href":"https:\/\/www.agrobase.com.br\/concursos\/wp-json\/wp\/v2\/media\/181616"}],"wp:attachment":[{"href":"https:\/\/www.agrobase.com.br\/concursos\/wp-json\/wp\/v2\/media?parent=181613"}],"wp:term":[{"taxonomy":"category","embeddable":true,"href":"https:\/\/www.agrobase.com.br\/concursos\/wp-json\/wp\/v2\/categories?post=181613"},{"taxonomy":"post_tag","embeddable":true,"href":"https:\/\/www.agrobase.com.br\/concursos\/wp-json\/wp\/v2\/tags?post=181613"},{"taxonomy":"_amplo","embeddable":true,"href":"https:\/\/www.agrobase.com.br\/concursos\/wp-json\/wp\/v2\/_amplo?post=181613"},{"taxonomy":"destaque","embeddable":true,"href":"https:\/\/www.agrobase.com.br\/concursos\/wp-json\/wp\/v2\/destaque?post=181613"},{"taxonomy":"instituicoes","embeddable":true,"href":"https:\/\/www.agrobase.com.br\/concursos\/wp-json\/wp\/v2\/instituicoes?post=181613"}],"curies":[{"name":"wp","href":"https:\/\/api.w.org\/{rel}","templated":true}]}}