{"id":181536,"date":"2022-01-05T14:50:45","date_gmt":"2022-01-05T17:50:45","guid":{"rendered":"https:\/\/www.agrobase.com.br\/concursos\/?p=181536"},"modified":"2022-01-05T14:50:45","modified_gmt":"2022-01-05T17:50:45","slug":"divulgados-cinco-processo-seletivo-campos-gerais-mg","status":"publish","type":"post","link":"https:\/\/www.agrobase.com.br\/concursos\/2022\/divulgados-cinco-processo-seletivo-campos-gerais-mg\/","title":{"rendered":"Divulgados cinco Processo Seletivo Campos Gerais &#8211; MG"},"content":{"rendered":"<p>S\u00e3o abertos cinco editais de Processo Seletivo de <a href=\"http:\/\/camposgerais.mg.gov.br\/\" title=\"Prefeitura de Campos Gerais\" target=\"_blank\" rel=\"noopener\">Campos Gerais (MG)<\/a>, que tem como objetivo preencher cadastro reserva de diversos profissionais.<\/p>\n<h2>Cargos e Remunera\u00e7\u00e3o<\/h2>\n<p>Para esses certames da cidade mineira de <a href=\"https:\/\/pt.wikipedia.org\/wiki\/Campos_Gerais\" title=\"Cidade de Campos Gerais\" target=\"_blank\" rel=\"noopener\">Campos Gerais<\/a> as oportunidades s\u00e3o para formar <strong>cadastro reserva<\/strong> em cargos de n\u00edvel fundamental, m\u00e9dio, t\u00e9cnico e superior.<\/p>\n<p>As remunera\u00e7\u00f5es variam entre os valores de <strong>R$ 1.101,95<\/strong> a <strong>R$ 2.152,77<\/strong>, com carga hor\u00e1ria entre <strong>24h<\/strong> e <strong>40 horas semanais<\/strong>.<\/p>\n<p>As vagas s\u00e3o dividas entre os editais da seguinte forma:<\/p>\n<p><strong>Edital 002\/2021:<\/strong> Assistente T\u00e9cnico de Inform\u00e1tica; Auxiliar de Biblioteca Escolar; Auxiliar de Secretaria Escolar; Auxiliar de Servi\u00e7os Escolar; Bibliotec\u00e1rio; Educadora; Especialista de Educa\u00e7\u00e3o B\u00e1sica; Professor de Educa\u00e7\u00e3o B\u00e1sica &#8211; Educa\u00e7\u00e3o Especial; Professor de Educa\u00e7\u00e3o B\u00e1sica &#8211; Regente de Turma\/Eventual; Professor de Educa\u00e7\u00e3o B\u00e1sica &#8211; Regente de Aulas\/Arte; Professor de Educa\u00e7\u00e3o B\u00e1sica &#8211; Regente de Aulas\/Ensino Religioso; Professor de Educa\u00e7\u00e3o B\u00e1sica &#8211; Regente de Aulas\/Educa\u00e7\u00e3o F\u00edsica; Professor de Educa\u00e7\u00e3o B\u00e1sica &#8211; Regente de Aulas\/L\u00edngua Portuguesa; Professor de Educa\u00e7\u00e3o B\u00e1sica &#8211; Regente de Aulas\/L\u00edngua Inglesa; Professor de Educa\u00e7\u00e3o B\u00e1sica &#8211; Regente de Aulas\/Reda\u00e7\u00e3o e Express\u00e3o; Professor de Educa\u00e7\u00e3o B\u00e1sica &#8211; Regente de Aulas\/Desenho Geom\u00e9trico; Professor de Educa\u00e7\u00e3o B\u00e1sica &#8211; Regente de Aulas\/Matem\u00e1tica; Professor de Educa\u00e7\u00e3o B\u00e1sica &#8211; Regente de Aulas\/Ci\u00eancias; Professor de Educa\u00e7\u00e3o B\u00e1sica &#8211; Regente de Aulas\/Geografia; Professor de Educa\u00e7\u00e3o B\u00e1sica &#8211; Regente de Aulas\/Hist\u00f3ria;<\/p>\n<p><strong>Edital 003\/2021:<\/strong> Auxiliar de Secretaria Escolar; Auxiliar de Servi\u00e7os Escolar; Bibliotec\u00e1rio; Especialista de Educa\u00e7\u00e3o B\u00e1sica; Professor de Educa\u00e7\u00e3o B\u00e1sica &#8211; Educa\u00e7\u00e3o Especial; Professor de Educa\u00e7\u00e3o B\u00e1sica &#8211; Regente de Turma\/Eventual; Professor de Educa\u00e7\u00e3o B\u00e1sica &#8211; Regente de Aulas\/Educa\u00e7\u00e3o F\u00edsica;<\/p>\n<p><strong>Edital 004\/2021:<\/strong> Auxiliar de Secretaria Escolar; Auxiliar de Servi\u00e7os Escolar; Bibliotec\u00e1rio; Especialista de Educa\u00e7\u00e3o B\u00e1sica; Professor de Educa\u00e7\u00e3o B\u00e1sica &#8211; Educa\u00e7\u00e3o Especial; Professor de Educa\u00e7\u00e3o B\u00e1sica &#8211; Regente de Turma\/Eventual; Professor de Educa\u00e7\u00e3o B\u00e1sica &#8211; Regente de Aulas\/Educa\u00e7\u00e3o F\u00edsica;<\/p>\n<p><strong>Edital 005\/2021:<\/strong> Auxiliar de Secretaria Escolar; Auxiliar de Servi\u00e7os Escolar; Bibliotec\u00e1rio; Especialista de Educa\u00e7\u00e3o B\u00e1sica; Professor de Educa\u00e7\u00e3o B\u00e1sica &#8211; Educa\u00e7\u00e3o Especial; Professor de Educa\u00e7\u00e3o B\u00e1sica &#8211; Regente de Turma\/Eventual; Professor de Educa\u00e7\u00e3o B\u00e1sica &#8211; Regente de Aulas\/Educa\u00e7\u00e3o F\u00edsica;<\/p>\n<p><strong>Edital 006\/2021:<\/strong> Auxiliar de Secretaria Escolar; Auxiliar de Servi\u00e7os Escolar; Bibliotec\u00e1rio; Especialista de Educa\u00e7\u00e3o B\u00e1sica; Professor de Educa\u00e7\u00e3o B\u00e1sica &#8211; Educa\u00e7\u00e3o Especial; Professor de Educa\u00e7\u00e3o B\u00e1sica &#8211; Regente de Turma\/Eventual; e Professor de Educa\u00e7\u00e3o B\u00e1sica &#8211; Regente de Aulas\/Educa\u00e7\u00e3o F\u00edsica.<\/p>\n<h2>Inscri\u00e7\u00f5es<\/h2>\n<p>As inscri\u00e7\u00f5es para os processos seletivos v\u00e3o do dia <strong>03<\/strong> at\u00e9 o dia <strong>07 de janeiro de 2022<\/strong> e ser\u00e3o feitas exclusivamente pelo endere\u00e7o eletr\u00f4nico <a href=\"http:\/\/camposgerais.mg.gov.br\/noticia\/3450\/processo-seletivo-2021\" rel=\"noopener\" target=\"_blank\">www.camposgerais.mg.gov.br<\/a>.<\/p>\n<h2>Sele\u00e7\u00e3o<\/h2>\n<p>A sele\u00e7\u00e3o ser\u00e1 realizada a partir de <strong>An\u00e1lise de T\u00edtulos e Tempo de Servi\u00e7o<\/strong>.<\/p>\n<h2>Resultados Processo Seletivo Campos Gerais<\/h2>\n<p>O resultado final est\u00e1 previsto para ser divulgado no website da Prefeitura (www.camposgerais.mg.gov.br), a partir do dia <strong>17 de janeiro de 2022<\/strong>.<\/p>\n","protected":false},"excerpt":{"rendered":"<p>S\u00e3o abertos cinco editais de Processo Seletivo de <a href=\"http:\/\/camposgerais.mg.gov.br\/\" title=\"Prefeitura de Campos Gerais\" target=\"_blank\" rel=\"noopener\">Campos Gerais (MG)<\/a>, que tem como objetivo preencher cadastro reserva de diversos profissionais.<\/p>\n","protected":false},"author":7,"featured_media":181542,"comment_status":"open","ping_status":"open","sticky":false,"template":"","format":"standard","meta":{"_acf_changed":false,"_breakdance_hide_in_design_set":false,"_breakdance_tags":"","footnotes":""},"categories":[145,140,94,141,11,111,100,20,116,25,130],"tags":[50],"_amplo":[],"destaque":[],"instituicoes":[6058],"class_list":["post-181536","post","type-post","status-publish","format-standard","has-post-thumbnail","hentry","category-artes-cenicas","category-artes-plasticas","category-biblioteconomia","category-educacao-artistica","category-educacao-fisica","category-geografia","category-historia","category-letras","category-matematica","category-pedagogia","category-tecnico-informatica","tag-minas-gerais","instituicoes-prefeitura-municipal-de-campos-gerais-mg"],"acf":{"_tipo_vagas":"cadastro de reserva","_numero_vagas":"","_quadro_vagas":null,"_cargos":"diversos","_cargos_especificos":"","_salario_max":"R$","_abertura":"20220103","_encerramento":"20220107","_inscricoes":"","_executora_concurso":"","_instituicao_concurso":[6058],"_link_adicional":null,"_anexos":[{"_arquivo_anexo":181537,"_titulo_anexo":"Edital 002\/2021"},{"_arquivo_anexo":181538,"_titulo_anexo":"Edital 003\/2021"},{"_arquivo_anexo":181539,"_titulo_anexo":"Edital 004\/2021"},{"_arquivo_anexo":181540,"_titulo_anexo":"Edital 005\/2021"},{"_arquivo_anexo":181541,"_titulo_anexo":"Edital 006\/2021"}],"_produtos":null,"_vagas":"","_salario_min":"","_instituicao":"","_edital":"","_anexos_edital":"","_fund_incompleto":"","_fund_completo":"","_medio":"","_superior":""},"_links":{"self":[{"href":"https:\/\/www.agrobase.com.br\/concursos\/wp-json\/wp\/v2\/posts\/181536","targetHints":{"allow":["GET"]}}],"collection":[{"href":"https:\/\/www.agrobase.com.br\/concursos\/wp-json\/wp\/v2\/posts"}],"about":[{"href":"https:\/\/www.agrobase.com.br\/concursos\/wp-json\/wp\/v2\/types\/post"}],"author":[{"embeddable":true,"href":"https:\/\/www.agrobase.com.br\/concursos\/wp-json\/wp\/v2\/users\/7"}],"replies":[{"embeddable":true,"href":"https:\/\/www.agrobase.com.br\/concursos\/wp-json\/wp\/v2\/comments?post=181536"}],"version-history":[{"count":0,"href":"https:\/\/www.agrobase.com.br\/concursos\/wp-json\/wp\/v2\/posts\/181536\/revisions"}],"acf:term":[{"embeddable":true,"taxonomy":"instituicoes","href":"https:\/\/www.agrobase.com.br\/concursos\/wp-json\/wp\/v2\/instituicoes\/6058"}],"wp:featuredmedia":[{"embeddable":true,"href":"https:\/\/www.agrobase.com.br\/concursos\/wp-json\/wp\/v2\/media\/181542"}],"wp:attachment":[{"href":"https:\/\/www.agrobase.com.br\/concursos\/wp-json\/wp\/v2\/media?parent=181536"}],"wp:term":[{"taxonomy":"category","embeddable":true,"href":"https:\/\/www.agrobase.com.br\/concursos\/wp-json\/wp\/v2\/categories?post=181536"},{"taxonomy":"post_tag","embeddable":true,"href":"https:\/\/www.agrobase.com.br\/concursos\/wp-json\/wp\/v2\/tags?post=181536"},{"taxonomy":"_amplo","embeddable":true,"href":"https:\/\/www.agrobase.com.br\/concursos\/wp-json\/wp\/v2\/_amplo?post=181536"},{"taxonomy":"destaque","embeddable":true,"href":"https:\/\/www.agrobase.com.br\/concursos\/wp-json\/wp\/v2\/destaque?post=181536"},{"taxonomy":"instituicoes","embeddable":true,"href":"https:\/\/www.agrobase.com.br\/concursos\/wp-json\/wp\/v2\/instituicoes?post=181536"}],"curies":[{"name":"wp","href":"https:\/\/api.w.org\/{rel}","templated":true}]}}