{"id":181292,"date":"2022-01-03T10:57:07","date_gmt":"2022-01-03T13:57:07","guid":{"rendered":"https:\/\/www.agrobase.com.br\/concursos\/?p=181292"},"modified":"2022-01-05T11:41:02","modified_gmt":"2022-01-05T14:41:02","slug":"concurso-publico-de-esteio-rs-edital-002-003-e-004-2021","status":"publish","type":"post","link":"https:\/\/www.agrobase.com.br\/concursos\/2022\/concurso-publico-de-esteio-rs-edital-002-003-e-004-2021\/","title":{"rendered":"Concurso P\u00fablico de Esteio &#8211; RS | Edital 002, 003 e 004\/2021"},"content":{"rendered":"<p>Est\u00e3o abertas as inscri\u00e7\u00f5es para tr\u00eas Concurso P\u00fablico de <a href=\"https:\/\/www.esteio.rs.gov.br\/\" title=\"Prefeitura de Esteio\" target=\"_blank\" rel=\"noopener\">Esteio (RS)<\/a>, com a finalidade de contratar profissionais para a sa\u00fade e para o quadro geral de servidores. Confira todos os detalhes abaixo!<\/p>\n<h2>Cargos e Remunera\u00e7\u00e3o<\/h2>\n<p>Em <a href=\"https:\/\/pt.wikipedia.org\/wiki\/Esteio\" title=\"Cidade de Esteio\" target=\"_blank\" rel=\"noopener\">Esteio<\/a>, no Rio Grande do Sul, h\u00e1 oportunidades para <strong>cadastro reserva<\/strong> de profissionais de todos os n\u00edveis de escolaridade, conforme mostram os quadros de vagas abaixo:<\/p>\n<p>Quadro de vagas Edital 002\/2021 &#8211; quadro geral &#8211; superior:<\/p>\n<p style=\"text-align: center\"><a href=\"https:\/\/www.agrobase.com.br\/concursos\/wp-content\/uploads\/sites\/4\/2022\/01\/quadro-de-vagas-concurso-publico-de-esteio-rs-geral-superior.pdf\" target=\"_blank\" rel=\"noopener\"><img loading=\"lazy\" decoding=\"async\" class=\"alignnone size-full wp-image-181036\" src=\"https:\/\/www.agrobase.com.br\/concursos\/wp-content\/uploads\/sites\/4\/2022\/01\/quadro-de-vagas-concurso-esteio-rs-edital-002-2021.png\" alt=\"\" width=\"570\" height=\"120\" \/><\/a><\/p>\n<p>Quadro de vagas Edital 003\/2021 &#8211; quadro geral &#8211; fundamental, m\u00e9dio e t\u00e9cnico:<\/p>\n<p style=\"text-align: center\"><a href=\"https:\/\/www.agrobase.com.br\/concursos\/wp-content\/uploads\/sites\/4\/2022\/01\/quadro-de-vagas-concurso-publico-de-esteio-rs-geral-f-m-t.pdf\" target=\"_blank\" rel=\"noopener\"><img loading=\"lazy\" decoding=\"async\" class=\"alignnone size-full wp-image-181036\" src=\"https:\/\/www.agrobase.com.br\/concursos\/wp-content\/uploads\/sites\/4\/2022\/01\/quadro-de-vagas-concurso-esteio-rs-edital-003-2021.png\" alt=\"\" width=\"570\" height=\"120\" \/><\/a><\/p>\n<p>Quadro de vagas Edital 004\/2021 &#8211; Sa\u00fade:<\/p>\n<p style=\"text-align: center\"><a href=\"https:\/\/www.agrobase.com.br\/concursos\/wp-content\/uploads\/sites\/4\/2022\/01\/quadro-de-vagas-concurso-publico-de-esteio-rs-saude.pdf\" target=\"_blank\" rel=\"noopener\"><img loading=\"lazy\" decoding=\"async\" class=\"alignnone size-full wp-image-181036\" src=\"https:\/\/www.agrobase.com.br\/concursos\/wp-content\/uploads\/sites\/4\/2022\/01\/quadro-de-vagas-concurso-esteio-rs-edital-004-2021.png\" alt=\"\" width=\"570\" height=\"120\" \/><\/a><\/p>\n<h2>Inscri\u00e7\u00f5es para o Concurso P\u00fablico de Esteio<\/h2>\n<p>As inscri\u00e7\u00f5es para o concurso p\u00fablico abriram no dia <strong>17 de dezembro de 2021<\/strong> e v\u00e3o at\u00e9 <strong>19 de janeiro de 2022<\/strong>. Para se inscrever \u00e9 s\u00f3 acessar o endere\u00e7o eletr\u00f4nico <a href=\"https:\/\/www.fundatec.org.br\/portal\/concursos\/index_concursos.php?concurso=642\" rel=\"noopener\" target=\"_blank\">www.fundatec.org.br<\/a> e preencher as informa\u00e7\u00f5es solicitadas, bem como realizar o pagamento da taxa de inscri\u00e7\u00e3o.<\/p>\n<p>Os profissionais de n\u00edvel fundamental pagam taxa de <strong>R$ 55,00<\/strong>, os de n\u00edvel m\u00e9dio\/t\u00e9cnico <strong>R$ 80,00<\/strong> e os de n\u00edvel superior <strong>R$ 120,00<\/strong>.<\/p>\n<h2>Avalia\u00e7\u00f5es<\/h2>\n<p>O Concurso P\u00fablico de Esteio contar\u00e1 com <strong>02 etapas<\/strong> no momento da sele\u00e7\u00e3o de candidatos.<\/p>\n<p>Conforme definido pelos editais, a realiza\u00e7\u00e3o da primeira etapa (Prova Escrita) ser\u00e1 para todos os cargos, j\u00e1 a da segunda, apenas para cargos espec\u00edficos.<br \/>\nAssim, haver\u00e1 <strong>Prova Pr\u00e1tica<\/strong> para as vagas de <strong>Operador de M\u00e1quinas e Sepultador<\/strong> e <strong>Prova de T\u00edtulos<\/strong> para os cargos de Advogado, Auditor Fiscal de Tributos, Fiscal e Analista Administrativo, <strong>Teste de Aptid\u00e3o F\u00edsica<\/strong> para os concorrentes nas fun\u00e7\u00f5es de Guarda Municipal e <strong>Prova Discursiva<\/strong> para o cargo de Advogado.<\/p>\n<p>A divulga\u00e7\u00e3o de dia, hor\u00e1rios e locais espec\u00edficos de aplica\u00e7\u00e3o das provas ser\u00e1 realizada com, no m\u00ednimo, oito dias de anteced\u00eancia \u00e0 data prov\u00e1vel de realiza\u00e7\u00e3o das provas, nos sites www.fundatec.org.br e www.esteio.rs.gov.br, no dia definido pelo Cronograma de Execu\u00e7\u00e3o do edital de interesse. \u00c9 de inteira responsabilidade do candidato a identifica\u00e7\u00e3o correta de seu local de realiza\u00e7\u00e3o da prova e o comparecimento no hor\u00e1rio determinado.<\/p>\n<h2>Resultado Final Concurso P\u00fablico Esteio<\/h2>\n<p>O resultado final homologados ser\u00e1 divulgado no site oficial da <a href=\"https:\/\/www.fundatec.org.br\/portal\/concursos\/index_concursos.php?concurso=642\" target=\"_blank\" rel=\"noopener\">Fundatec<\/a>, bem como no \u00f3rg\u00e3o oficial do munic\u00edpio.<\/p>\n<p>Para conferir outras informa\u00e7\u00f5es como por exemplo, o conte\u00fado das provas \u00e9 s\u00f3 acessar os editais anexados aqui no post. Bons estudos e boa prova!<\/p>\n","protected":false},"excerpt":{"rendered":"<p>Est\u00e3o abertas as inscri\u00e7\u00f5es para tr\u00eas Concurso P\u00fablico de Esteio (RS), com a finalidade de contratar profissionais para a sa\u00fade e para o quadro geral de servidores. Confira todos os detalhes abaixo!<\/p>\n","protected":false},"author":7,"featured_media":181303,"comment_status":"open","ping_status":"open","sticky":false,"template":"","format":"standard","meta":{"_acf_changed":false,"_breakdance_hide_in_design_set":false,"_breakdance_tags":"","footnotes":""},"categories":[3,4,5,144,94,6,9,121,10,117,12,14,102,152,17,18,19,99,21,22,23,24,26,101,108,130,143,157,159,134],"tags":[58],"_amplo":[],"destaque":[],"instituicoes":[516],"class_list":["post-181292","post","type-post","status-publish","format-standard","has-post-thumbnail","hentry","category-administracao","category-agronomia","category-arquitetura","category-arquivologia","category-biblioteconomia","category-biologia","category-ciencias-contabeis","category-ciencias-sociais","category-direito","category-economia","category-enfermagem","category-engenharia","category-engenharia-quimica","category-engenharia-seguranca-trabalho","category-farmacia","category-fisioterapia","category-fonoaudiologia","category-jornalismo","category-medicina","category-veterinaria","category-nutricao","category-odontologia","category-psicologia","category-servico-social","category-tecnico-enfermagem","category-tecnico-informatica","category-tecnico-odontologia","category-tecnico-seguranca-trabalho","category-tecnologia-da-informacao","category-terapia-ocupacional","tag-rio-grande-sul","instituicoes-prefeitura-municipal-de-esteio-rs"],"acf":{"_tipo_vagas":"cadastro de reserva","_numero_vagas":"","_quadro_vagas":null,"_cargos":"diversos","_cargos_especificos":"","_salario_max":"R$","_abertura":"20211217","_encerramento":"20220119","_inscricoes":"","_executora_concurso":39691,"_instituicao_concurso":[516],"_link_adicional":null,"_anexos":[{"_arquivo_anexo":181294,"_titulo_anexo":"Edital 002\/2021"},{"_arquivo_anexo":181295,"_titulo_anexo":"Edital 003\/2021"},{"_arquivo_anexo":181296,"_titulo_anexo":"Edital 004\/2021"}],"_produtos":null,"_vagas":"","_salario_min":"","_instituicao":"","_edital":"","_anexos_edital":"","_fund_incompleto":"","_fund_completo":"","_medio":"","_superior":""},"_links":{"self":[{"href":"https:\/\/www.agrobase.com.br\/concursos\/wp-json\/wp\/v2\/posts\/181292","targetHints":{"allow":["GET"]}}],"collection":[{"href":"https:\/\/www.agrobase.com.br\/concursos\/wp-json\/wp\/v2\/posts"}],"about":[{"href":"https:\/\/www.agrobase.com.br\/concursos\/wp-json\/wp\/v2\/types\/post"}],"author":[{"embeddable":true,"href":"https:\/\/www.agrobase.com.br\/concursos\/wp-json\/wp\/v2\/users\/7"}],"replies":[{"embeddable":true,"href":"https:\/\/www.agrobase.com.br\/concursos\/wp-json\/wp\/v2\/comments?post=181292"}],"version-history":[{"count":0,"href":"https:\/\/www.agrobase.com.br\/concursos\/wp-json\/wp\/v2\/posts\/181292\/revisions"}],"acf:term":[{"embeddable":true,"taxonomy":"instituicoes","href":"https:\/\/www.agrobase.com.br\/concursos\/wp-json\/wp\/v2\/instituicoes\/516"}],"acf:post":[{"embeddable":true,"href":"https:\/\/www.agrobase.com.br\/concursos\/wp-json\/wp\/v2\/executora\/39691"}],"wp:featuredmedia":[{"embeddable":true,"href":"https:\/\/www.agrobase.com.br\/concursos\/wp-json\/wp\/v2\/media\/181303"}],"wp:attachment":[{"href":"https:\/\/www.agrobase.com.br\/concursos\/wp-json\/wp\/v2\/media?parent=181292"}],"wp:term":[{"taxonomy":"category","embeddable":true,"href":"https:\/\/www.agrobase.com.br\/concursos\/wp-json\/wp\/v2\/categories?post=181292"},{"taxonomy":"post_tag","embeddable":true,"href":"https:\/\/www.agrobase.com.br\/concursos\/wp-json\/wp\/v2\/tags?post=181292"},{"taxonomy":"_amplo","embeddable":true,"href":"https:\/\/www.agrobase.com.br\/concursos\/wp-json\/wp\/v2\/_amplo?post=181292"},{"taxonomy":"destaque","embeddable":true,"href":"https:\/\/www.agrobase.com.br\/concursos\/wp-json\/wp\/v2\/destaque?post=181292"},{"taxonomy":"instituicoes","embeddable":true,"href":"https:\/\/www.agrobase.com.br\/concursos\/wp-json\/wp\/v2\/instituicoes?post=181292"}],"curies":[{"name":"wp","href":"https:\/\/api.w.org\/{rel}","templated":true}]}}