{"id":180846,"date":"2021-12-22T13:11:34","date_gmt":"2021-12-22T16:11:34","guid":{"rendered":"https:\/\/www.agrobase.com.br\/concursos\/?p=180846"},"modified":"2021-12-22T14:01:23","modified_gmt":"2021-12-22T17:01:23","slug":"processo-seletivo-sedu-es-edital-37-2021-professores","status":"publish","type":"post","link":"https:\/\/www.agrobase.com.br\/concursos\/2021\/processo-seletivo-sedu-es-edital-37-2021-professores\/","title":{"rendered":"Processo Seletivo SEDU &#8211; ES | Edital 37\/2021 &#8211; professores"},"content":{"rendered":"<p>Est\u00e3o abertas as inscri\u00e7\u00f5es para o<span style=\"font-size: 14px;\">\u00a0Processo Seletivo da<\/span><a style=\"font-size: 14px;\" href=\"https:\/\/sedu.es.gov.br\/\" target=\"_blank\" rel=\"noopener\"> Secretaria de Estado da Educa\u00e7\u00e3o do Espirito Santo (SEDU). <\/a>O<span style=\"font-size: 14px;\"> objetivo \u00e9 formar cadastro de reserva de <\/span><strong style=\"font-family: inherit; font-style: inherit;\">professores, <\/strong>sendo que a contrata\u00e7\u00e3o ser\u00e1 tempor\u00e1ria, por um per\u00edodo de at\u00e9 <strong>12 meses<\/strong>, com possibilidade de extens\u00e3o do mesmo.<\/p>\n<h2>Cargos e Remunera\u00e7\u00e3o<\/h2>\n<p>Segundo o <strong>Edital 037\/2021<\/strong>, h\u00e1 oportunidades para diversas \u00e1reas de conhecimento como por exemplo:<strong> Agr\u00e1rias, Sa\u00fade, Tecnologia, Direito, Meio Ambiente,<\/strong> etc. Os profissionais ir\u00e3o lecionar em cursos da <strong>Educa\u00e7\u00e3o Profissional T\u00e9cnica de N\u00edvel M\u00e9dio<\/strong>, conforme mostra, em detalhes, o quadro abaixo:<\/p>\n<p style=\"text-align: center;\"><a href=\"https:\/\/www.agrobase.com.br\/concursos\/wp-content\/uploads\/sites\/4\/2021\/12\/Quadro-Vagas-SEDU-ES.pdf\" target=\"_blank\" rel=\"noopener\"><img loading=\"lazy\" decoding=\"async\" class=\"alignnone size-full wp-image-180857\" src=\"https:\/\/www.agrobase.com.br\/concursos\/wp-content\/uploads\/sites\/4\/2021\/12\/Quadro-Vagas-SEDU.png\" alt=\"\" width=\"570\" height=\"120\" \/><\/a><\/p>\n<p>A remunera\u00e7\u00e3o para as fun\u00e7\u00f5es varia entre<strong> R$ 2.205,00 e R$ 4.975,43,\u00a0<\/strong>conforme a carga hor\u00e1ria trabalhada e titula\u00e7\u00e3o do profissional.<\/p>\n<h2>Inscri\u00e7\u00f5es Processo Seletivo SEDU<\/h2>\n<p>As inscri\u00e7\u00f5es para o processo est\u00e3o abertas desde o dia <strong>20 de dezembro de 2021<\/strong> e seguem assim at\u00e9 o dia<strong> 27<\/strong>. Para se inscrever, basta acessar o site do <a href=\"https:\/\/selecao.es.gov.br\/PaginaConcurso\/Index\/297\" target=\"_blank\" rel=\"noopener\">Sistema de Sele\u00e7\u00e3o de Designa\u00e7\u00e3o Tempor\u00e1ria<\/a> e preencher as informa\u00e7\u00f5es solicitadas. A saber, \u00e9 poss\u00edvel realizar duas inscri\u00e7\u00f5es diferentes, por\u00e9m, tanto o munic\u00edpio quanto a disciplina escolhidos precisam ser diferentes.<\/p>\n<h2>Avalia\u00e7\u00e3o<\/h2>\n<p>Para este processo seletivo, a <strong>inscri\u00e7\u00e3o<\/strong> conta como a <strong>primeira fase<\/strong> de avalia\u00e7\u00e3o. Assim, \u00e9 importante ficar atento e preencher a mesma com cuidado, pois o car\u00e1ter dessa etapa \u00e9 eliminat\u00f3rio, al\u00e9m de classificat\u00f3rio. Logo ap\u00f3s, haver\u00e1 a <strong>prova de t\u00edtulos<\/strong>, que contempla a experi\u00eancia profissional e qualifica\u00e7\u00f5es do candidato.<\/p>\n<h2>Resultado Final Processo Seletivo SEDU<\/h2>\n<p>O resultado final do processo ser\u00e1 disponibilizado 05 dias \u00fateis ap\u00f3s o final das inscri\u00e7\u00f5es. Para saber se foi contemplado, acesso o <a href=\"http:\/\/selecao.es.gov.br\" target=\"_blank\" rel=\"noopener\">site<\/a> e confira a publica\u00e7\u00e3o.<\/p>\n","protected":false},"excerpt":{"rendered":"<p>Est\u00e3o abertas as inscri\u00e7\u00f5es para o\u00a0Processo Seletivo da Secretaria de Estado da Educa\u00e7\u00e3o do Espirito Santo (SEDU). O objetivo \u00e9 formar cadastro de reserva de professores, sendo que a contrata\u00e7\u00e3o ser\u00e1 tempor\u00e1ria, por um per\u00edodo de at\u00e9 12 meses, com possibilidade de extens\u00e3o do mesmo. Cargos e Remunera\u00e7\u00e3o Segundo o Edital 037\/2021, h\u00e1 oportunidades para [&hellip;]<\/p>\n","protected":false},"author":5229,"featured_media":180851,"comment_status":"open","ping_status":"open","sticky":false,"template":"","format":"standard","meta":{"_acf_changed":false,"_breakdance_hide_in_design_set":false,"_breakdance_tags":"","footnotes":""},"categories":[4,3,5,140,6,7,106,8,126,9,121,138,120,113,10,97,117,147,12,95,13,14,151,79,125,103,15,104,133,102,16,152,17,112,111,155,99,20,116,21,154,23,25,26,124,27,149,101,118,159,123],"tags":[45],"_amplo":[],"destaque":[],"instituicoes":[2000],"class_list":["post-180846","post","type-post","status-publish","format-standard","has-post-thumbnail","hentry","category-agronomia","category-administracao","category-arquitetura","category-artes-plasticas","category-biologia","category-biomedicina","category-bioquimica","category-biotecnologia","category-ciencia-computacao","category-ciencias-contabeis","category-ciencias-sociais","category-comercio-exterior","category-comunicacao-social","category-desenho-industrial","category-direito","category-ecologia","category-economia","category-economia-domestica","category-enfermagem","category-engenharia-agricola","category-engenharia-ambiental","category-engenharia","category-engenharia-computacao","category-engenharia-alimentos","category-engenharia-producao","category-engenharia-eletrica","category-engenharia-florestal","category-engenharia-mecanica","category-engenharia-mecatronica","category-engenharia-quimica","category-engenharia-sanitaria","category-engenharia-seguranca-trabalho","category-farmacia","category-filosofia","category-geografia","category-gestao-ambiental","category-jornalismo","category-letras","category-matematica","category-medicina","category-moda","category-nutricao","category-pedagogia","category-psicologia","category-publicidade","category-quimica","category-relacoes-internacionais","category-servico-social","category-sociologia","category-tecnologia-da-informacao","category-turismo","tag-espirito-santo","instituicoes-secretaria-de-estado-da-educacao-do-espirito-santo-sedu"],"acf":{"_tipo_vagas":"cadastro de reserva","_numero_vagas":"","_quadro_vagas":null,"_cargos":"professores","_cargos_especificos":"","_salario_max":"R$","_abertura":"20211220","_encerramento":"20211227","_inscricoes":"","_executora_concurso":"","_instituicao_concurso":[2000],"_link_adicional":null,"_anexos":[{"_arquivo_anexo":180852,"_titulo_anexo":"Edital 37\/2021"}],"_produtos":null,"_vagas":"","_salario_min":"","_instituicao":"","_edital":"","_anexos_edital":"","_fund_incompleto":"","_fund_completo":"","_medio":"","_superior":""},"_links":{"self":[{"href":"https:\/\/www.agrobase.com.br\/concursos\/wp-json\/wp\/v2\/posts\/180846","targetHints":{"allow":["GET"]}}],"collection":[{"href":"https:\/\/www.agrobase.com.br\/concursos\/wp-json\/wp\/v2\/posts"}],"about":[{"href":"https:\/\/www.agrobase.com.br\/concursos\/wp-json\/wp\/v2\/types\/post"}],"author":[{"embeddable":true,"href":"https:\/\/www.agrobase.com.br\/concursos\/wp-json\/wp\/v2\/users\/5229"}],"replies":[{"embeddable":true,"href":"https:\/\/www.agrobase.com.br\/concursos\/wp-json\/wp\/v2\/comments?post=180846"}],"version-history":[{"count":0,"href":"https:\/\/www.agrobase.com.br\/concursos\/wp-json\/wp\/v2\/posts\/180846\/revisions"}],"acf:term":[{"embeddable":true,"taxonomy":"instituicoes","href":"https:\/\/www.agrobase.com.br\/concursos\/wp-json\/wp\/v2\/instituicoes\/2000"}],"wp:featuredmedia":[{"embeddable":true,"href":"https:\/\/www.agrobase.com.br\/concursos\/wp-json\/wp\/v2\/media\/180851"}],"wp:attachment":[{"href":"https:\/\/www.agrobase.com.br\/concursos\/wp-json\/wp\/v2\/media?parent=180846"}],"wp:term":[{"taxonomy":"category","embeddable":true,"href":"https:\/\/www.agrobase.com.br\/concursos\/wp-json\/wp\/v2\/categories?post=180846"},{"taxonomy":"post_tag","embeddable":true,"href":"https:\/\/www.agrobase.com.br\/concursos\/wp-json\/wp\/v2\/tags?post=180846"},{"taxonomy":"_amplo","embeddable":true,"href":"https:\/\/www.agrobase.com.br\/concursos\/wp-json\/wp\/v2\/_amplo?post=180846"},{"taxonomy":"destaque","embeddable":true,"href":"https:\/\/www.agrobase.com.br\/concursos\/wp-json\/wp\/v2\/destaque?post=180846"},{"taxonomy":"instituicoes","embeddable":true,"href":"https:\/\/www.agrobase.com.br\/concursos\/wp-json\/wp\/v2\/instituicoes?post=180846"}],"curies":[{"name":"wp","href":"https:\/\/api.w.org\/{rel}","templated":true}]}}