{"id":180284,"date":"2021-12-09T13:54:10","date_gmt":"2021-12-09T16:54:10","guid":{"rendered":"https:\/\/www.agrobase.com.br\/concursos\/?p=180284"},"modified":"2021-12-09T13:54:10","modified_gmt":"2021-12-09T16:54:10","slug":"concurso-publico-policia-militar-am-edital-001-2021-e-retificacao","status":"publish","type":"post","link":"https:\/\/www.agrobase.com.br\/concursos\/2021\/concurso-publico-policia-militar-am-edital-001-2021-e-retificacao\/","title":{"rendered":"Concurso P\u00fablico Pol\u00edcia Militar &#8211; AM | Edital 001\/2021 e retifica\u00e7\u00e3o"},"content":{"rendered":"<p>Est\u00e3o abertas as inscri\u00e7\u00f5es do Concurso P\u00fablico da <a href=\"https:\/\/pm.am.gov.br\/portal\/\" target=\"_blank\" rel=\"noopener\">Pol\u00edcia Militar do Estado do Amazonas<\/a>, que oferece <strong>1.350 vagas<\/strong> para profissionais de n\u00edvel m\u00e9dio e superior.<\/p>\n<h2>Cargos e Remunera\u00e7\u00e3o<\/h2>\n<p>As vagas s\u00e3o destinadas a Cursos de Forma\u00e7\u00e3o Profissional para o Quadro de Oficiais da Sa\u00fade, Quadro de Pra\u00e7as Combatentes e Quadro de Oficiais Combatentes. Confira mais detalhes clicando abaixo!<\/p>\n<p><a href=\"https:\/\/www.agrobase.com.br\/concursos\/wp-content\/uploads\/sites\/4\/2021\/12\/Quadro-de-vagas-Edital-001-PM-AM.pdf\" target=\"_blank\" rel=\"noopener\"><img loading=\"lazy\" decoding=\"async\" class=\"size-full wp-image-180286 aligncenter\" src=\"https:\/\/www.agrobase.com.br\/concursos\/wp-content\/uploads\/sites\/4\/2021\/12\/Quadro-Vagas-PM-AM.png\" alt=\"\" width=\"570\" height=\"120\" \/><\/a><\/p>\n<p>&nbsp;<\/p>\n<p>O sal\u00e1rio inicial para os alunos soldados \u00e9 de <strong>R$ 2.657,28 .<\/strong> J\u00e1 os alunos Oficial PM e Oficial de sa\u00fade, iniciam com a remunera\u00e7\u00e3o de <strong>R$ 7.180,34<\/strong>.<\/p>\n<p>Os cursos acontecem em per\u00edodo integral, na cidade de <strong>Manaus\/AM<\/strong> sendo necess\u00e1rio dedica\u00e7\u00e3o exclusiva para participar dos mesmos. A dura\u00e7\u00e3o varia de acordo com o curso:<\/p>\n<ul>\n<li><strong>Curso de Forma\u00e7\u00e3o de Oficiais PM:<\/strong> 36 meses;<\/li>\n<li><strong>Curso Forma\u00e7\u00e3o de Oficiais de Sa\u00fade:<\/strong> 04 meses<\/li>\n<li><strong>Curso de Forma\u00e7\u00e3o de Soldado PM:<\/strong> 10 meses<\/li>\n<\/ul>\n<h2>Inscri\u00e7\u00f5es para o Concurso P\u00fablico<\/h2>\n<p>As inscri\u00e7\u00f5es para o Concurso P\u00fablico da Pol\u00edcia Militar est\u00e3o abertas entre <strong>08 de dezembro de 2021 e 04 de janeiro de 2022<\/strong> e\u00a0 ser\u00e3o recebidas exclusivamente pelo site da <a href=\"https:\/\/conhecimento.fgv.br\/concursos\/pmam21\" target=\"_blank\" rel=\"noopener\">FGV<\/a>, facilitadora do concurso. Ap\u00f3s o envio do requerimento de inscri\u00e7\u00e3o, ser\u00e1 gerado um boleto para pagamento da <strong>taxa de inscri\u00e7\u00e3o (valor entre R$ 100,00 e R$ 180,00)<\/strong>. A participa\u00e7\u00e3o no concurso s\u00f3 ser\u00e1 efetivada ap\u00f3s o pagamento da taxa.<\/p>\n<h2>Processo de Sele\u00e7\u00e3o<\/h2>\n<p>As avalia\u00e7\u00f5es ser\u00e3o realizadas de acordo com os cargos pleiteados.<\/p>\n<h4>Aluno Oficial de Sa\u00fade PM<\/h4>\n<p>O processo de sele\u00e7\u00e3o ter\u00e1 07 etapas:<\/p>\n<ul>\n<li>Etapa 01: Prova objetiva, de car\u00e1ter eliminat\u00f3rio e classificat\u00f3rio.<\/li>\n<li>Etapa 02: Avalia\u00e7\u00e3o m\u00e9dica, de car\u00e1ter eliminat\u00f3rio.<\/li>\n<li>Etapa 03: Exame de aptid\u00e3o f\u00edsica, de car\u00e1ter eliminat\u00f3rio.<\/li>\n<li>Etapa 04: Avalia\u00e7\u00e3o psicol\u00f3gica, de car\u00e1ter eliminat\u00f3rio.<\/li>\n<li>Etapa 05: Avalia\u00e7\u00e3o de t\u00edtulos, de car\u00e1ter classificat\u00f3rio.<\/li>\n<li>Etapa 06: Sindic\u00e2ncia de vida pregressa e investiga\u00e7\u00e3o social, de car\u00e1ter eliminat\u00f3rio.<\/li>\n<li>Etapa 07: Entrega de documentos, de car\u00e1ter eliminat\u00f3rio<\/li>\n<\/ul>\n<h4>Aluno Oficial PM e Aluno Soldado PM<\/h4>\n<p>O processo de sele\u00e7\u00e3o ter\u00e1 06 etapas:<\/p>\n<ul>\n<li>Etapa 01: Prova objetiva, de car\u00e1ter eliminat\u00f3rio e classificat\u00f3rio.<\/li>\n<li>Etapa 02: Avalia\u00e7\u00e3o m\u00e9dica, de car\u00e1ter eliminat\u00f3rio.<\/li>\n<li>Etapa 03: Exame de aptid\u00e3o f\u00edsica, de car\u00e1ter eliminat\u00f3rio.<\/li>\n<li>Etapa 04: Avalia\u00e7\u00e3o psicol\u00f3gica, de car\u00e1ter eliminat\u00f3rio.<\/li>\n<li>Etapa 05: Sindic\u00e2ncia de vida pregressa e investiga\u00e7\u00e3o social, de car\u00e1ter eliminat\u00f3rio.<\/li>\n<li>Etapa 06: Entrega de documentos, de car\u00e1ter eliminat\u00f3rio.<\/li>\n<\/ul>\n<h2>Resultados<\/h2>\n<p>O resultado final homologado ser\u00e1 divulgado no Di\u00e1rio Oficial do Estado e no site da <a href=\"https:\/\/conhecimento.fgv.br\/concursos\/pmam21.\" target=\"_blank\" rel=\"noopener\">FGV.<\/a><\/p>\n","protected":false},"excerpt":{"rendered":"<p>Est\u00e3o abertas as inscri\u00e7\u00f5es do Concurso P\u00fablico da Pol\u00edcia Militar do Estado do Amazonas, que oferece 1.350 vagas para profissionais de n\u00edvel m\u00e9dio e superior. Cargos e Remunera\u00e7\u00e3o As vagas s\u00e3o destinadas a Cursos de Forma\u00e7\u00e3o Profissional para o Quadro de Oficiais da Sa\u00fade, Quadro de Pra\u00e7as Combatentes e Quadro de Oficiais Combatentes. Confira mais [&hellip;]<\/p>\n","protected":false},"author":5229,"featured_media":180301,"comment_status":"open","ping_status":"open","sticky":false,"template":"","format":"standard","meta":{"_acf_changed":false,"_breakdance_hide_in_design_set":false,"_breakdance_tags":"","footnotes":""},"categories":[12,17,18,21,22],"tags":[41],"_amplo":[],"destaque":[],"instituicoes":[6046],"class_list":["post-180284","post","type-post","status-publish","format-standard","has-post-thumbnail","hentry","category-enfermagem","category-farmacia","category-fisioterapia","category-medicina","category-veterinaria","tag-amazonas","instituicoes-policia-militar-do-estado-do-amazonas"],"acf":{"_tipo_vagas":"vagas","_numero_vagas":1350,"_quadro_vagas":null,"_cargos":"diversos","_cargos_especificos":"","_salario_max":"R$","_abertura":"20211208","_encerramento":"20210104","_inscricoes":"","_executora_concurso":41414,"_instituicao_concurso":[6046],"_link_adicional":null,"_anexos":[{"_arquivo_anexo":180294,"_titulo_anexo":"Edital 01\/2021"},{"_arquivo_anexo":180295,"_titulo_anexo":"Retifica\u00e7\u00e3o I"}],"_produtos":null,"_vagas":"","_salario_min":"","_instituicao":"","_edital":"","_anexos_edital":"","_fund_incompleto":"","_fund_completo":"","_medio":"","_superior":""},"_links":{"self":[{"href":"https:\/\/www.agrobase.com.br\/concursos\/wp-json\/wp\/v2\/posts\/180284","targetHints":{"allow":["GET"]}}],"collection":[{"href":"https:\/\/www.agrobase.com.br\/concursos\/wp-json\/wp\/v2\/posts"}],"about":[{"href":"https:\/\/www.agrobase.com.br\/concursos\/wp-json\/wp\/v2\/types\/post"}],"author":[{"embeddable":true,"href":"https:\/\/www.agrobase.com.br\/concursos\/wp-json\/wp\/v2\/users\/5229"}],"replies":[{"embeddable":true,"href":"https:\/\/www.agrobase.com.br\/concursos\/wp-json\/wp\/v2\/comments?post=180284"}],"version-history":[{"count":0,"href":"https:\/\/www.agrobase.com.br\/concursos\/wp-json\/wp\/v2\/posts\/180284\/revisions"}],"acf:term":[{"embeddable":true,"taxonomy":"instituicoes","href":"https:\/\/www.agrobase.com.br\/concursos\/wp-json\/wp\/v2\/instituicoes\/6046"}],"acf:post":[{"embeddable":true,"href":"https:\/\/www.agrobase.com.br\/concursos\/wp-json\/wp\/v2\/executora\/41414"}],"wp:featuredmedia":[{"embeddable":true,"href":"https:\/\/www.agrobase.com.br\/concursos\/wp-json\/wp\/v2\/media\/180301"}],"wp:attachment":[{"href":"https:\/\/www.agrobase.com.br\/concursos\/wp-json\/wp\/v2\/media?parent=180284"}],"wp:term":[{"taxonomy":"category","embeddable":true,"href":"https:\/\/www.agrobase.com.br\/concursos\/wp-json\/wp\/v2\/categories?post=180284"},{"taxonomy":"post_tag","embeddable":true,"href":"https:\/\/www.agrobase.com.br\/concursos\/wp-json\/wp\/v2\/tags?post=180284"},{"taxonomy":"_amplo","embeddable":true,"href":"https:\/\/www.agrobase.com.br\/concursos\/wp-json\/wp\/v2\/_amplo?post=180284"},{"taxonomy":"destaque","embeddable":true,"href":"https:\/\/www.agrobase.com.br\/concursos\/wp-json\/wp\/v2\/destaque?post=180284"},{"taxonomy":"instituicoes","embeddable":true,"href":"https:\/\/www.agrobase.com.br\/concursos\/wp-json\/wp\/v2\/instituicoes?post=180284"}],"curies":[{"name":"wp","href":"https:\/\/api.w.org\/{rel}","templated":true}]}}