{"id":180152,"date":"2021-12-07T16:01:58","date_gmt":"2021-12-07T19:01:58","guid":{"rendered":"https:\/\/www.agrobase.com.br\/concursos\/?p=180152"},"modified":"2021-12-07T16:01:58","modified_gmt":"2021-12-07T19:01:58","slug":"concurso-publico-prefeitura-de-planaltina-do-parana-pr-editais-001-e-002-2021","status":"publish","type":"post","link":"https:\/\/www.agrobase.com.br\/concursos\/2021\/concurso-publico-prefeitura-de-planaltina-do-parana-pr-editais-001-e-002-2021\/","title":{"rendered":"Concurso P\u00fablico Prefeitura de Planaltina do Paran\u00e1 &#8211; PR | Editais 001 e 002\/2021"},"content":{"rendered":"<p>Confiram os <strong>dois novos editais de concurso<\/strong> p\u00fablico da <a href=\"http:\/\/www.planaltinadoparana.pr.gov.br\/\" target=\"_blank\" rel=\"noopener\">Prefeitura de Planaltina do Paran\u00e1 &#8211; PR<\/a>, que tem como objetivo a contrata\u00e7\u00e3o de <strong>13\u00a0profissionais<\/strong> e forma\u00e7\u00e3o de cadastro de reserva. As oportunidades est\u00e3o dispon\u00edveis para profissionais de n\u00edvel m\u00e9dio e superior.<\/p>\n<h2>Cargos e Remunera\u00e7\u00e3o<\/h2>\n<h3>Edital 001\/2021<\/h3>\n<p>Oferta <strong>10\u00a0vagas<\/strong> e cadastro de reserva, com sal\u00e1rios que v\u00e3o de <strong>R$ 1.270,00<\/strong>\u00a0a <strong>R$ 8.796,00<\/strong>. A jornada de trabalho varia entre <strong>20 <\/strong>e <strong>40<\/strong> horas semanais.<\/p>\n<p><strong>Clique abaixo para exibir o quadro de vagas do Concurso Prefeitura de Planaltina do Paran\u00e1 \u2013 PR (Edital 001\/2021)<\/strong><a href=\"https:\/\/www.agrobase.com.br\/concursos\/wp-content\/uploads\/sites\/4\/2021\/12\/quadro-de-vagas-edital-001-planaltina-pr.pdf\"><img loading=\"lazy\" decoding=\"async\" class=\"size-full wp-image-180154 aligncenter\" src=\"https:\/\/www.agrobase.com.br\/concursos\/wp-content\/uploads\/sites\/4\/2021\/12\/quadro-vagas-edital-001-planaltina-pr.png\" alt=\"\" width=\"570\" height=\"120\" \/><\/a><\/p>\n<h3>Edital 002\/2021<\/h3>\n<p>Oferta <strong>03 vagas <\/strong>e cadastro de reserva, com sal\u00e1rios que v\u00e3o de <strong>R$ 2.306,73<\/strong>\u00a0a <strong>R$ 6.728,01.<\/strong> A jornada de trabalho \u00e9 de <strong>40<\/strong> horas semanais.<\/p>\n<p><strong>Clique abaixo para exibir o quadro de vagas do Concurso Prefeitura de Planaltina do Paran\u00e1 \u2013 PR (Edital 002\/2021)<\/strong><br \/>\n<a href=\"https:\/\/www.agrobase.com.br\/concursos\/wp-content\/uploads\/sites\/4\/2021\/12\/quadro-de-vagas-edital-002-planaltina-pr.pdf\"><img loading=\"lazy\" decoding=\"async\" class=\"size-full wp-image-180154 aligncenter\" src=\"https:\/\/www.agrobase.com.br\/concursos\/wp-content\/uploads\/sites\/4\/2021\/12\/quadro-vagas-edital-001-planaltina-pr.png\" alt=\"\" width=\"570\" height=\"120\" \/><\/a><\/p>\n<h2>Inscri\u00e7\u00f5es<\/h2>\n<p>As inscri\u00e7\u00f5es dos dois concursos se iniciaram \u00e0s 09 horas do dia <strong>25 de novembro de 2021<\/strong> e se encerram em <strong>12 de dezembro de 2021<\/strong> \u00e0s 23h59min.<\/p>\n<p>O processo deve ser realizado pelo site da KLC Concursos, \u00f3rg\u00e3o respons\u00e1vel pela realiza\u00e7\u00e3o dos concursos.<\/p>\n<p>O valor da taxa de inscri\u00e7\u00e3o s\u00e3o de acordo com o grau de escolaridade do candidato:<\/p>\n<ul>\n<li><strong>N\u00edvel M\u00e9dio:<\/strong> R$ 50,00<\/li>\n<li><strong>N\u00edvel Superior:<\/strong> R$ 100,00<\/li>\n<\/ul>\n<h2>Provas<\/h2>\n<p>A sele\u00e7\u00e3o para os Concursos P\u00fablicos da <a href=\"https:\/\/pt.wikipedia.org\/wiki\/Planaltina_do_Paran%C3%A1\" target=\"_blank\" rel=\"noopener\">Prefeitura de Planaltina do Paran\u00e1 &#8211; PR<\/a> ser\u00e1 composto por 02 etapas, sendo essas: prova escrita objetiva e prova de t\u00edtulos. A realiza\u00e7\u00e3o das avalia\u00e7\u00f5es est\u00e1 prevista para o dia <strong>16 de janeiro de 2022<\/strong>.<\/p>\n<h2>Gabaritos Prefeitura de Planaltina do Paran\u00e1<\/h2>\n<p>Os gabaritos das provas escritas objetivas ser\u00e3o liberados no primeiro dia \u00fatil ap\u00f3s a realiza\u00e7\u00e3o das provas, \u00e0s 17 horas.<\/p>\n<h2>Resultados<\/h2>\n<p>A previs\u00e3o de divulga\u00e7\u00e3o dos resultados homologados \u00e9 a data de <strong>28 de janeiro de 2022<\/strong>, a partir das 17 horas e os mesmos estar\u00e3o dispon\u00edveis na <strong>Prefeitura Municipal de Planaltina do Paran\u00e1 &#8211; PR<\/strong>, no <strong>Di\u00e1rio Oficial do Munic\u00edpio<\/strong> e no site da <strong>KLC Concursos<\/strong>.<\/p>\n","protected":false},"excerpt":{"rendered":"<p>Confiram os dois novos editais de concurso p\u00fablico da Prefeitura de Planaltina do Paran\u00e1 &#8211; PR, que tem como objetivo a contrata\u00e7\u00e3o de 13\u00a0profissionais e forma\u00e7\u00e3o de cadastro de reserva. As oportunidades est\u00e3o dispon\u00edveis para profissionais de n\u00edvel m\u00e9dio e superior. Cargos e Remunera\u00e7\u00e3o Edital 001\/2021 Oferta 10\u00a0vagas e cadastro de reserva, com sal\u00e1rios que [&hellip;]<\/p>\n","protected":false},"author":5229,"featured_media":180166,"comment_status":"open","ping_status":"open","sticky":false,"template":"","format":"standard","meta":{"_acf_changed":false,"_breakdance_hide_in_design_set":false,"_breakdance_tags":"","footnotes":""},"categories":[12,7,106,17,21,24,108],"tags":[52],"_amplo":[],"destaque":[],"instituicoes":[5446],"class_list":["post-180152","post","type-post","status-publish","format-standard","has-post-thumbnail","hentry","category-enfermagem","category-biomedicina","category-bioquimica","category-farmacia","category-medicina","category-odontologia","category-tecnico-enfermagem","tag-parana","instituicoes-prefeitura-municipal-de-planaltina-do-parana-pr"],"acf":{"_tipo_vagas":"vagas + cadastro de reserva","_numero_vagas":13,"_quadro_vagas":null,"_cargos":"diversos","_cargos_especificos":"","_salario_max":"R$","_abertura":"20211125","_encerramento":"20211212","_inscricoes":"","_executora_concurso":40048,"_instituicao_concurso":[5446],"_link_adicional":null,"_anexos":[{"_arquivo_anexo":180164,"_titulo_anexo":"Edital 001\/2021"},{"_arquivo_anexo":180165,"_titulo_anexo":"Edital 002\/2021"}],"_produtos":null,"_vagas":"","_salario_min":"","_instituicao":"","_edital":"","_anexos_edital":"","_fund_incompleto":"","_fund_completo":"","_medio":"","_superior":""},"_links":{"self":[{"href":"https:\/\/www.agrobase.com.br\/concursos\/wp-json\/wp\/v2\/posts\/180152","targetHints":{"allow":["GET"]}}],"collection":[{"href":"https:\/\/www.agrobase.com.br\/concursos\/wp-json\/wp\/v2\/posts"}],"about":[{"href":"https:\/\/www.agrobase.com.br\/concursos\/wp-json\/wp\/v2\/types\/post"}],"author":[{"embeddable":true,"href":"https:\/\/www.agrobase.com.br\/concursos\/wp-json\/wp\/v2\/users\/5229"}],"replies":[{"embeddable":true,"href":"https:\/\/www.agrobase.com.br\/concursos\/wp-json\/wp\/v2\/comments?post=180152"}],"version-history":[{"count":0,"href":"https:\/\/www.agrobase.com.br\/concursos\/wp-json\/wp\/v2\/posts\/180152\/revisions"}],"acf:term":[{"embeddable":true,"taxonomy":"instituicoes","href":"https:\/\/www.agrobase.com.br\/concursos\/wp-json\/wp\/v2\/instituicoes\/5446"}],"acf:post":[{"embeddable":true,"href":"https:\/\/www.agrobase.com.br\/concursos\/wp-json\/wp\/v2\/executora\/40048"}],"wp:featuredmedia":[{"embeddable":true,"href":"https:\/\/www.agrobase.com.br\/concursos\/wp-json\/wp\/v2\/media\/180166"}],"wp:attachment":[{"href":"https:\/\/www.agrobase.com.br\/concursos\/wp-json\/wp\/v2\/media?parent=180152"}],"wp:term":[{"taxonomy":"category","embeddable":true,"href":"https:\/\/www.agrobase.com.br\/concursos\/wp-json\/wp\/v2\/categories?post=180152"},{"taxonomy":"post_tag","embeddable":true,"href":"https:\/\/www.agrobase.com.br\/concursos\/wp-json\/wp\/v2\/tags?post=180152"},{"taxonomy":"_amplo","embeddable":true,"href":"https:\/\/www.agrobase.com.br\/concursos\/wp-json\/wp\/v2\/_amplo?post=180152"},{"taxonomy":"destaque","embeddable":true,"href":"https:\/\/www.agrobase.com.br\/concursos\/wp-json\/wp\/v2\/destaque?post=180152"},{"taxonomy":"instituicoes","embeddable":true,"href":"https:\/\/www.agrobase.com.br\/concursos\/wp-json\/wp\/v2\/instituicoes?post=180152"}],"curies":[{"name":"wp","href":"https:\/\/api.w.org\/{rel}","templated":true}]}}