{"id":180013,"date":"2021-12-06T15:59:07","date_gmt":"2021-12-06T18:59:07","guid":{"rendered":"https:\/\/www.agrobase.com.br\/concursos\/?p=180013"},"modified":"2021-12-08T14:15:20","modified_gmt":"2021-12-08T17:15:20","slug":"processo-seletivo-prefeitura-de-ribeirao-das-neves-mg-edital-03-2021","status":"publish","type":"post","link":"https:\/\/www.agrobase.com.br\/concursos\/2021\/processo-seletivo-prefeitura-de-ribeirao-das-neves-mg-edital-03-2021\/","title":{"rendered":"Processo Seletivo Prefeitura de Ribeir\u00e3o das Neves \u2013 MG | Edital 03\/2021"},"content":{"rendered":"<p>Confiram o edital de Processo Seletivo da Prefeitura de Ribeir\u00e3o das Neves (MG), que tem como objetivo a forma\u00e7\u00e3o de <strong>cadastro de reserva<\/strong> para profissionais tempor\u00e1rios, dos n\u00edveis m\u00e9dio e superior.<\/p>\n<h2>Cargos e Remunera\u00e7\u00e3o<\/h2>\n<p>Para essa oportunidade, a remunera\u00e7\u00e3o varia de <strong>R$ 1.243,10<\/strong> a <strong>R$ 2.392,33<\/strong>, com carga hor\u00e1ria entre <strong>20<\/strong> e <strong>24<\/strong> horas semanais.<\/p>\n<p><strong>Clique abaixo para exibir o quadro de vagas do Processo Seletivo Prefeitura de Ribeir\u00e3o das Neves \u2013 MG (Edital 003\/2021)<\/strong><a href=\"https:\/\/www.agrobase.com.br\/concursos\/wp-content\/uploads\/sites\/4\/2021\/12\/quadro-vagas-rib-das-neves-mg.pdf\"><img loading=\"lazy\" decoding=\"async\" class=\"alignnone size-full wp-image-180015 aligncenter\" src=\"https:\/\/www.agrobase.com.br\/concursos\/wp-content\/uploads\/sites\/4\/2021\/12\/Quadro-Vagas-rib-das-neves-mg.png\" alt=\"\" width=\"570\" height=\"120\" \/><\/a><\/p>\n<h2>Inscri\u00e7\u00f5es<\/h2>\n<p>As inscri\u00e7\u00f5es para o processo seletivo v\u00e3o at\u00e9 o dia <strong>08 de dezembro de 2021<\/strong> e ser\u00e3o feitas exclusivamente pelo site da <a href=\"https:\/\/www.ribeiraodasneves.mg.gov.br\/\" target=\"_blank\" rel=\"noopener\">Prefeitura de Ribeir\u00e3o das Neves<\/a>.<\/p>\n<p>N\u00e3o haver\u00e1 taxa de inscri\u00e7\u00e3o para esse Processo Seletivo.<\/p>\n<h2>Sele\u00e7\u00e3o<\/h2>\n<p>A sele\u00e7\u00e3o ser\u00e1 realizada a partir da comprova\u00e7\u00e3o das habilidades t\u00e9cnicas\/cient\u00edficas dos candidatos.<\/p>\n<h2>Resultados<\/h2>\n<p>O resultado final do Processo Seletivo estar\u00e1 dispon\u00edvel no<a href=\"https:\/\/www.ribeiraodasneves.mg.gov.br\/detalhe-da-materia\/info\/processo-seletivo-simplificado--pss--educacao\/48718\" target=\"_blank\" rel=\"noopener\"> site oficial <\/a>da Prefeitura de Ribeir\u00e3o das Neves.<\/p>\n","protected":false},"excerpt":{"rendered":"<p>Confiram o edital de Processo Seletivo da Prefeitura de Ribeir\u00e3o das Neves (MG), que tem como objetivo a forma\u00e7\u00e3o de cadastro de reserva para profissionais tempor\u00e1rios, dos n\u00edveis m\u00e9dio e superior. Cargos e Remunera\u00e7\u00e3o Para essa oportunidade, a remunera\u00e7\u00e3o varia de R$ 1.243,10 a R$ 2.392,33, com carga hor\u00e1ria entre 20 e 24 horas semanais. [&hellip;]<\/p>\n","protected":false},"author":5229,"featured_media":180025,"comment_status":"open","ping_status":"open","sticky":false,"template":"","format":"standard","meta":{"_acf_changed":false,"_breakdance_hide_in_design_set":false,"_breakdance_tags":"","footnotes":""},"categories":[101,6,141,11,19,111,100,20,116,23,25,26],"tags":[50],"_amplo":[],"destaque":[],"instituicoes":[4263],"class_list":["post-180013","post","type-post","status-publish","format-standard","has-post-thumbnail","hentry","category-servico-social","category-biologia","category-educacao-artistica","category-educacao-fisica","category-fonoaudiologia","category-geografia","category-historia","category-letras","category-matematica","category-nutricao","category-pedagogia","category-psicologia","tag-minas-gerais","instituicoes-prefeitura-municipal-de-ribeirao-das-neves-mg"],"acf":{"_tipo_vagas":"cadastro de reserva","_numero_vagas":"","_quadro_vagas":null,"_cargos":"diversos","_cargos_especificos":"","_salario_max":"R$","_abertura":"20211126","_encerramento":"20211208","_inscricoes":"","_executora_concurso":"","_instituicao_concurso":[4263],"_link_adicional":null,"_anexos":[{"_arquivo_anexo":180020,"_titulo_anexo":"Edital 03\/2021"},{"_arquivo_anexo":180021,"_titulo_anexo":"Retifica\u00e7\u00e3o I"}],"_produtos":null,"_vagas":"","_salario_min":"","_instituicao":"","_edital":"","_anexos_edital":"","_fund_incompleto":"","_fund_completo":"","_medio":"","_superior":""},"_links":{"self":[{"href":"https:\/\/www.agrobase.com.br\/concursos\/wp-json\/wp\/v2\/posts\/180013","targetHints":{"allow":["GET"]}}],"collection":[{"href":"https:\/\/www.agrobase.com.br\/concursos\/wp-json\/wp\/v2\/posts"}],"about":[{"href":"https:\/\/www.agrobase.com.br\/concursos\/wp-json\/wp\/v2\/types\/post"}],"author":[{"embeddable":true,"href":"https:\/\/www.agrobase.com.br\/concursos\/wp-json\/wp\/v2\/users\/5229"}],"replies":[{"embeddable":true,"href":"https:\/\/www.agrobase.com.br\/concursos\/wp-json\/wp\/v2\/comments?post=180013"}],"version-history":[{"count":0,"href":"https:\/\/www.agrobase.com.br\/concursos\/wp-json\/wp\/v2\/posts\/180013\/revisions"}],"acf:term":[{"embeddable":true,"taxonomy":"instituicoes","href":"https:\/\/www.agrobase.com.br\/concursos\/wp-json\/wp\/v2\/instituicoes\/4263"}],"wp:featuredmedia":[{"embeddable":true,"href":"https:\/\/www.agrobase.com.br\/concursos\/wp-json\/wp\/v2\/media\/180025"}],"wp:attachment":[{"href":"https:\/\/www.agrobase.com.br\/concursos\/wp-json\/wp\/v2\/media?parent=180013"}],"wp:term":[{"taxonomy":"category","embeddable":true,"href":"https:\/\/www.agrobase.com.br\/concursos\/wp-json\/wp\/v2\/categories?post=180013"},{"taxonomy":"post_tag","embeddable":true,"href":"https:\/\/www.agrobase.com.br\/concursos\/wp-json\/wp\/v2\/tags?post=180013"},{"taxonomy":"_amplo","embeddable":true,"href":"https:\/\/www.agrobase.com.br\/concursos\/wp-json\/wp\/v2\/_amplo?post=180013"},{"taxonomy":"destaque","embeddable":true,"href":"https:\/\/www.agrobase.com.br\/concursos\/wp-json\/wp\/v2\/destaque?post=180013"},{"taxonomy":"instituicoes","embeddable":true,"href":"https:\/\/www.agrobase.com.br\/concursos\/wp-json\/wp\/v2\/instituicoes?post=180013"}],"curies":[{"name":"wp","href":"https:\/\/api.w.org\/{rel}","templated":true}]}}