{"id":179725,"date":"2021-12-01T16:54:36","date_gmt":"2021-12-01T19:54:36","guid":{"rendered":"https:\/\/www.agrobase.com.br\/concursos\/?p=179725"},"modified":"2021-12-01T17:03:33","modified_gmt":"2021-12-01T20:03:33","slug":"processo-seletivo-prefeitura-de-imarui-sc-edital-001-2021","status":"publish","type":"post","link":"https:\/\/www.agrobase.com.br\/concursos\/2021\/processo-seletivo-prefeitura-de-imarui-sc-edital-001-2021\/","title":{"rendered":"Processo Seletivo Prefeitura de Imaru\u00ed \u2013 SC | Edital 001\/2021"},"content":{"rendered":"<p>Encontram-se abertas as inscri\u00e7\u00f5es para Processo Seletivo da Prefeitura de Imaru\u00ed (SC) destinado \u00e0 contrata\u00e7\u00e3o de pessoal em regime tempor\u00e1rio bem como forma\u00e7\u00e3o de cadastro de reserva v\u00e1lido por 2 anos.<\/p>\n<h2>Cargos e Remunera\u00e7\u00e3o<\/h2>\n<p>De acordo com o edital 001\/2021 de <a href=\"https:\/\/pt.wikipedia.org\/wiki\/Imaru%C3%AD\" target=\"_blank\" rel=\"noopener\">Imaru\u00ed<\/a>, s\u00e3o demandados 32 profissionais de n\u00edvel fundamental, m\u00e9dio e superior, al\u00e9m do cadastro de reserva.<\/p>\n<p>A remunera\u00e7\u00e3o dos contratados situa-se na faixa de R$ 639,46 a R$ 2557,82 para jornadas de at\u00e9 40 horas semanais.<\/p>\n<p><strong>Clique abaixo para exibir o quadro de vagas do Processo Seletivo Prefeitura de Prefeitura de Imaru\u00ed \u2013 SC (Edital 001\/2021)<\/strong><br \/>\n<a href=\"https:\/\/www.agrobase.com.br\/concursos\/wp-content\/uploads\/sites\/4\/2021\/12\/quadro-vagas-imarui-2021.pdf\" target=\"_blank\" rel=\"noopener\"><img loading=\"lazy\" decoding=\"async\" class=\"aligncenter size-full\" src=\"https:\/\/www.agrobase.com.br\/concursos\/wp-content\/uploads\/sites\/4\/2021\/12\/quadro-vagas-prefeitura-imarui.png\" alt=\"Vagas Processo Seletivo Imaru\u00ed (PDF)\" width=\"570\" height=\"160\" \/><\/a><\/p>\n<h2>Inscri\u00e7\u00f5es<\/h2>\n<p>As inscri\u00e7\u00f5es para este Processo Seletivo ser\u00e3o recebidas apenas por meio da internet no website da executora em www.ippec.org.br at\u00e9 a data limite de 29 de dezembro de 2021.<\/p>\n<h2>Provas<\/h2>\n<p>O processo seletivo de Imaru\u00ed ter\u00e1 as seguintes fasea avaliativas:<\/p>\n<ul>\n<li><strong>Primeira etapa<\/strong>: prova escrita objetiva, aplicada a todos os candidatos, possuindo car\u00e1ter eliminat\u00f3rio e classificat\u00f3rio.<\/li>\n<li><strong>Segunda etapa<\/strong>: prova pr\u00e1tica de car\u00e1ter eliminat\u00f3rio e classificat\u00f3rio para o cargo de motorista de transporte escolar. Prova de t\u00edtulos de car\u00e1ter classificat\u00f3rio somente para os cargos de professores (habilitados e n\u00e3o habilitados).<\/li>\n<li><strong>Terceira etapa<\/strong>: realiza\u00e7\u00e3o de exame pr\u00e9-admissional para verificar se o candidato preenche todos os requisitos para investidura no cargo, que ser\u00e1 realizado ap\u00f3s a convoca\u00e7\u00e3o do candidato classificado.<\/li>\n<\/ul>\n<h2>Resultado do PSS de Imaru\u00ed<\/h2>\n<p>O resultado final do Processo Seletivo de Imaru\u00ed (homologado) est\u00e1 previsto para ser publicizado em 19 de janeiro de 2021, via Di\u00e1rio Oficial e nos endere\u00e7os eletr\u00f4nicos do www.ippec.org.br<\/p>\n","protected":false},"excerpt":{"rendered":"<p>Encontram-se abertas as inscri\u00e7\u00f5es para Processo Seletivo da Prefeitura de Imaru\u00ed (SC) destinado \u00e0 contrata\u00e7\u00e3o de pessoal em regime tempor\u00e1rio bem como forma\u00e7\u00e3o de cadastro de reserva v\u00e1lido por 2 anos. Cargos e Remunera\u00e7\u00e3o De acordo com o edital 001\/2021 de Imaru\u00ed, s\u00e3o demandados 32 profissionais de n\u00edvel fundamental, m\u00e9dio e superior, al\u00e9m do cadastro [&hellip;]<\/p>\n","protected":false},"author":1,"featured_media":179731,"comment_status":"open","ping_status":"open","sticky":false,"template":"","format":"standard","meta":{"_acf_changed":false,"_breakdance_hide_in_design_set":false,"_breakdance_tags":"","footnotes":""},"categories":[11,141,19,111,100,20,116,23,25,26,101],"tags":[61],"_amplo":[],"destaque":[],"instituicoes":[737],"class_list":["post-179725","post","type-post","status-publish","format-standard","has-post-thumbnail","hentry","category-educacao-fisica","category-educacao-artistica","category-fonoaudiologia","category-geografia","category-historia","category-letras","category-matematica","category-nutricao","category-pedagogia","category-psicologia","category-servico-social","tag-santa-catarina","instituicoes-prefeitura-municipal-de-imarui-sc"],"acf":{"_tipo_vagas":"vagas + cadastro de reserva","_numero_vagas":32,"_quadro_vagas":null,"_cargos":"diversos","_cargos_especificos":"","_salario_max":"R$","_abertura":"20211126","_encerramento":"20211229","_inscricoes":"","_executora_concurso":128855,"_instituicao_concurso":[737],"_link_adicional":null,"_anexos":[{"_arquivo_anexo":179733,"_titulo_anexo":"Edital 01\/2021"}],"_produtos":null,"_vagas":"","_salario_min":"","_instituicao":"","_edital":"","_anexos_edital":"","_fund_incompleto":"","_fund_completo":"","_medio":"","_superior":""},"_links":{"self":[{"href":"https:\/\/www.agrobase.com.br\/concursos\/wp-json\/wp\/v2\/posts\/179725","targetHints":{"allow":["GET"]}}],"collection":[{"href":"https:\/\/www.agrobase.com.br\/concursos\/wp-json\/wp\/v2\/posts"}],"about":[{"href":"https:\/\/www.agrobase.com.br\/concursos\/wp-json\/wp\/v2\/types\/post"}],"author":[{"embeddable":true,"href":"https:\/\/www.agrobase.com.br\/concursos\/wp-json\/wp\/v2\/users\/1"}],"replies":[{"embeddable":true,"href":"https:\/\/www.agrobase.com.br\/concursos\/wp-json\/wp\/v2\/comments?post=179725"}],"version-history":[{"count":0,"href":"https:\/\/www.agrobase.com.br\/concursos\/wp-json\/wp\/v2\/posts\/179725\/revisions"}],"acf:term":[{"embeddable":true,"taxonomy":"instituicoes","href":"https:\/\/www.agrobase.com.br\/concursos\/wp-json\/wp\/v2\/instituicoes\/737"}],"acf:post":[{"embeddable":true,"href":"https:\/\/www.agrobase.com.br\/concursos\/wp-json\/wp\/v2\/executora\/128855"}],"wp:featuredmedia":[{"embeddable":true,"href":"https:\/\/www.agrobase.com.br\/concursos\/wp-json\/wp\/v2\/media\/179731"}],"wp:attachment":[{"href":"https:\/\/www.agrobase.com.br\/concursos\/wp-json\/wp\/v2\/media?parent=179725"}],"wp:term":[{"taxonomy":"category","embeddable":true,"href":"https:\/\/www.agrobase.com.br\/concursos\/wp-json\/wp\/v2\/categories?post=179725"},{"taxonomy":"post_tag","embeddable":true,"href":"https:\/\/www.agrobase.com.br\/concursos\/wp-json\/wp\/v2\/tags?post=179725"},{"taxonomy":"_amplo","embeddable":true,"href":"https:\/\/www.agrobase.com.br\/concursos\/wp-json\/wp\/v2\/_amplo?post=179725"},{"taxonomy":"destaque","embeddable":true,"href":"https:\/\/www.agrobase.com.br\/concursos\/wp-json\/wp\/v2\/destaque?post=179725"},{"taxonomy":"instituicoes","embeddable":true,"href":"https:\/\/www.agrobase.com.br\/concursos\/wp-json\/wp\/v2\/instituicoes?post=179725"}],"curies":[{"name":"wp","href":"https:\/\/api.w.org\/{rel}","templated":true}]}}