{"id":179681,"date":"2021-12-01T16:05:13","date_gmt":"2021-12-01T19:05:13","guid":{"rendered":"https:\/\/www.agrobase.com.br\/concursos\/?p=179681"},"modified":"2021-12-01T17:05:04","modified_gmt":"2021-12-01T20:05:04","slug":"concurso-publico-da-ufv-mg-edital-01-2021","status":"publish","type":"post","link":"https:\/\/www.agrobase.com.br\/concursos\/2021\/concurso-publico-da-ufv-mg-edital-01-2021\/","title":{"rendered":"Concurso P\u00fablico da UFV &#8211; MG | Edital 01\/2021 &#8211; T\u00e9cnicos Administrativos"},"content":{"rendered":"<p>Confiram novo Concurso da <a href=\"https:\/\/www.ufv.br\/\" target=\"_blank\" rel=\"noopener\">Universidade Federal de Vi\u00e7osa<\/a> (UFV &#8211; MG), cujo objetivo \u00e9 a contrata\u00e7\u00e3o de <strong>33 profissionais para cargos t\u00e9cnico-administrativos<\/strong>.<\/p>\n<h2>Cargos e Remunera\u00e7\u00e3o<\/h2>\n<p>O Edital 001\/2021 do Concurso P\u00fablico da <a href=\"https:\/\/www.ufv.br\/\" target=\"_blank\" rel=\"noopener\">UFV &#8211; MG<\/a> \u00a0traz <strong>33<\/strong> novas oportunidades, as quais podem ser concorridas por profissionais com n\u00edvel m\u00e9dio\/t\u00e9cnico e superior de ensino.<\/p>\n<p>Os trabalhadores contratados receber\u00e3o sal\u00e1rios com valores entre <strong>R$2.446,96<\/strong>\u00a0a <strong>R$ 4.180,66<\/strong> al\u00e9m dos aux\u00edlios alimenta\u00e7\u00e3o, sa\u00fade e transporte e demais benef\u00edcios, nos termos da legisla\u00e7\u00e3o vigente, para atua\u00e7\u00f5es em cargas hor\u00e1rias semanais de 20h para M\u00e9dico\/\u00c1rea e M\u00e9dico Veterin\u00e1rio e de 40 horas semanais para o restante.<\/p>\n<p><strong>Clique abaixo para exibir o quadro de vagas do Concurso da Universidade Federal de Vi\u00e7osa &#8211; MG (Edital 001\/2021)<\/strong><\/p>\n<p style=\"text-align: center;\"><a href=\"https:\/\/www.agrobase.com.br\/concursos\/wp-content\/uploads\/sites\/4\/2021\/12\/quadro-de-vagas-edital-de-abertura-n-01-2021.pdf\"><img loading=\"lazy\" decoding=\"async\" class=\"alignnone size-full wp-image-179687\" src=\"https:\/\/www.agrobase.com.br\/concursos\/wp-content\/uploads\/sites\/4\/2021\/12\/Quadro-Vagas-UFV-MG.png\" alt=\"\" width=\"570\" height=\"120\" \/><\/a><\/p>\n<h2>Inscri\u00e7\u00e3o<\/h2>\n<ul>\n<li><strong>Internet:<\/strong> participe da sele\u00e7\u00e3o acessando ao site da <a href=\"https:\/\/www.gps.ufv.br\/editais\/232\/\" target=\"_blank\" rel=\"noopener\">UFV &#8211; MG<\/a>, no per\u00edodo entre <strong>30<\/strong> <strong>de novembro de 2021<\/strong> at\u00e9 <strong>16 de dezembro de 2021<\/strong>.<\/li>\n<\/ul>\n<p>&nbsp;<\/p>\n<p>O candidato dever\u00e1 recolher a taxa de inscri\u00e7\u00e3o no valor de <strong>R$100,00<\/strong> ou <strong>R$130,00 <\/strong>a depender do cargo pretendido.<\/p>\n<h2>Provas<\/h2>\n<p>A contrata\u00e7\u00e3o dos servidores pelo Concurso da UFV &#8211; MG ser\u00e1 precedida de uma etapa, que acontecer\u00e1 no dia <strong>20 de mar\u00e7o de 2022<\/strong>, constando provas te\u00f3ricas e pr\u00e1ticas.<\/p>\n<ul>\n<li><strong style=\"font-family: inherit; font-style: inherit;\">Prova objetiva.<\/strong><span style=\"font-size: 14px;\"> Para todos os inscritos.<\/span><\/li>\n<li><strong>Prova pr\u00e1tica.<\/strong> Para os cargos de M\u00e9dico Veterin\u00e1rio, T\u00e9cnico em Agropecu\u00e1ria e Zootecnista<\/li>\n<li><strong>Prova discursiva.\u00a0<\/strong>Para o cargo de T\u00e9cnico de Laborat\u00f3rio\/Qu\u00edmica<\/li>\n<\/ul>\n<h2>Gabarito<\/h2>\n<p>Os gabaritos das provas objetivas ser\u00e3o divulgados no primeiro dia \u00fatil ap\u00f3s a realiza\u00e7\u00e3o das mesmas no site: <a href=\"http:\/\/www.pgp.ufv.br.\" target=\"_blank\" rel=\"noopener\">www.pgp.ufv.br<\/a><\/p>\n<h2>Resultado do Concurso UFV-MG<\/h2>\n<p>O resultado do Concurso ser\u00e1 homologado pelo Conselho Universit\u00e1rio &#8211; CONSU, divulgado no Di\u00e1rio Oficial da Uni\u00e3o, e disponibilizado no site: <a href=\"http:\/\/www.pgp.ufv.br.\" target=\"_blank\" rel=\"noopener\">www.pgp.ufv.br<\/a><\/p>\n","protected":false},"excerpt":{"rendered":"<p>Confiram novo Concurso da Universidade Federal de Vi\u00e7osa (UFV &#8211; MG), cujo objetivo \u00e9 a contrata\u00e7\u00e3o de 33 profissionais para cargos t\u00e9cnico-administrativos. Cargos e Remunera\u00e7\u00e3o O Edital 001\/2021 do Concurso P\u00fablico da UFV &#8211; MG \u00a0traz 33 novas oportunidades, as quais podem ser concorridas por profissionais com n\u00edvel m\u00e9dio\/t\u00e9cnico e superior de ensino. Os trabalhadores [&hellip;]<\/p>\n","protected":false},"author":5229,"featured_media":179696,"comment_status":"open","ping_status":"open","sticky":false,"template":"","format":"standard","meta":{"_acf_changed":false,"_breakdance_hide_in_design_set":false,"_breakdance_tags":"","footnotes":""},"categories":[30,3,94,6,9,21,22,23,101,128,161,159,28],"tags":[50],"_amplo":[],"destaque":[],"instituicoes":[301],"class_list":["post-179681","post","type-post","status-publish","format-standard","has-post-thumbnail","hentry","category-tecnico-agropecuaria","category-administracao","category-biblioteconomia","category-biologia","category-ciencias-contabeis","category-medicina","category-veterinaria","category-nutricao","category-servico-social","category-tecnico-em-contabilidade","category-tecnico-laboratorio","category-tecnologia-da-informacao","category-zootecnia","tag-minas-gerais","instituicoes-universidade-federal-de-vicosa-ufv"],"acf":{"_tipo_vagas":"vagas","_numero_vagas":33,"_quadro_vagas":null,"_cargos":"t\u00e9cnicos administrativos","_cargos_especificos":"","_salario_max":"R$","_abertura":"20211130","_encerramento":"20211216","_inscricoes":"","_executora_concurso":"","_instituicao_concurso":[301],"_link_adicional":null,"_anexos":[{"_arquivo_anexo":179691,"_titulo_anexo":"Edital 01\/2021 - Universidade Federal de Vi\u00e7osa - MG"}],"_produtos":null,"_vagas":"","_salario_min":"","_instituicao":"","_edital":"","_anexos_edital":"","_fund_incompleto":"","_fund_completo":"","_medio":"","_superior":""},"_links":{"self":[{"href":"https:\/\/www.agrobase.com.br\/concursos\/wp-json\/wp\/v2\/posts\/179681","targetHints":{"allow":["GET"]}}],"collection":[{"href":"https:\/\/www.agrobase.com.br\/concursos\/wp-json\/wp\/v2\/posts"}],"about":[{"href":"https:\/\/www.agrobase.com.br\/concursos\/wp-json\/wp\/v2\/types\/post"}],"author":[{"embeddable":true,"href":"https:\/\/www.agrobase.com.br\/concursos\/wp-json\/wp\/v2\/users\/5229"}],"replies":[{"embeddable":true,"href":"https:\/\/www.agrobase.com.br\/concursos\/wp-json\/wp\/v2\/comments?post=179681"}],"version-history":[{"count":0,"href":"https:\/\/www.agrobase.com.br\/concursos\/wp-json\/wp\/v2\/posts\/179681\/revisions"}],"acf:term":[{"embeddable":true,"taxonomy":"instituicoes","href":"https:\/\/www.agrobase.com.br\/concursos\/wp-json\/wp\/v2\/instituicoes\/301"}],"wp:featuredmedia":[{"embeddable":true,"href":"https:\/\/www.agrobase.com.br\/concursos\/wp-json\/wp\/v2\/media\/179696"}],"wp:attachment":[{"href":"https:\/\/www.agrobase.com.br\/concursos\/wp-json\/wp\/v2\/media?parent=179681"}],"wp:term":[{"taxonomy":"category","embeddable":true,"href":"https:\/\/www.agrobase.com.br\/concursos\/wp-json\/wp\/v2\/categories?post=179681"},{"taxonomy":"post_tag","embeddable":true,"href":"https:\/\/www.agrobase.com.br\/concursos\/wp-json\/wp\/v2\/tags?post=179681"},{"taxonomy":"_amplo","embeddable":true,"href":"https:\/\/www.agrobase.com.br\/concursos\/wp-json\/wp\/v2\/_amplo?post=179681"},{"taxonomy":"destaque","embeddable":true,"href":"https:\/\/www.agrobase.com.br\/concursos\/wp-json\/wp\/v2\/destaque?post=179681"},{"taxonomy":"instituicoes","embeddable":true,"href":"https:\/\/www.agrobase.com.br\/concursos\/wp-json\/wp\/v2\/instituicoes?post=179681"}],"curies":[{"name":"wp","href":"https:\/\/api.w.org\/{rel}","templated":true}]}}