{"id":178272,"date":"2021-10-29T14:42:53","date_gmt":"2021-10-29T17:42:53","guid":{"rendered":"https:\/\/www.agrobase.com.br\/concursos\/?p=178272"},"modified":"2021-11-12T09:10:41","modified_gmt":"2021-11-12T12:10:41","slug":"processo-seletivo-blumenau-sc-edital-002-2021","status":"publish","type":"post","link":"https:\/\/www.agrobase.com.br\/concursos\/2021\/processo-seletivo-blumenau-sc-edital-002-2021\/","title":{"rendered":"Processo Seletivo Blumenau &#8211; SC | Edital 002\/2021"},"content":{"rendered":"<p>Aberto Processo Seletivo em <a href=\"https:\/\/www.blumenau.sc.gov.br\/\" title=\"Prefeitura de Blumenau\" target=\"_blank\" rel=\"noopener\">Blumenau (SC)<\/a>, que ser\u00e1 aplicado para mais de 39 contrata\u00e7\u00f5es tempor\u00e1rias.<\/p>\n<h2>Cargos e Remunera\u00e7\u00e3o<\/h2>\n<p><strong>39 vagas<\/strong> s\u00e3o preenchidas pela realiza\u00e7\u00e3o desse Processo Seletivo da Prefeitura de <a href=\"https:\/\/pt.wikipedia.org\/wiki\/Blumenau\" title=\"Cidade de Blumenau\" target=\"_blank\" rel=\"noopener\">Blumenau<\/a>, confirmado pelo edital 002\/2021. Podem concorrer profissionais de n\u00edvel fundamental, m\u00e9dio, t\u00e9cnico ou superior.<\/p>\n<p>Al\u00e9m de outras informa\u00e7\u00f5es o quadro de vagas adiante mostra que os vencimentos ir\u00e3o de <strong>R$ 1.643,00<\/strong> at\u00e9 <strong>R$ 4.928,92<\/strong>, e as jornadas de trabalho podem ser de <strong>10h<\/strong>, <strong>20h<\/strong>, <strong>30h<\/strong> ou <strong>40 horas semanais<\/strong>:<\/p>\n<p><strong>Clique abaixo para exibir o quadro de vagas do Processo Seletivo Blumenau &#8211; SC (Edital 002\/2021)<\/strong><br \/>\n<a target=\"_blank\" href=\"https:\/\/www.agrobase.com.br\/concursos\/wp-content\/uploads\/sites\/4\/2021\/10\/quadro-de-vagas-processo-seletivo-de-blumenau-sc.pdf\" rel=\"noopener\"><img loading=\"lazy\" decoding=\"async\" src=\"https:\/\/www.agrobase.com.br\/wp-content\/uploads\/sites\/4\/2017\/06\/quadro-de-vagas-do-processo-seletivo-de-blumenau-sc.png\" alt=\"Vagas Concurso P\u00fablico de Blumenau (PDF)\" width=\"570\" height=\"160\" class=\"aligncenter size-full\" \/><\/a><\/p>\n<h2>Inscri\u00e7\u00f5es<\/h2>\n<p>Para se inscrever no Processo Seletivo, os candidatos dever\u00e3o durante o prazo de inscri\u00e7\u00e3o:<\/p>\n<ul>\n<li><strong>Internet:<\/strong> acessar o endere\u00e7o eletr\u00f4nico <a href=\"https:\/\/concursos.furb.br\/informacoes\/203\/\" rel=\"noopener\" target=\"_blank\">concursos.furb.br<\/a>, entre <strong>29 de outubro de 2021<\/strong> e <strong>30 de novembro de 2021<\/strong>.<\/li>\n<\/ul>\n<p>Valor da taxa de inscri\u00e7\u00e3o: <\/p>\n<p><strong>R$ 60,00 (sessenta reais):<\/strong> Cargos de N\u00edvel Fundamental;<br \/>\n<strong>R$ 90,00 (noventa reais):<\/strong> Cargos de N\u00edvel M\u00e9dio e T\u00e9cnico;<br \/>\n<strong>R$ 130,00 (cento e trinta reais):<\/strong> Cargos de N\u00edvel Superior.<\/p>\n<h2>Provas<\/h2>\n<p>As etapas do concurso s\u00e3o compostas por:<\/p>\n<ol>\n<li><strong>Prova Objetiva:<\/strong> de car\u00e1ter eliminat\u00f3rio e classificat\u00f3rio, para todos os cargos. Ser\u00e1 realizada no dia <strong>30 de janeiro de 2022<\/strong>.<\/li>\n<li><strong>Prova Pr\u00e1tica:<\/strong> de car\u00e1ter eliminat\u00f3rio e classificat\u00f3rio, somente para os cargos de Operador de m\u00e1quinas com atua\u00e7\u00e3o em: carregadeira, motoniveladoras, retroescavadeiras e trator agr\u00edcola. Ser\u00e1 realizada no dia <strong>20 de fevereiro de 2022<\/strong>, em hor\u00e1rio e local definidos em <strong>11 de fevereiro de 2022<\/strong>.<\/li>\n<li><strong>Prova de Aptid\u00e3o F\u00edsica:<\/strong> de car\u00e1ter eliminat\u00f3rio e classificat\u00f3rio, somente para o cargo de Guarda de Tr\u00e2nsito. Ser\u00e1 realizada no dia <strong>20 de fevereiro de 2022<\/strong>.<\/li>\n<\/ol>\n<p>O local e sala da prova ser\u00e3o divulgados at\u00e9 o dia <strong>20 de dezembro de 2021<\/strong>, no endere\u00e7o eletr\u00f4nico http:\/\/concursos.furb.br\/, link Prefeitura Municipal de Blumenau &#8211; Concurso P\u00fablico &#8211; Edital N. 002\/2021.<\/p>\n<h2>Gabarito<\/h2>\n<p>O inteiro teor da prova e o gabarito preliminar da Prova Objetiva ser\u00e3o divulgados at\u00e9 \u00e0s 20h do dia <strong>31 de janeiro de 2022<\/strong>, no endere\u00e7o eletr\u00f4nico concursos.furb.br.<\/p>\n<h2>Resultado Processo Seletivo Blumenau<\/h2>\n<p>A partir do dia <strong>09 de mar\u00e7o de 2022<\/strong>, ser\u00e1 homologada a classifica\u00e7\u00e3o final do Concurso P\u00fablico, por ordem decrescente de nota, contendo o n\u00famero da classifica\u00e7\u00e3o, o n\u00famero da inscri\u00e7\u00e3o, o cargo e o nome do candidato, no endere\u00e7o eletr\u00f4nico concursos.furb.br.<\/p>\n","protected":false},"excerpt":{"rendered":"<p>Aberto Processo Seletivo em Blumenau (SC), que ser\u00e1 aplicado para mais de 39 contrata\u00e7\u00f5es tempor\u00e1rias.<\/p>\n","protected":false},"author":7,"featured_media":178274,"comment_status":"open","ping_status":"open","sticky":false,"template":"","format":"standard","meta":{"_acf_changed":false,"_breakdance_hide_in_design_set":false,"_breakdance_tags":"","footnotes":""},"categories":[3,5,94,6,126,9,121,10,117,141,12,14,15,17,18,19,111,115,100,21,22,23,98,24,25,26,101,30,31,108,130,143,134],"tags":[61],"_amplo":[],"destaque":[],"instituicoes":[1640],"class_list":["post-178272","post","type-post","status-publish","format-standard","has-post-thumbnail","hentry","category-administracao","category-arquitetura","category-biblioteconomia","category-biologia","category-ciencia-computacao","category-ciencias-contabeis","category-ciencias-sociais","category-direito","category-economia","category-educacao-artistica","category-enfermagem","category-engenharia","category-engenharia-florestal","category-farmacia","category-fisioterapia","category-fonoaudiologia","category-geografia","category-geologia","category-historia","category-medicina","category-veterinaria","category-nutricao","category-oceanografia","category-odontologia","category-pedagogia","category-psicologia","category-servico-social","category-tecnico-agropecuaria","category-tecnico-ambiental","category-tecnico-enfermagem","category-tecnico-informatica","category-tecnico-odontologia","category-terapia-ocupacional","tag-santa-catarina","instituicoes-prefeitura-municipal-de-blumenau-sc"],"acf":{"_tipo_vagas":"vagas","_numero_vagas":39,"_quadro_vagas":null,"_cargos":"diversos","_cargos_especificos":"","_salario_max":"R$","_abertura":"20211029","_encerramento":"20211130","_inscricoes":"","_executora_concurso":64295,"_instituicao_concurso":[1640],"_link_adicional":null,"_anexos":[{"_arquivo_anexo":178273,"_titulo_anexo":"Edital 002\/2021"}],"_produtos":null,"_vagas":"","_salario_min":"","_instituicao":"","_edital":"","_anexos_edital":"","_fund_incompleto":"","_fund_completo":"","_medio":"","_superior":""},"_links":{"self":[{"href":"https:\/\/www.agrobase.com.br\/concursos\/wp-json\/wp\/v2\/posts\/178272","targetHints":{"allow":["GET"]}}],"collection":[{"href":"https:\/\/www.agrobase.com.br\/concursos\/wp-json\/wp\/v2\/posts"}],"about":[{"href":"https:\/\/www.agrobase.com.br\/concursos\/wp-json\/wp\/v2\/types\/post"}],"author":[{"embeddable":true,"href":"https:\/\/www.agrobase.com.br\/concursos\/wp-json\/wp\/v2\/users\/7"}],"replies":[{"embeddable":true,"href":"https:\/\/www.agrobase.com.br\/concursos\/wp-json\/wp\/v2\/comments?post=178272"}],"version-history":[{"count":0,"href":"https:\/\/www.agrobase.com.br\/concursos\/wp-json\/wp\/v2\/posts\/178272\/revisions"}],"acf:term":[{"embeddable":true,"taxonomy":"instituicoes","href":"https:\/\/www.agrobase.com.br\/concursos\/wp-json\/wp\/v2\/instituicoes\/1640"}],"acf:post":[{"embeddable":true,"href":"https:\/\/www.agrobase.com.br\/concursos\/wp-json\/wp\/v2\/executora\/64295"}],"wp:featuredmedia":[{"embeddable":true,"href":"https:\/\/www.agrobase.com.br\/concursos\/wp-json\/wp\/v2\/media\/178274"}],"wp:attachment":[{"href":"https:\/\/www.agrobase.com.br\/concursos\/wp-json\/wp\/v2\/media?parent=178272"}],"wp:term":[{"taxonomy":"category","embeddable":true,"href":"https:\/\/www.agrobase.com.br\/concursos\/wp-json\/wp\/v2\/categories?post=178272"},{"taxonomy":"post_tag","embeddable":true,"href":"https:\/\/www.agrobase.com.br\/concursos\/wp-json\/wp\/v2\/tags?post=178272"},{"taxonomy":"_amplo","embeddable":true,"href":"https:\/\/www.agrobase.com.br\/concursos\/wp-json\/wp\/v2\/_amplo?post=178272"},{"taxonomy":"destaque","embeddable":true,"href":"https:\/\/www.agrobase.com.br\/concursos\/wp-json\/wp\/v2\/destaque?post=178272"},{"taxonomy":"instituicoes","embeddable":true,"href":"https:\/\/www.agrobase.com.br\/concursos\/wp-json\/wp\/v2\/instituicoes?post=178272"}],"curies":[{"name":"wp","href":"https:\/\/api.w.org\/{rel}","templated":true}]}}