{"id":177649,"date":"2021-10-19T08:29:39","date_gmt":"2021-10-19T11:29:39","guid":{"rendered":"https:\/\/www.agrobase.com.br\/concursos\/?p=177649"},"modified":"2021-10-19T08:29:39","modified_gmt":"2021-10-19T11:29:39","slug":"concurso-da-prefeitura-de-sao-valentim-do-sul-rs-edital-001-2021","status":"publish","type":"post","link":"https:\/\/www.agrobase.com.br\/concursos\/2021\/concurso-da-prefeitura-de-sao-valentim-do-sul-rs-edital-001-2021\/","title":{"rendered":"Concurso da Prefeitura de S\u00e3o Valentim do Sul &#8211; RS | Edital 001\/2021"},"content":{"rendered":"<p>Lan\u00e7ado novo edital de Concurso da Prefeitura de <a href=\"http:\/\/www.saovalentimdosul.rs.gov.br\/\" title=\"Prefeitura de S\u00e3o Valentim do Sul\" target=\"_blank\" rel=\"noopener\">S\u00e3o Valentim do Sul (RS)<\/a>, que deve realizar sele\u00e7\u00e3o de profissionais para formar cadastro reserva para futuras contrata\u00e7\u00f5es.<\/p>\n<h2>Cargos e Remunera\u00e7\u00e3o<\/h2>\n<p>Em <a href=\"https:\/\/pt.wikipedia.org\/wiki\/S\u00e3o_Valentim_do_Sul\" title=\"Cidade de S\u00e3o Valentim do Sul\" target=\"_blank\" rel=\"noopener\">S\u00e3o Valentim do Sul<\/a> o concurso p\u00fablico deve selecionar profissionais de n\u00edvel fundamental, m\u00e9dio, t\u00e9cnico ou superior para o preenchimento de <strong>cadastro reserva<\/strong> em dezenas de diferentes cargos.<\/p>\n<p>As remunera\u00e7\u00f5es podem variar de acordo com o cargo, indo desde <strong>R$ 1.396,59<\/strong> a <strong>R$ 5.248,25<\/strong> ao m\u00eas, considerando atua\u00e7\u00e3o semanal de <strong>30h<\/strong> ou <strong>40 horas<\/strong>.<\/p>\n<p><strong>Clique abaixo para exibir o quadro de vagas do Concurso da Prefeitura de S\u00e3o Valentim do Sul &#8211; RS (Edital 001\/2021)<\/strong><br \/>\n<a target=\"_blank\" href=\"https:\/\/www.agrobase.com.br\/concursos\/wp-content\/uploads\/sites\/4\/2021\/10\/quadro-de-vagas-concurso-publico-de-sao-valentim-do-sul-rs.pdf\" rel=\"noopener\"><img loading=\"lazy\" decoding=\"async\" src=\"https:\/\/www.agrobase.com.br\/concursos\/wp-content\/uploads\/sites\/4\/2021\/10\/quadro-vagas-concurso-prefeitura-sao-valentim-do-sul-rs.png\" alt=\"Vagas Concurso P\u00fablico S\u00e3o Valentim do Sul (PDF)\" width=\"570\" height=\"160\" class=\"aligncenter size-full\" \/><\/a><\/p>\n<h2>Inscri\u00e7\u00f5es<\/h2>\n<ol>\n<li><strong>Internet:<\/strong> a participa\u00e7\u00e3o \u00e9 aceita entre os dias <strong>15 de outubro de 2021<\/strong> e <strong>08 de novembro de 2021<\/strong>. A inscri\u00e7\u00e3o \u00e9 recebida por meio do endere\u00e7o eletr\u00f4nico www.legalleconcursos.com.br.<\/li>\n<\/ol>\n<p>Todavia, para cada inscri\u00e7\u00e3o \u00e9 preciso realizar o pagamento de taxa de inscri\u00e7\u00e3o nos valores de:<\/p>\n<p><strong>R$ 80,00 (oitenta reais):<\/strong> para os cargos de n\u00edvel fundamental.<br \/>\n<strong>R$ 100,00 (cem reais):<\/strong> para os cargos de n\u00edvel m\u00e9dio\/t\u00e9cnico.<br \/>\n<strong>R$ 120,00 (cento e vinte reais):<\/strong> para os cargos de n\u00edvel superior<\/p>\n<h2>Provas<\/h2>\n<p>Contudo, ap\u00f3s inscri\u00e7\u00e3o os profissionais ser\u00e3o submetidos \u00e0s provas, a saber:<\/p>\n<ul>\n<li><strong>Prova Objetiva:<\/strong> prevista para ser realizada no dia <strong>27 de novembro de 2021<\/strong>.<\/li>\n<li><strong>Prova Pr\u00e1tica.<\/strong> De car\u00e1ter classificat\u00f3rio e eliminat\u00f3rio para os cargos de Mec\u00e2nico, Merendeira\/Servente, Motorista e Operador de M\u00e1quinas.<\/li>\n<\/ul>\n<h2>Resultado<\/h2>\n<p>Todas as publica\u00e7\u00f5es ser\u00e3o divulgadas at\u00e9 \u00e0s 23h59min, da data estipulada neste Cronograma, no site www.legalleconcursos.com.br e no site da Prefeitura Municipal, www.saovalentimdosul.rs.gov.br. O resultado final ser\u00e1 homologado em <strong>05 de fevereiro de 2022<\/strong>.<\/p>\n","protected":false},"excerpt":{"rendered":"<p>Lan\u00e7ado novo edital de Concurso da Prefeitura de S\u00e3o Valentim do Sul (RS), que deve realizar sele\u00e7\u00e3o de profissionais para formar cadastro reserva para futuras contrata\u00e7\u00f5es.<\/p>\n","protected":false},"author":7,"featured_media":177652,"comment_status":"open","ping_status":"open","sticky":false,"template":"","format":"standard","meta":{"_acf_changed":false,"_breakdance_hide_in_design_set":false,"_breakdance_tags":"","footnotes":""},"categories":[12,17,21,22,23,24,26,101,29,31,128,108],"tags":[58],"_amplo":[],"destaque":[],"instituicoes":[5056],"class_list":["post-177649","post","type-post","status-publish","format-standard","has-post-thumbnail","hentry","category-enfermagem","category-farmacia","category-medicina","category-veterinaria","category-nutricao","category-odontologia","category-psicologia","category-servico-social","category-tecnico-agricola","category-tecnico-ambiental","category-tecnico-em-contabilidade","category-tecnico-enfermagem","tag-rio-grande-sul","instituicoes-prefeitura-municipal-de-sao-valentim-do-sul-rs"],"acf":{"_tipo_vagas":"cadastro de reserva","_numero_vagas":"","_quadro_vagas":null,"_cargos":"diversos","_cargos_especificos":"","_salario_max":"R$","_abertura":"20211015","_encerramento":"20211108","_inscricoes":"","_executora_concurso":42641,"_instituicao_concurso":[5056],"_link_adicional":null,"_anexos":[{"_arquivo_anexo":177651,"_titulo_anexo":"Edital 001\/2021"}],"_produtos":null,"_vagas":"","_salario_min":"","_instituicao":"","_edital":"","_anexos_edital":"","_fund_incompleto":"","_fund_completo":"","_medio":"","_superior":""},"_links":{"self":[{"href":"https:\/\/www.agrobase.com.br\/concursos\/wp-json\/wp\/v2\/posts\/177649","targetHints":{"allow":["GET"]}}],"collection":[{"href":"https:\/\/www.agrobase.com.br\/concursos\/wp-json\/wp\/v2\/posts"}],"about":[{"href":"https:\/\/www.agrobase.com.br\/concursos\/wp-json\/wp\/v2\/types\/post"}],"author":[{"embeddable":true,"href":"https:\/\/www.agrobase.com.br\/concursos\/wp-json\/wp\/v2\/users\/7"}],"replies":[{"embeddable":true,"href":"https:\/\/www.agrobase.com.br\/concursos\/wp-json\/wp\/v2\/comments?post=177649"}],"version-history":[{"count":0,"href":"https:\/\/www.agrobase.com.br\/concursos\/wp-json\/wp\/v2\/posts\/177649\/revisions"}],"acf:term":[{"embeddable":true,"taxonomy":"instituicoes","href":"https:\/\/www.agrobase.com.br\/concursos\/wp-json\/wp\/v2\/instituicoes\/5056"}],"acf:post":[{"embeddable":true,"href":"https:\/\/www.agrobase.com.br\/concursos\/wp-json\/wp\/v2\/executora\/42641"}],"wp:featuredmedia":[{"embeddable":true,"href":"https:\/\/www.agrobase.com.br\/concursos\/wp-json\/wp\/v2\/media\/177652"}],"wp:attachment":[{"href":"https:\/\/www.agrobase.com.br\/concursos\/wp-json\/wp\/v2\/media?parent=177649"}],"wp:term":[{"taxonomy":"category","embeddable":true,"href":"https:\/\/www.agrobase.com.br\/concursos\/wp-json\/wp\/v2\/categories?post=177649"},{"taxonomy":"post_tag","embeddable":true,"href":"https:\/\/www.agrobase.com.br\/concursos\/wp-json\/wp\/v2\/tags?post=177649"},{"taxonomy":"_amplo","embeddable":true,"href":"https:\/\/www.agrobase.com.br\/concursos\/wp-json\/wp\/v2\/_amplo?post=177649"},{"taxonomy":"destaque","embeddable":true,"href":"https:\/\/www.agrobase.com.br\/concursos\/wp-json\/wp\/v2\/destaque?post=177649"},{"taxonomy":"instituicoes","embeddable":true,"href":"https:\/\/www.agrobase.com.br\/concursos\/wp-json\/wp\/v2\/instituicoes?post=177649"}],"curies":[{"name":"wp","href":"https:\/\/api.w.org\/{rel}","templated":true}]}}