{"id":174036,"date":"2021-09-16T10:35:03","date_gmt":"2021-09-16T13:35:03","guid":{"rendered":"https:\/\/www.agrobase.com.br\/concursos\/?p=174036"},"modified":"2021-09-16T10:35:03","modified_gmt":"2021-09-16T13:35:03","slug":"processo-seletivo-de-blumenau-sc-edital-002-2021","status":"publish","type":"post","link":"https:\/\/www.agrobase.com.br\/concursos\/2021\/processo-seletivo-de-blumenau-sc-edital-002-2021\/","title":{"rendered":"Processo Seletivo de Blumenau &#8211; SC | Edital 002\/2021"},"content":{"rendered":"<p>Em <a href=\"http:\/\/www.blumenau.sc.gov.br\/\" target=\"_blank\" rel=\"noopener\">Blumenau (SC)<\/a> ser\u00e1 aplicado um novo Processo Seletivo, por meio do qual ser\u00e3o formados cadastros reserva para futuras contrata\u00e7\u00f5es tempor\u00e1rias.<\/p>\n<h2>Cargos e Remunera\u00e7\u00e3o<\/h2>\n<p>O <strong>cadastro reserva<\/strong> formado pela realiza\u00e7\u00e3o do Processo Seletivo da Prefeitura de <a href=\"https:\/\/pt.wikipedia.org\/wiki\/Blumenau\" target=\"_blank\" rel=\"noopener\">Blumenau<\/a> destinam-se a substitui\u00e7\u00e3o tempor\u00e1ria de servidores p\u00fablicos afastados. Poder\u00e3o participar aqueles que possuam forma\u00e7\u00e3o de n\u00edvel fundamental, m\u00e9dio, t\u00e9cnico ou superior.<\/p>\n<p>Al\u00e9m de outras informa\u00e7\u00f5es o quadro de vagas adiante mostra que os vencimentos podem ir desde <strong>R$ 1.262,36<\/strong> at\u00e9 <strong>R$ 4.928,92<\/strong>, e as jornadas de trabalho podem ser de <strong>10h<\/strong>, <strong>20h<\/strong>, <strong>30h<\/strong> ou <strong>40 horas semanais<\/strong>:<\/p>\n<p><strong>Clique abaixo para exibir o quadro de vagas do Processo Seletivo Blumenau &#8211; SC (Edital 002\/2021)<\/strong><br \/>\n<a target=\"_blank\" href=\"https:\/\/www.agrobase.com.br\/concursos\/wp-content\/uploads\/sites\/4\/2021\/09\/quadro-de-vagas-processo-seletivo-blumenau-sc.pdf\" rel=\"noopener\"><img loading=\"lazy\" decoding=\"async\" src=\"https:\/\/www.agrobase.com.br\/wp-content\/uploads\/sites\/4\/2017\/06\/quadro-de-vagas-do-processo-seletivo-de-blumenau-sc.png\" alt=\"Vagas Concurso P\u00fablico de Blumenau (PDF)\" width=\"570\" height=\"160\" class=\"aligncenter size-full\" \/><\/a><\/p>\n<h2>Inscri\u00e7\u00f5es<\/h2>\n<p>Para se inscrever no Processo Seletivo, os candidatos dever\u00e3o durante o prazo de inscri\u00e7\u00e3o:<\/p>\n<ul>\n<li><strong>Internet:<\/strong> acessar o endere\u00e7o eletr\u00f4nico <a href=\"http:\/\/concursos.furb.br\/informacoes\/199\/\" rel=\"noopener\" target=\"_blank\">concursos.furb.br<\/a>, entre <strong>28 de setembro de 2021<\/strong> e <strong>21 de outubro de 2021<\/strong>.<\/li>\n<\/ul>\n<p>Valor da taxa de inscri\u00e7\u00e3o: <\/p>\n<p><strong>R$ 60,00:<\/strong> Cargos de N\u00edvel Fundamental;<br \/>\n<strong>R$ 90,00:<\/strong> Cargos de N\u00edvel M\u00e9dio e T\u00e9cnico;<br \/>\n<strong>R$ 120,00:<\/strong> Cargos de N\u00edvel Superior.<\/p>\n<h2>Provas<\/h2>\n<p>A <strong>Prova Objetiva<\/strong> ser\u00e1 realizada no dia <strong>07 de novembro de 2021<\/strong>.<\/p>\n<p>O local e sala da prova ser\u00e3o divulgados at\u00e9 o dia <strong>29 de outubro de 2021<\/strong>, no endere\u00e7o eletr\u00f4nico concursos.furb.br, link Prefeitura Municipal de Blumenau &#8211; Processo Seletivo P\u00fablico Simplificado &#8211; Edital N. 002\/2021.<\/p>\n<h2>Gabarito<\/h2>\n<p>O inteiro teor da prova e o gabarito preliminar da Prova Objetiva ser\u00e3o divulgados at\u00e9 \u00e0s 20h do dia <strong>08 de novembro de 2021<\/strong>, no endere\u00e7o eletr\u00f4nico concursos.furb.br.<\/p>\n<h2>Resultado Processo Seletivo Blumenau<\/h2>\n<p>A partir do dia <strong>30 de novembro de 2021<\/strong> ser\u00e1 homologada a classifica\u00e7\u00e3o final do Processo Seletivo P\u00fablico Simplificado, por ordem decrescente de nota, contendo o n\u00famero da classifica\u00e7\u00e3o, o n\u00famero da inscri\u00e7\u00e3o, o cargo e o nome do candidato, no endere\u00e7o eletr\u00f4nico http:\/\/concursos.furb.br\/, link Prefeitura Municipal de Blumenau &#8211; Processo Seletivo P\u00fablico Simplificado &#8211; Edital N. 002\/2021.<\/p>\n","protected":false},"excerpt":{"rendered":"<p>Em Blumenau (SC) ser\u00e1 aplicado um novo Processo Seletivo, por meio do qual ser\u00e3o formados cadastros reserva para futuras contrata\u00e7\u00f5es tempor\u00e1rias.<\/p>\n","protected":false},"author":7,"featured_media":0,"comment_status":"open","ping_status":"open","sticky":false,"template":"","format":"standard","meta":{"_acf_changed":false,"_breakdance_hide_in_design_set":false,"_breakdance_tags":"","footnotes":""},"categories":[12,17,18,19,21,22,23,24,26,101,134],"tags":[61],"_amplo":[],"destaque":[],"instituicoes":[1640],"class_list":["post-174036","post","type-post","status-publish","format-standard","hentry","category-enfermagem","category-farmacia","category-fisioterapia","category-fonoaudiologia","category-medicina","category-veterinaria","category-nutricao","category-odontologia","category-psicologia","category-servico-social","category-terapia-ocupacional","tag-santa-catarina","instituicoes-prefeitura-municipal-de-blumenau-sc"],"acf":{"_tipo_vagas":"cadastro de reserva","_numero_vagas":"","_quadro_vagas":null,"_cargos":"diversos","_cargos_especificos":"","_salario_max":"R$","_abertura":"20210928","_encerramento":"20211021","_inscricoes":"","_executora_concurso":64295,"_instituicao_concurso":[1640],"_link_adicional":null,"_anexos":[{"_arquivo_anexo":174039,"_titulo_anexo":"Edital 002\/2021"}],"_produtos":null,"_vagas":"","_salario_min":"","_instituicao":"","_edital":"","_anexos_edital":"","_fund_incompleto":"","_fund_completo":"","_medio":"","_superior":""},"_links":{"self":[{"href":"https:\/\/www.agrobase.com.br\/concursos\/wp-json\/wp\/v2\/posts\/174036","targetHints":{"allow":["GET"]}}],"collection":[{"href":"https:\/\/www.agrobase.com.br\/concursos\/wp-json\/wp\/v2\/posts"}],"about":[{"href":"https:\/\/www.agrobase.com.br\/concursos\/wp-json\/wp\/v2\/types\/post"}],"author":[{"embeddable":true,"href":"https:\/\/www.agrobase.com.br\/concursos\/wp-json\/wp\/v2\/users\/7"}],"replies":[{"embeddable":true,"href":"https:\/\/www.agrobase.com.br\/concursos\/wp-json\/wp\/v2\/comments?post=174036"}],"version-history":[{"count":0,"href":"https:\/\/www.agrobase.com.br\/concursos\/wp-json\/wp\/v2\/posts\/174036\/revisions"}],"acf:term":[{"embeddable":true,"taxonomy":"instituicoes","href":"https:\/\/www.agrobase.com.br\/concursos\/wp-json\/wp\/v2\/instituicoes\/1640"}],"acf:post":[{"embeddable":true,"href":"https:\/\/www.agrobase.com.br\/concursos\/wp-json\/wp\/v2\/executora\/64295"}],"wp:attachment":[{"href":"https:\/\/www.agrobase.com.br\/concursos\/wp-json\/wp\/v2\/media?parent=174036"}],"wp:term":[{"taxonomy":"category","embeddable":true,"href":"https:\/\/www.agrobase.com.br\/concursos\/wp-json\/wp\/v2\/categories?post=174036"},{"taxonomy":"post_tag","embeddable":true,"href":"https:\/\/www.agrobase.com.br\/concursos\/wp-json\/wp\/v2\/tags?post=174036"},{"taxonomy":"_amplo","embeddable":true,"href":"https:\/\/www.agrobase.com.br\/concursos\/wp-json\/wp\/v2\/_amplo?post=174036"},{"taxonomy":"destaque","embeddable":true,"href":"https:\/\/www.agrobase.com.br\/concursos\/wp-json\/wp\/v2\/destaque?post=174036"},{"taxonomy":"instituicoes","embeddable":true,"href":"https:\/\/www.agrobase.com.br\/concursos\/wp-json\/wp\/v2\/instituicoes?post=174036"}],"curies":[{"name":"wp","href":"https:\/\/api.w.org\/{rel}","templated":true}]}}