{"id":173466,"date":"2021-09-02T16:06:42","date_gmt":"2021-09-02T19:06:42","guid":{"rendered":"https:\/\/www.agrobase.com.br\/concursos\/?p=173466"},"modified":"2021-09-02T16:06:42","modified_gmt":"2021-09-02T19:06:42","slug":"processo-seletivo-de-cedro-ce-edital-004-2021","status":"publish","type":"post","link":"https:\/\/www.agrobase.com.br\/concursos\/2021\/processo-seletivo-de-cedro-ce-edital-004-2021\/","title":{"rendered":"Processo Seletivo de Cedro &#8211; CE | Edital 004\/2021"},"content":{"rendered":"<p>Abertas as inscri\u00e7\u00f5es para o Processo Seletivo de Cedro (CE), onde existe a necessidade de selecionar profissionais para ocupar cargos tempor\u00e1rio em todos os n\u00edveis de escolaridade.<\/p>\n<h2>Cargos e Remunera\u00e7\u00e3o<\/h2>\n<p>A previs\u00e3o da Prefeitura de <a target=\"_blank\" href=\"http:\/\/pt.wikipedia.org\/wiki\/Cedro_(Cear%C3%A1)\" rel=\"noopener\">Cedro<\/a> \u00e9 que sejam contratados 208 servidores para preencher cargos que exigem ensino fundamental, m\u00e9dio ou superior, de acordo com as atribui\u00e7\u00f5es.<\/p>\n<p>Est\u00e3o sendo ofertados sal\u00e1rios na faixa de R$ 724,00 e R$ 8.500,00 para jornadas fixadas de 22h, 30h e 40 horas semanais.<\/p>\n<p>Para ter acesso ao quadro de vagas acessar o Edital no Anexo I (p\u00e1gina 19).<\/p>\n<p><strong>Clique abaixo para exibir o quadro de vagas do Processo Seletivo de Cedro &#8211; CE (Edital 004\/2021)<\/strong><br \/>\n<a target=\"_blank\" href=\"https:\/\/www.agrobase.com.br\/concursos\/wp-content\/uploads\/sites\/4\/2021\/09\/quadro-de-vagas-processo-seletivo-cedro-ce.pdf\" rel=\"noopener\"><img loading=\"lazy\" decoding=\"async\" src=\"https:\/\/www.agrobase.com.br\/concursos\/wp-content\/uploads\/sites\/4\/2021\/09\/quadro-de-vagas-do-processo-seletivo-cedro-ce.png\" alt=\"Vagas Concurso P\u00fablico dCedro (PDF)\" width=\"570\" height=\"160\" class=\"aligncenter size-full\" \/><\/a><\/p>\n<h2>Inscri\u00e7\u00e3o<\/h2>\n<ul>\n<li><strong>Presencial:<\/strong> a partir de <strong>02<\/strong> at\u00e9 <strong>06 de setembro de 2021<\/strong>, as inscri\u00e7\u00f5es ser\u00e3o aceitas exclusivamente de forma presencial de forma presencial, na Secretaria de Administra\u00e7\u00e3o do Munic\u00edpio, localizada no pr\u00e9dio da Prefeitura, localizada na rua Coronel Luiz Felipe, 299, centro, nos seguintes hor\u00e1rios 08h \u00e0s 12h e das 14h \u00e0s 17h.<\/li>\n<\/ul>\n<h2>Provas<\/h2>\n<p>Todavia, a avalia\u00e7\u00e3o dos candidatos ao Processo Seletivo da cidade de Cedro se dar\u00e1 mediante as seguintes provas, a saber:<\/p>\n<ol>\n<li><strong>An\u00e1lise Curricular.<\/strong><\/li>\n<li><strong>Prova de T\u00edtulos.<\/strong><\/li>\n<\/ol>\n<h2>Resultado<\/h2>\n<p>A prov\u00e1vel data de publica\u00e7\u00e3o do resultado final \u00e9 dia <strong>16 de setembro de 2021<\/strong>.<\/p>\n","protected":false},"excerpt":{"rendered":"<p>Abertas as inscri\u00e7\u00f5es para o Processo Seletivo de Cedro (CE), por meio do qual ser\u00e3o selecionados profissionais para ocupar cargos tempor\u00e1rio em todos os n\u00edveis de escolaridade.<\/p>\n","protected":false},"author":7,"featured_media":173467,"comment_status":"open","ping_status":"open","sticky":false,"template":"","format":"standard","meta":{"_acf_changed":false,"_breakdance_hide_in_design_set":false,"_breakdance_tags":"","footnotes":""},"categories":[141,11,12,17,18,19,119,23,24,26,108],"tags":[43],"_amplo":[],"destaque":[],"instituicoes":[5029],"class_list":["post-173466","post","type-post","status-publish","format-standard","has-post-thumbnail","hentry","category-educacao-artistica","category-educacao-fisica","category-enfermagem","category-farmacia","category-fisioterapia","category-fonoaudiologia","category-musica","category-nutricao","category-odontologia","category-psicologia","category-tecnico-enfermagem","tag-ceara","instituicoes-prefeitura-municipal-de-cedro-ce"],"acf":{"_tipo_vagas":"vagas","_numero_vagas":64,"_quadro_vagas":null,"_cargos":"diversos","_cargos_especificos":"","_salario_max":"R$","_abertura":"20210902","_encerramento":"20210906","_inscricoes":"","_executora_concurso":"","_instituicao_concurso":[5029],"_link_adicional":null,"_anexos":[{"_arquivo_anexo":173468,"_titulo_anexo":"Edital 004\/2021"}],"_produtos":null,"_vagas":"","_salario_min":"","_instituicao":"","_edital":"","_anexos_edital":"","_fund_incompleto":"","_fund_completo":"","_medio":"","_superior":""},"_links":{"self":[{"href":"https:\/\/www.agrobase.com.br\/concursos\/wp-json\/wp\/v2\/posts\/173466","targetHints":{"allow":["GET"]}}],"collection":[{"href":"https:\/\/www.agrobase.com.br\/concursos\/wp-json\/wp\/v2\/posts"}],"about":[{"href":"https:\/\/www.agrobase.com.br\/concursos\/wp-json\/wp\/v2\/types\/post"}],"author":[{"embeddable":true,"href":"https:\/\/www.agrobase.com.br\/concursos\/wp-json\/wp\/v2\/users\/7"}],"replies":[{"embeddable":true,"href":"https:\/\/www.agrobase.com.br\/concursos\/wp-json\/wp\/v2\/comments?post=173466"}],"version-history":[{"count":0,"href":"https:\/\/www.agrobase.com.br\/concursos\/wp-json\/wp\/v2\/posts\/173466\/revisions"}],"acf:term":[{"embeddable":true,"taxonomy":"instituicoes","href":"https:\/\/www.agrobase.com.br\/concursos\/wp-json\/wp\/v2\/instituicoes\/5029"}],"wp:featuredmedia":[{"embeddable":true,"href":"https:\/\/www.agrobase.com.br\/concursos\/wp-json\/wp\/v2\/media\/173467"}],"wp:attachment":[{"href":"https:\/\/www.agrobase.com.br\/concursos\/wp-json\/wp\/v2\/media?parent=173466"}],"wp:term":[{"taxonomy":"category","embeddable":true,"href":"https:\/\/www.agrobase.com.br\/concursos\/wp-json\/wp\/v2\/categories?post=173466"},{"taxonomy":"post_tag","embeddable":true,"href":"https:\/\/www.agrobase.com.br\/concursos\/wp-json\/wp\/v2\/tags?post=173466"},{"taxonomy":"_amplo","embeddable":true,"href":"https:\/\/www.agrobase.com.br\/concursos\/wp-json\/wp\/v2\/_amplo?post=173466"},{"taxonomy":"destaque","embeddable":true,"href":"https:\/\/www.agrobase.com.br\/concursos\/wp-json\/wp\/v2\/destaque?post=173466"},{"taxonomy":"instituicoes","embeddable":true,"href":"https:\/\/www.agrobase.com.br\/concursos\/wp-json\/wp\/v2\/instituicoes?post=173466"}],"curies":[{"name":"wp","href":"https:\/\/api.w.org\/{rel}","templated":true}]}}