{"id":173363,"date":"2021-09-01T16:10:30","date_gmt":"2021-09-01T19:10:30","guid":{"rendered":"https:\/\/www.agrobase.com.br\/concursos\/?p=173363"},"modified":"2021-09-01T16:10:30","modified_gmt":"2021-09-01T19:10:30","slug":"processo-seletivo-de-cabedelo-pb-edital-001-2021","status":"publish","type":"post","link":"https:\/\/www.agrobase.com.br\/concursos\/2021\/processo-seletivo-de-cabedelo-pb-edital-001-2021\/","title":{"rendered":"Processo Seletivo de Cabedelo &#8211; PB | Edital 001\/2021"},"content":{"rendered":"<p>A cidade de <a href=\"https:\/\/cabedelo.pb.gov.br\/\" title=\"Prefeitura de Cabedelo\" target=\"_blank\" rel=\"noopener\">Cabedelo (PB)<\/a> realizar\u00e1 um processo seletivo para a sele\u00e7\u00e3o de profissionais tempor\u00e1rios para mais de 300 vagas.<\/p>\n<h2>Cargos e Remunera\u00e7\u00e3o<\/h2>\n<p>Segundo o edital 001\/2021, que abre o processo seletivo da Prefeitura de <a href=\"https:\/\/pt.wikipedia.org\/wiki\/Cabedelo\" title=\"Cidade de Cabedelo\" target=\"_blank\" rel=\"noopener\">Cabedelo<\/a>, no estado de Para\u00edba, ser\u00e3o preenchidas <strong>325 vagas<\/strong> tempor\u00e1rias entre fun\u00e7\u00f5es de n\u00edvel fundamental, m\u00e9dio, t\u00e9cnico e superior.<\/p>\n<p>Ao ser contratado, o profissional deve exercer fun\u00e7\u00f5es em jornadas de <strong>20h<\/strong>, <strong>24h<\/strong>, <strong>30h<\/strong> ou <strong>40 horas<\/strong> semanais, referente a remunera\u00e7\u00e3o mensal entre <strong>R$ 1.100,00<\/strong> a <strong>R$ 6.000,00<\/strong>, de acordo com o cargo ocupado.<\/p>\n<p><strong>Clique abaixo para exibir o quadro de vagas do Processo Seletivo de Cabedelo &#8211; PB (Edital 001\/2021)<\/strong><br \/>\n<a target=\"_blank\" href=\"https:\/\/www.agrobase.com.br\/concursos\/wp-content\/uploads\/sites\/4\/2021\/09\/quadro-de-vagas-processo-seletivo-cabedelo-pb.pdf\" rel=\"noopener\"><img loading=\"lazy\" decoding=\"async\" src=\"https:\/\/www.agrobase.com.br\/concursos\/wp-content\/uploads\/sites\/4\/2021\/09\/quadro-de-vagas-do-processo-seletivo-cabedelo-pb.png\" alt=\"Vagas Concurso P\u00fablico Cabedelo (PDF)\" width=\"570\" height=\"160\" class=\"aligncenter size-full\" \/><\/a><\/p>\n<h2>Inscri\u00e7\u00f5es<\/h2>\n<ul>\n<li><strong>Presencial:<\/strong> as inscri\u00e7\u00f5es s\u00e3o recebidas presencialmente no Setor de Recursos Humanos da Secretaria de Sa\u00fade do Munic\u00edpio. O atendimento \u00e9 das 8h \u00e0s 14h, no per\u00edodo de <strong>30 de agosto de 2021<\/strong> a <strong>03 de setembro de 2021<\/strong>.<\/li>\n<\/ul>\n<h2>Provas<\/h2>\n<p>Os candidatos ser\u00e3o avaliados mediante aplica\u00e7\u00e3o de:<\/p>\n<ol>\n<li><strong>An\u00e1lise de T\u00edtulos e Experi\u00eancia Profissional.<\/strong><\/li>\n<li><strong>Entrevista.<\/strong><\/li>\n<\/ol>\n<h2>Resultado<\/h2>\n<p>Todas as informa\u00e7\u00f5es oficiais referentes ao presente Processo Seletivo Simplificado regulamentado pelo presente Edital ser\u00e3o publicadas e divulgadas no site do Munic\u00edpio &#8211; (www.cabedelo.pb.gov.br), e no Seman\u00e1rio Oficial da Prefeitura de Cabedelo, n\u00e3o se responsabilizando este Munic\u00edpio por outras informa\u00e7\u00f5es<\/p>\n","protected":false},"excerpt":{"rendered":"<p>A cidade de Cabedelo (PB) realizar\u00e1 um processo seletivo para a sele\u00e7\u00e3o de profissionais tempor\u00e1rios para mais de 300 vagas.<\/p>\n","protected":false},"author":7,"featured_media":173364,"comment_status":"open","ping_status":"open","sticky":false,"template":"","format":"standard","meta":{"_acf_changed":false,"_breakdance_hide_in_design_set":false,"_breakdance_tags":"","footnotes":""},"categories":[7,11,12,152,17,18,19,21,23,24,26,101,108,161,143,134],"tags":[53],"_amplo":[],"destaque":[],"instituicoes":[4359],"class_list":["post-173363","post","type-post","status-publish","format-standard","has-post-thumbnail","hentry","category-biomedicina","category-educacao-fisica","category-enfermagem","category-engenharia-seguranca-trabalho","category-farmacia","category-fisioterapia","category-fonoaudiologia","category-medicina","category-nutricao","category-odontologia","category-psicologia","category-servico-social","category-tecnico-enfermagem","category-tecnico-laboratorio","category-tecnico-odontologia","category-terapia-ocupacional","tag-paraiba","instituicoes-prefeitura-municipal-de-cabedelo-pb"],"acf":{"_tipo_vagas":"vagas","_numero_vagas":325,"_quadro_vagas":null,"_cargos":"diversos","_cargos_especificos":"","_salario_max":"R$","_abertura":"20210830","_encerramento":"20210903","_inscricoes":"","_executora_concurso":"","_instituicao_concurso":[4359],"_link_adicional":null,"_anexos":[{"_arquivo_anexo":173367,"_titulo_anexo":"Edital 001\/2021"}],"_produtos":null,"_vagas":"","_salario_min":"","_instituicao":"","_edital":"","_anexos_edital":"","_fund_incompleto":"","_fund_completo":"","_medio":"","_superior":""},"_links":{"self":[{"href":"https:\/\/www.agrobase.com.br\/concursos\/wp-json\/wp\/v2\/posts\/173363","targetHints":{"allow":["GET"]}}],"collection":[{"href":"https:\/\/www.agrobase.com.br\/concursos\/wp-json\/wp\/v2\/posts"}],"about":[{"href":"https:\/\/www.agrobase.com.br\/concursos\/wp-json\/wp\/v2\/types\/post"}],"author":[{"embeddable":true,"href":"https:\/\/www.agrobase.com.br\/concursos\/wp-json\/wp\/v2\/users\/7"}],"replies":[{"embeddable":true,"href":"https:\/\/www.agrobase.com.br\/concursos\/wp-json\/wp\/v2\/comments?post=173363"}],"version-history":[{"count":0,"href":"https:\/\/www.agrobase.com.br\/concursos\/wp-json\/wp\/v2\/posts\/173363\/revisions"}],"acf:term":[{"embeddable":true,"taxonomy":"instituicoes","href":"https:\/\/www.agrobase.com.br\/concursos\/wp-json\/wp\/v2\/instituicoes\/4359"}],"wp:featuredmedia":[{"embeddable":true,"href":"https:\/\/www.agrobase.com.br\/concursos\/wp-json\/wp\/v2\/media\/173364"}],"wp:attachment":[{"href":"https:\/\/www.agrobase.com.br\/concursos\/wp-json\/wp\/v2\/media?parent=173363"}],"wp:term":[{"taxonomy":"category","embeddable":true,"href":"https:\/\/www.agrobase.com.br\/concursos\/wp-json\/wp\/v2\/categories?post=173363"},{"taxonomy":"post_tag","embeddable":true,"href":"https:\/\/www.agrobase.com.br\/concursos\/wp-json\/wp\/v2\/tags?post=173363"},{"taxonomy":"_amplo","embeddable":true,"href":"https:\/\/www.agrobase.com.br\/concursos\/wp-json\/wp\/v2\/_amplo?post=173363"},{"taxonomy":"destaque","embeddable":true,"href":"https:\/\/www.agrobase.com.br\/concursos\/wp-json\/wp\/v2\/destaque?post=173363"},{"taxonomy":"instituicoes","embeddable":true,"href":"https:\/\/www.agrobase.com.br\/concursos\/wp-json\/wp\/v2\/instituicoes?post=173363"}],"curies":[{"name":"wp","href":"https:\/\/api.w.org\/{rel}","templated":true}]}}