{"id":173037,"date":"2021-08-25T08:52:32","date_gmt":"2021-08-25T11:52:32","guid":{"rendered":"https:\/\/www.agrobase.com.br\/concursos\/?p=173037"},"modified":"2021-08-25T08:53:13","modified_gmt":"2021-08-25T11:53:13","slug":"processo-seletivo-pm-sc-edital-126-2021","status":"publish","type":"post","link":"https:\/\/www.agrobase.com.br\/concursos\/2021\/processo-seletivo-pm-sc-edital-126-2021\/","title":{"rendered":"Processo Seletivo da PM SC | Edital 126\/2021 &#8211; Agente Tempor\u00e1rio"},"content":{"rendered":"<p>\u00c9 aberto edital de Processo Seletivo pela <a href=\"https:\/\/www.pm.sc.gov.br\/\" title=\"Pol\u00edcia Militar do Estado de Santa Catarina\" target=\"_blank\" rel=\"noopener\">PM &#8211; SC<\/a>, o qual objetiva suprir a demanda de mais de 700 agentes tempor\u00e1rios de servi\u00e7o da PM.<\/p>\n<h2>Cargos e Remunera\u00e7\u00e3o<\/h2>\n<p>Ao todo a Pol\u00edcia Militar do Estado de Santa Catarina (PM-SC) abre <strong>723 vagas<\/strong> de agentes tempor\u00e1rios de servi\u00e7o da PM para atuar nas Centrais de Emerg\u00eancias, Centrais de Videomonitoramento e Servi\u00e7os Administrativos das Organiza\u00e7\u00f5es Policiais Militares (OPM).<\/p>\n<p>A divis\u00e3o e lota\u00e7\u00e3o das vagas ocorre da seguinte forma entre os munic\u00edpios citados:<\/p>\n<p><em>Abelardo Luz (1); Agrol\u00e2ndia (1); \u00c1gua Doc\u00ea (1); Ant\u00f4nio Carlos (1); Ap\u00eduna (1); Arabuta (1); Araquari (2); Ararangu\u00e1 (3); Armaz\u00e9m (1); Ascurra (1); Balne\u00e1rio Pi\u00e7arras (1); Balne\u00e1rio Cambori\u00fa (63); Barra Velha (2); Bigua\u00e7u (3); Blumenau (51); Bombinhas (1); Bra\u00e7o do Norte (2); Bra\u00e7o do Trombudo (1); Brusque (3); Ca\u00e7ador (1); Cambori\u00fa (2); Campo Alegre (1); Campo Ere (1); Campos Novos (1); Canelinha (1); Canoinhas (1); Capivari de Baixo (1); Catanduvas (1); Chapec\u00f3 (53); Cocal do Sul (1); Conc\u00f3rdia (3); Correia Pinto (1); Crici\u00fama (46); Cunha Por\u00e3 (1); Curitibanos (1); Descanso (1); Dion\u00edsio Cerqueira (1); Erval Velho (1); Faxinal dos Guedes (1); Florian\u00f3polis (130); Forquilhinha (1); Fraiburgo (2); Garopaba (2); Garuva (1); Gaspar (2); Governador Celso Ramos (1); Gr\u00e3o Par\u00e1 (1); Gravatal (1); Guabiruba (1); Guaraciaba (1); Guaramirim (2); Guaruj\u00e1 do Sul (1); Herval D&#8221;Oeste (22); Ibicar\u00e9 (1); Ibirama (2); I\u00e7ara (2); Imbituba (2); Indaial (2); Iomere (1); Ipor\u00e3 do Oeste (1); Irene\u00f3polis (1); It\u00e1 (1); Itai\u00f3polis (1); Itaja\u00ed (3); Itapema (2); Itapo\u00e1 (1); Ituporanga (2); Jaguaruna (1); Jaragu\u00e1 do Sul (38); Joa\u00e7aba (1); Joinville (65); Laurentino (1); Lauro Muller (1); Lind\u00f3ia do Sul (1); Lontras (1); Luiz Alves (1); Luzerna (1); Mafra (2); Maravilha (2); Monda\u00ed (1); Morro da Fuma\u00e7a (1); Navegantes (3); Nova Trento (1); Nova Veneza (1); Orleans (1); Otac\u00edlio Costa (2); Palma Sola (1); Palmitos (1); Papanduva (1); Paulo Lopes (1); Penha (2); Pinhalzinho (1); Pomerode (1); Porto Belo (1); Porto Uni\u00e3o (2); Pouso Redondo (1); Quilombo (1); Rio do Oeste (1); Rio do Sul (15); Rios dos Cedros (1); Rio Fortuna (1); Rio Negrinho (2); Riqueza (1); Saltinho (1); Santa Rosa de Lima (1); Santo Amaro da Imperatriz (1); S\u00e3o Bento do Sul (3); S\u00e3o Domingos (1); S\u00e3o Francisco do Sul (2); S\u00e3o Jo\u00e3o Batista (1); S\u00e3o Jo\u00e3o do Oeste (1); S\u00e3o Joaquim (1); S\u00e3o Jos\u00e9 (7); S\u00e3o Jos\u00e9 dos Cedros (1); S\u00e3o Louren\u00e7o D&#8221;Oeste (2); S\u00e3o Miguel D&#8221;Oeste (22); S\u00e3o Pedro de Alc\u00e2ntara (1); Seara (2); Sider\u00f3polis (1); Sombrio (2); Tai\u00f3 (2); Tangar\u00e1 (1); Tijucas (2); Timb\u00f3 (2); Treze T\u00edlias (1); Tubar\u00e3o (45); Tunap\u00f3lis (1); Turvo (1); Urussanga (2); Varge\u00e3o (1); Videira (2); Xanxer\u00ea (2); Xaxim (1)<\/em><\/p>\n<p>As remunera\u00e7\u00f5es iniciais s\u00e3o de <strong>R$ 1.017,00<\/strong> no primeiro ano de contrato e, caso o contrato seja renovado, o valor passar\u00e1 a ser de <strong>R$ 1.356,00<\/strong>. Vejam mais detalhes no quadro de vagas abaixo:<\/p>\n<p><strong>Clique abaixo para exibir o quadro de vagas do Processo Seletivo da PM &#8211; SC (Edital 126\/2021)<\/strong><br \/>\n<a target=\"_blank\" href=\"https:\/\/www.agrobase.com.br\/concursos\/wp-content\/uploads\/sites\/4\/2021\/08\/quadro-de-vagas-processo-seletivo-pm-sc.pdf\" rel=\"noopener\"><img loading=\"lazy\" decoding=\"async\" src=\"https:\/\/www.agrobase.com.br\/concursos\/wp-content\/uploads\/sites\/4\/2021\/08\/quadro-de-vagas-do-processo-seletivo-pm-sc.png\" alt=\"Vagas Concurso P\u00fablico da Pol\u00edcia Militar de Santa Catarina (PDF)\" width=\"570\" height=\"160\" class=\"aligncenter size-full\" \/><\/a><\/p>\n<h2>Inscri\u00e7\u00f5es<\/h2>\n<ul>\n<li><strong>Internet:<\/strong> As inscri\u00e7\u00f5es para este Processo Seletivo ser\u00e3o realizadas somente via internet. O per\u00edodo para a realiza\u00e7\u00e3o das inscri\u00e7\u00f5es ser\u00e1 de <strong>23 de agosto de 2021<\/strong> a <strong>12 de setembro de 2021<\/strong>, conforme definido pelo cronograma oficial do PSS. Para inscrever-se no Processo Seletivo o candidato dever\u00e1 acessar o endere\u00e7o eletr\u00f4nico http:\/\/concursos.pm.sc.gov.br\/, registrar-se, informando um endere\u00e7o de e-mail pessoal e o n\u00famero de seu CPF, ap\u00f3s isso deve ser confirmado o e-mail atrav\u00e9s de um link que ser\u00e1 enviado ao e-mail fornecido. Logo ap\u00f3s confirmado o e-mail \u00e9 s\u00f3 acessar novamente o endere\u00e7o de inscri\u00e7\u00e3o, fazer login e se inscrever no processo e em seguida imprimir o comprovante de inscri\u00e7\u00e3o.<\/li>\n<\/ul>\n<h2>Classifica\u00e7\u00e3o<\/h2>\n<p>Ap\u00f3s a realiza\u00e7\u00e3o da inscri\u00e7\u00e3o, o candidato dever\u00e1 optar, como crit\u00e9rio de classifica\u00e7\u00e3o, pela nota geral do Exame Nacional do Ensino M\u00e9dio (ENEM) de um dos seguintes anos: 2017, 2018, 2019 ou 2020. Desse modo, dever\u00e1 acessar o formul\u00e1rio pr\u00f3prio para atualiza\u00e7\u00e3o de suas informa\u00e7\u00f5es, dispon\u00edvel no endere\u00e7o eletr\u00f4nico http:\/\/concursos.pm.sc.gov.br\/, dentro do per\u00edodo previsto no cronograma, e preencher os campos com as respectivas notas do ENEM do ano escolhido (Linguagens, c\u00f3digos e suas tecnologias; Ci\u00eancias Humanas e suas tecnologias; Ci\u00eancias da natureza e suastecnologias; Matem\u00e1tica e suas tecnologias e Reda\u00e7\u00e3o).<\/p>\n<p>Al\u00e9m disso, ter\u00e3o outras etapas de classifica\u00e7\u00e3o como: Inspe\u00e7\u00e3o de Sa\u00fade; Investiga\u00e7\u00e3o Social; e Entrega de Documentos para Admiss\u00e3o.<\/p>\n<h2>Resultado Processo Seletivo PM SC<\/h2>\n<p>O resultado ser\u00e1 divulgado, de acordo com o cronograma, no website: www.pm.sc.gov.br\/cidad\u00e3o\/concursos.<\/p>\n<p><a rel=\"nofollow noopener\" target=\"_blank\" href=\"https:\/\/loja.agrobase.com.br\/\"><img loading=\"lazy\" decoding=\"async\" src=\"https:\/\/www.agrobase.com.br\/concursos\/wp-content\/uploads\/sites\/4\/2020\/11\/apostilas-agrobase.png\" alt=\"Apostilas Agrobase\" width=\"570\" height=\"160\" class=\"aligncenter size-full\" \/><\/a><\/p>\n","protected":false},"excerpt":{"rendered":"<p>\u00c9 aberto edital de Processo Seletivo pela PM &#8211; SC, o qual objetiva suprir a demanda de mais de 700 agentes tempor\u00e1rios de servi\u00e7o da PM.<\/p>\n","protected":false},"author":7,"featured_media":173041,"comment_status":"open","ping_status":"open","sticky":false,"template":"","format":"standard","meta":{"_acf_changed":false,"_breakdance_hide_in_design_set":false,"_breakdance_tags":"","footnotes":""},"categories":[1],"tags":[61],"_amplo":[],"destaque":[],"instituicoes":[187],"class_list":["post-173037","post","type-post","status-publish","format-standard","has-post-thumbnail","hentry","category-sem-categoria","tag-santa-catarina","instituicoes-policia-militar-de-santa-catarina-pmsc"],"acf":{"_tipo_vagas":"vagas","_numero_vagas":723,"_quadro_vagas":null,"_cargos":"outros espec\u00edficos","_cargos_especificos":"Agente Tempor\u00e1rio","_salario_max":"R$","_abertura":"20210823","_encerramento":"20210912","_inscricoes":"","_executora_concurso":"","_instituicao_concurso":[187],"_link_adicional":null,"_anexos":[{"_arquivo_anexo":173038,"_titulo_anexo":"Edital 126\/2021"}],"_produtos":null,"_vagas":"","_salario_min":"","_instituicao":"","_edital":"","_anexos_edital":"","_fund_incompleto":"","_fund_completo":"","_medio":"","_superior":""},"_links":{"self":[{"href":"https:\/\/www.agrobase.com.br\/concursos\/wp-json\/wp\/v2\/posts\/173037","targetHints":{"allow":["GET"]}}],"collection":[{"href":"https:\/\/www.agrobase.com.br\/concursos\/wp-json\/wp\/v2\/posts"}],"about":[{"href":"https:\/\/www.agrobase.com.br\/concursos\/wp-json\/wp\/v2\/types\/post"}],"author":[{"embeddable":true,"href":"https:\/\/www.agrobase.com.br\/concursos\/wp-json\/wp\/v2\/users\/7"}],"replies":[{"embeddable":true,"href":"https:\/\/www.agrobase.com.br\/concursos\/wp-json\/wp\/v2\/comments?post=173037"}],"version-history":[{"count":0,"href":"https:\/\/www.agrobase.com.br\/concursos\/wp-json\/wp\/v2\/posts\/173037\/revisions"}],"acf:term":[{"embeddable":true,"taxonomy":"instituicoes","href":"https:\/\/www.agrobase.com.br\/concursos\/wp-json\/wp\/v2\/instituicoes\/187"}],"wp:featuredmedia":[{"embeddable":true,"href":"https:\/\/www.agrobase.com.br\/concursos\/wp-json\/wp\/v2\/media\/173041"}],"wp:attachment":[{"href":"https:\/\/www.agrobase.com.br\/concursos\/wp-json\/wp\/v2\/media?parent=173037"}],"wp:term":[{"taxonomy":"category","embeddable":true,"href":"https:\/\/www.agrobase.com.br\/concursos\/wp-json\/wp\/v2\/categories?post=173037"},{"taxonomy":"post_tag","embeddable":true,"href":"https:\/\/www.agrobase.com.br\/concursos\/wp-json\/wp\/v2\/tags?post=173037"},{"taxonomy":"_amplo","embeddable":true,"href":"https:\/\/www.agrobase.com.br\/concursos\/wp-json\/wp\/v2\/_amplo?post=173037"},{"taxonomy":"destaque","embeddable":true,"href":"https:\/\/www.agrobase.com.br\/concursos\/wp-json\/wp\/v2\/destaque?post=173037"},{"taxonomy":"instituicoes","embeddable":true,"href":"https:\/\/www.agrobase.com.br\/concursos\/wp-json\/wp\/v2\/instituicoes?post=173037"}],"curies":[{"name":"wp","href":"https:\/\/api.w.org\/{rel}","templated":true}]}}