{"id":172971,"date":"2021-08-24T08:55:07","date_gmt":"2021-08-24T11:55:07","guid":{"rendered":"https:\/\/www.agrobase.com.br\/concursos\/?p=172971"},"modified":"2021-09-09T09:06:40","modified_gmt":"2021-09-09T12:06:40","slug":"concurso-publico-da-policia-penal-de-minas-gerais-edital-002-2021","status":"publish","type":"post","link":"https:\/\/www.agrobase.com.br\/concursos\/2021\/concurso-publico-da-policia-penal-de-minas-gerais-edital-002-2021\/","title":{"rendered":"Concurso P\u00fablico da Pol\u00edcia Penal de Minas Gerais | Edital 002\/2021"},"content":{"rendered":"<p><a rel=\"nofollow noopener\" target=\"_blank\" href=\"https:\/\/www.apostilasopcao.com.br\/concurso\/pp-mg-policia-penal-de-minas-gerais?afiliado=9896\"><img loading=\"lazy\" decoding=\"async\" src=\"https:\/\/www.agrobase.com.br\/concursos\/wp-content\/uploads\/sites\/4\/2021\/08\/policia-penal-mg.png\" alt=\"Apostilas Agrobase\" width=\"570\" height=\"160\" class=\"aligncenter size-full\" \/><\/a><\/p>\n<p>Foi divulgado novo Concurso P\u00fablico da <a href=\"http:\/\/www.depen.seguranca.mg.gov.br\/\" title=\"Pol\u00edcia Penal de Minas Gerais\" target=\"_blank\" rel=\"noopener\">Pol\u00edcia Penal (MG)<\/a>, destinado a selecionar candidatos para o provimento de cargos da carreira de Agente de Seguran\u00e7a Penitenci\u00e1rio\/Policial Penal.<\/p>\n<h2>Cargos e Remunera\u00e7\u00e3o<\/h2>\n<p>Os profissionais s\u00e3o para atua\u00e7\u00e3o junto ao quadro de pessoal da Secretaria de Estado de Justi\u00e7a e Seguran\u00e7a P\u00fablica (SEJUSP). Para concorrer \u00e0s <strong>2.420 vagas<\/strong> do cargo de Agente de Seguran\u00e7a Penitenci\u00e1rio\/Policial Penal \u00e9 necess\u00e1rio apresentar conclus\u00e3o do ensino m\u00e9dio em institui\u00e7\u00e3o reconhecida pelo Minist\u00e9rio da Educa\u00e7\u00e3o.<\/p>\n<p>A remunera\u00e7\u00e3o apresentada \u00e9 de <strong>R$ 4.631,25<\/strong> e a jornada de trabalho \u00e9 de <strong>40 (quarenta) horas<\/strong> semanais, em regime de <strong>dedica\u00e7\u00e3o exclusiva<\/strong>, podendo ser desempenhada em regime de escala de plant\u00e3o.<\/p>\n<p>Com rela\u00e7\u00e3o ao local de trabalho, o candidato aprovado pode ser nomeado para qualquer uma das unidades prisionais do Estado de Minas Gerais, sendo que a escolha do local de lota\u00e7\u00e3o se dar\u00e1 no momento da posse.<\/p>\n<p><strong>Clique abaixo para exibir o quadro de vagas do Concurso P\u00fablico da Pol\u00edcia Penal de Minas Gerais (Edital 002\/2021)<\/strong><br \/>\n<a target=\"_blank\" href=\"https:\/\/www.agrobase.com.br\/concursos\/wp-content\/uploads\/sites\/4\/2021\/08\/quadro-de-vagas-processo-seletivo-policia-penal-mg.pdf\" rel=\"noopener\"><img loading=\"lazy\" decoding=\"async\" src=\"https:\/\/www.agrobase.com.br\/concursos\/wp-content\/uploads\/sites\/4\/2021\/08\/quadro-de-vagas-concurso-publico-policia-penal-de-minas-gerais-edital-002-2021.png\" alt=\"Vagas Concurso P\u00fablico Pol\u00edcia Penal de Minas Gerais (PDF)\" width=\"570\" height=\"160\" class=\"aligncenter size-full\" \/><\/a><\/p>\n<h2>Inscri\u00e7\u00f5es<\/h2>\n<ul>\n<li><strong>Internet:<\/strong> as inscri\u00e7\u00f5es para este Concurso P\u00fablico ser\u00e3o realizadas exclusivamente pela Internet, no endere\u00e7o eletr\u00f4nico www.selecon.org.br, no per\u00edodo de <strong>22 de outubro de 2021<\/strong> a <strong>21 de novembro de 2021<\/strong>.<\/li>\n<\/ul>\n<p>O valor de inscri\u00e7\u00e3o ser\u00e1 de <strong>R$ 49,16 (quarenta e nove reais e dezesseis centavos)<\/strong>.<\/p>\n<h2>Provas<\/h2>\n<p>A aplica\u00e7\u00e3o da <strong>Prova Objetiva<\/strong> e de <strong>Reda\u00e7\u00e3o<\/strong> est\u00e1 prevista para o dia <strong>16 de janeiro de 2022<\/strong>.<\/p>\n<p>O local, a sala e o hor\u00e1rio de realiza\u00e7\u00e3o das provas ser\u00e3o disponibilizados no endere\u00e7o eletr\u00f4nico www.selecon.org.br, atrav\u00e9s do Cart\u00e3o de Convoca\u00e7\u00e3o para a Etapa em <strong>11 de janeiro de 2022<\/strong>.<\/p>\n<p>Como segunda etapa ser\u00e1 realizada <strong>Prova de Aptid\u00e3o Psicol\u00f3gica e Psicot\u00e9cnica<\/strong>.<\/p>\n<p>A Terceira etapa \u00e9 constitu\u00edda de <strong>Exames M\u00e9dicos<\/strong>.<\/p>\n<p>E como quarta etapa \u00e9 aplicada <strong>Prova de Condicionamento F\u00edsico<\/strong>.<\/p>\n<p>A quinta etapa \u00e9 <strong>Comprova\u00e7\u00e3o de Idoneidade e Conduta Ilibada<\/strong>.<\/p>\n<p>O <strong>Curso de Forma\u00e7\u00e3o T\u00e9cnico-Profissional<\/strong> \u00e9 a sexta e \u00faltima etapa.<\/p>\n<h2>Resultado<\/h2>\n<p>Todos os resultados oficiais das etapas referentes ao concurso p\u00fablico de que trata este Edital ser\u00e3o divulgados nos endere\u00e7os eletr\u00f4nicos do INSTITUTO SELECON \u2013 www.selecon.org.br, Di\u00e1rio Oficial do Estado de Minas Gerais \u2013 www.jornalminasgerais.mg.gov.br, p\u00e1gina eletr\u00f4nica da SEJUSP \u2013 www.seguranca.mg.gov.br e p\u00e1gina eletr\u00f4nica da SEPLAG \u2013 www.planejamento.mg.gov.br at\u00e9 a data de homologa\u00e7\u00e3o do concurso.<\/p>\n<p>Ap\u00f3s a homologa\u00e7\u00e3o, as informa\u00e7\u00f5es referentes ao concurso estar\u00e3o dispon\u00edveis nos endere\u00e7os eletr\u00f4nicos da SEJUSP \u2013 www.seguranca.mg.gov.br e da SEPLAG \u2013 www.planejamento.mg.gov.br.<\/p>\n","protected":false},"excerpt":{"rendered":"<p>Foi divulgado novo Concurso P\u00fablico da Pol\u00edcia Penal (MG), destinado a selecionar candidatos para o provimento de cargos da carreira de Agente de Seguran\u00e7a Penitenci\u00e1rio\/Policial Penal.<\/p>\n","protected":false},"author":7,"featured_media":172972,"comment_status":"open","ping_status":"open","sticky":false,"template":"","format":"standard","meta":{"_acf_changed":false,"_breakdance_hide_in_design_set":false,"_breakdance_tags":"","footnotes":""},"categories":[1],"tags":[50],"_amplo":[],"destaque":[],"instituicoes":[5982],"class_list":["post-172971","post","type-post","status-publish","format-standard","has-post-thumbnail","hentry","category-sem-categoria","tag-minas-gerais","instituicoes-policia-penal-de-minas-gerais"],"acf":{"_tipo_vagas":"vagas","_numero_vagas":2420,"_quadro_vagas":null,"_cargos":"outros espec\u00edficos","_cargos_especificos":"Agente de Seguran\u00e7a Penitenci\u00e1rio","_salario_max":"R$","_abertura":"20211022","_encerramento":"20211121","_inscricoes":"","_executora_concurso":80233,"_instituicao_concurso":[5982],"_link_adicional":null,"_anexos":[{"_arquivo_anexo":172974,"_titulo_anexo":"Edital 002\/2021"}],"_produtos":null,"_vagas":"","_salario_min":"","_instituicao":"","_edital":"","_anexos_edital":"","_fund_incompleto":"","_fund_completo":"","_medio":"","_superior":""},"_links":{"self":[{"href":"https:\/\/www.agrobase.com.br\/concursos\/wp-json\/wp\/v2\/posts\/172971","targetHints":{"allow":["GET"]}}],"collection":[{"href":"https:\/\/www.agrobase.com.br\/concursos\/wp-json\/wp\/v2\/posts"}],"about":[{"href":"https:\/\/www.agrobase.com.br\/concursos\/wp-json\/wp\/v2\/types\/post"}],"author":[{"embeddable":true,"href":"https:\/\/www.agrobase.com.br\/concursos\/wp-json\/wp\/v2\/users\/7"}],"replies":[{"embeddable":true,"href":"https:\/\/www.agrobase.com.br\/concursos\/wp-json\/wp\/v2\/comments?post=172971"}],"version-history":[{"count":0,"href":"https:\/\/www.agrobase.com.br\/concursos\/wp-json\/wp\/v2\/posts\/172971\/revisions"}],"acf:term":[{"embeddable":true,"taxonomy":"instituicoes","href":"https:\/\/www.agrobase.com.br\/concursos\/wp-json\/wp\/v2\/instituicoes\/5982"}],"acf:post":[{"embeddable":true,"href":"https:\/\/www.agrobase.com.br\/concursos\/wp-json\/wp\/v2\/executora\/80233"}],"wp:featuredmedia":[{"embeddable":true,"href":"https:\/\/www.agrobase.com.br\/concursos\/wp-json\/wp\/v2\/media\/172972"}],"wp:attachment":[{"href":"https:\/\/www.agrobase.com.br\/concursos\/wp-json\/wp\/v2\/media?parent=172971"}],"wp:term":[{"taxonomy":"category","embeddable":true,"href":"https:\/\/www.agrobase.com.br\/concursos\/wp-json\/wp\/v2\/categories?post=172971"},{"taxonomy":"post_tag","embeddable":true,"href":"https:\/\/www.agrobase.com.br\/concursos\/wp-json\/wp\/v2\/tags?post=172971"},{"taxonomy":"_amplo","embeddable":true,"href":"https:\/\/www.agrobase.com.br\/concursos\/wp-json\/wp\/v2\/_amplo?post=172971"},{"taxonomy":"destaque","embeddable":true,"href":"https:\/\/www.agrobase.com.br\/concursos\/wp-json\/wp\/v2\/destaque?post=172971"},{"taxonomy":"instituicoes","embeddable":true,"href":"https:\/\/www.agrobase.com.br\/concursos\/wp-json\/wp\/v2\/instituicoes?post=172971"}],"curies":[{"name":"wp","href":"https:\/\/api.w.org\/{rel}","templated":true}]}}