{"id":172057,"date":"2021-08-04T13:49:21","date_gmt":"2021-08-04T16:49:21","guid":{"rendered":"https:\/\/www.agrobase.com.br\/concursos\/?p=172057"},"modified":"2021-08-04T13:49:21","modified_gmt":"2021-08-04T16:49:21","slug":"concurso-prefeitura-caldas-mg-edital-001-2021","status":"publish","type":"post","link":"https:\/\/www.agrobase.com.br\/concursos\/2021\/concurso-prefeitura-caldas-mg-edital-001-2021\/","title":{"rendered":"Concurso da Prefeitura de Caldas &#8211; MG | Edital 001\/2021"},"content":{"rendered":"<p>Em recente edital publicado \u00e9 aberto um Concurso da Prefeitura de <a href=\"https:\/\/caldas.mg.gov.br\/\" title=\"Prefeitura de Caldas\" target=\"_blank\" rel=\"noopener\">Caldas (MG)<\/a>, para provimento de 90 vagas efetivas do quadro de pessoal do munic\u00edpio.<\/p>\n<h2>Cargos e Remunera\u00e7\u00e3o<\/h2>\n<p>O edital 001\/2021 do Concurso P\u00fablico da Prefeitura de <a href=\"https:\/\/pt.wikipedia.org\/wiki\/Caldas\" title=\"Cidade de Caldas\" target=\"_blank\" rel=\"noopener\">Caldas<\/a> lista um total de <strong>90 vagas<\/strong> diretas a profissionais de n\u00edvel fundamental, m\u00e9dio, t\u00e9cnico e superior.<\/p>\n<p>O sal\u00e1rio ofertado neste certame varia entre <strong>R$ 1.108,44<\/strong> e <strong>R$ 4.478,74<\/strong> mensais, em jornadas de trabalho de <strong>20h<\/strong>, <strong>24h<\/strong>, <strong>30h<\/strong> ou <strong>40 horas semanais<\/strong>. A seguir pode ser observada a descri\u00e7\u00e3o de todas as oportunidades.<\/p>\n<p><strong>Clique abaixo para exibir o quadro de vagas do Concurso da Prefeitura de Caldas &#8211; MG (Edital 001\/2021)<\/strong><br \/>\n<a target=\"_blank\" href=\"https:\/\/www.agrobase.com.br\/concursos\/wp-content\/uploads\/sites\/4\/2021\/08\/quadro-de-vagas-concurso-publico-de-caldas-mg.pdf\" rel=\"noopener\"><img loading=\"lazy\" decoding=\"async\" src=\"https:\/\/www.agrobase.com.br\/concursos\/wp-content\/uploads\/sites\/4\/2021\/08\/quadro-de-vagas-do-concurso-publico-caldas-mg.png\" alt=\"Vagas Concurso P\u00fablico Caldas (PDF)\" width=\"570\" height=\"160\" class=\"aligncenter size-full\" \/><\/a><\/p>\n<h2>Inscri\u00e7\u00e3o<\/h2>\n<ul>\n<li><strong>Internet:<\/strong> as inscri\u00e7\u00f5es ao Concurso de Caldas s\u00e3o recebidas das 09h do dia <strong>09 de julho de 2021<\/strong> at\u00e9 o dia <strong>09 de agosto de 2021<\/strong>, por meio do acesso ao endere\u00e7o eletr\u00f4nico <a href=\"https:\/\/www.directacarreiras.com.br\/Concurso\/Detail\/252?origem=H\" rel=\"noopener\" target=\"_blank\">www.directacarreiras.com.br<\/a>.<\/li>\n<\/ul>\n<p><\/p>\n<p>As taxas para inscri\u00e7\u00e3o no concurso variam conforme abaixo:<\/p>\n<p><strong>R$ 50,00:<\/strong> Cargos de N\u00edvel Fundamental;<br \/>\n<strong>R$ 70,00:<\/strong> Cargos de N\u00edvel M\u00e9dio e T\u00e9cnico;<br \/>\n<strong>R$ 140,00:<\/strong> Cargos de N\u00edvel Superior.<\/p>\n<h2>Provas Concurso da Prefeitura de Caldas<\/h2>\n<p>O Concurso de Caldas prev\u00ea as seguintes etapas:<\/p>\n<ol>\n<li><strong>Prova Objetiva.<\/strong> De car\u00e1ter eliminat\u00f3rio e classificat\u00f3rio, para todos os cargos\/fun\u00e7\u00f5es p\u00fablicas.<\/li>\n<li><strong>Prova Pr\u00e1tica.<\/strong> Apenas para o cargo de Motorista, de car\u00e1ter eliminat\u00f3rio.<\/li>\n<li><strong>Prova de T\u00edtulos:<\/strong> de car\u00e1ter classificat\u00f3rio para os cargos de n\u00edvel superior.<\/li>\n<\/ol>\n<p><\/p>\n<p>A aplica\u00e7\u00e3o da Prova Objetiva ocorrer\u00e1 nas datas prov\u00e1veis de <strong>05 de setembro de 2021<\/strong> (domingo).<\/p>\n<h2>Resultado Concurso da Prefeitura de Caldas<\/h2>\n<p>O ato de homologa\u00e7\u00e3o do resultado final do Concurso P\u00fablico ser\u00e1 publicado no Di\u00e1rio Oficial dos Munic\u00edpios Mineiros, no Quadro de Avisos da Prefeitura Municipal de Caldas\/MG, nos sites: caldas.mg.gov.br e www.directacarreiras.com.br.<\/p>\n","protected":false},"excerpt":{"rendered":"<p>Em recente edital publicado \u00e9 aberto um Concurso da Prefeitura de Caldas (MG), para provimento de 90 vagas efetivas do quadro de pessoal do munic\u00edpio.<\/p>\n","protected":false},"author":7,"featured_media":167631,"comment_status":"open","ping_status":"open","sticky":false,"template":"","format":"standard","meta":{"_acf_changed":false,"_breakdance_hide_in_design_set":false,"_breakdance_tags":"","footnotes":""},"categories":[9,12,14,19,20,21,22,23,25,26,135,101,31,128,130,157],"tags":[50],"_amplo":[],"destaque":[],"instituicoes":[5756],"class_list":["post-172057","post","type-post","status-publish","format-standard","has-post-thumbnail","hentry","category-ciencias-contabeis","category-enfermagem","category-engenharia","category-fonoaudiologia","category-letras","category-medicina","category-veterinaria","category-nutricao","category-pedagogia","category-psicologia","category-secretariado","category-servico-social","category-tecnico-ambiental","category-tecnico-em-contabilidade","category-tecnico-informatica","category-tecnico-seguranca-trabalho","tag-minas-gerais","instituicoes-prefeitura-municipal-de-caldas-mg"],"acf":{"_tipo_vagas":"vagas","_numero_vagas":90,"_quadro_vagas":null,"_cargos":"diversos","_cargos_especificos":"","_salario_max":"R$","_abertura":"20210709","_encerramento":"20210809","_inscricoes":"","_executora_concurso":40060,"_instituicao_concurso":[5756],"_link_adicional":null,"_anexos":[{"_arquivo_anexo":172062,"_titulo_anexo":"Edital 001\/2021"},{"_arquivo_anexo":172061,"_titulo_anexo":"Anexo I"},{"_arquivo_anexo":172060,"_titulo_anexo":"Anexo II"},{"_arquivo_anexo":172059,"_titulo_anexo":"Anexo III"},{"_arquivo_anexo":172058,"_titulo_anexo":"Anexo IV"}],"_produtos":null,"_vagas":"","_salario_min":"","_instituicao":"","_edital":"","_anexos_edital":"","_fund_incompleto":"","_fund_completo":"","_medio":"","_superior":""},"_links":{"self":[{"href":"https:\/\/www.agrobase.com.br\/concursos\/wp-json\/wp\/v2\/posts\/172057","targetHints":{"allow":["GET"]}}],"collection":[{"href":"https:\/\/www.agrobase.com.br\/concursos\/wp-json\/wp\/v2\/posts"}],"about":[{"href":"https:\/\/www.agrobase.com.br\/concursos\/wp-json\/wp\/v2\/types\/post"}],"author":[{"embeddable":true,"href":"https:\/\/www.agrobase.com.br\/concursos\/wp-json\/wp\/v2\/users\/7"}],"replies":[{"embeddable":true,"href":"https:\/\/www.agrobase.com.br\/concursos\/wp-json\/wp\/v2\/comments?post=172057"}],"version-history":[{"count":0,"href":"https:\/\/www.agrobase.com.br\/concursos\/wp-json\/wp\/v2\/posts\/172057\/revisions"}],"acf:term":[{"embeddable":true,"taxonomy":"instituicoes","href":"https:\/\/www.agrobase.com.br\/concursos\/wp-json\/wp\/v2\/instituicoes\/5756"}],"acf:post":[{"embeddable":true,"href":"https:\/\/www.agrobase.com.br\/concursos\/wp-json\/wp\/v2\/executora\/40060"}],"wp:featuredmedia":[{"embeddable":true,"href":"https:\/\/www.agrobase.com.br\/concursos\/wp-json\/wp\/v2\/media\/167631"}],"wp:attachment":[{"href":"https:\/\/www.agrobase.com.br\/concursos\/wp-json\/wp\/v2\/media?parent=172057"}],"wp:term":[{"taxonomy":"category","embeddable":true,"href":"https:\/\/www.agrobase.com.br\/concursos\/wp-json\/wp\/v2\/categories?post=172057"},{"taxonomy":"post_tag","embeddable":true,"href":"https:\/\/www.agrobase.com.br\/concursos\/wp-json\/wp\/v2\/tags?post=172057"},{"taxonomy":"_amplo","embeddable":true,"href":"https:\/\/www.agrobase.com.br\/concursos\/wp-json\/wp\/v2\/_amplo?post=172057"},{"taxonomy":"destaque","embeddable":true,"href":"https:\/\/www.agrobase.com.br\/concursos\/wp-json\/wp\/v2\/destaque?post=172057"},{"taxonomy":"instituicoes","embeddable":true,"href":"https:\/\/www.agrobase.com.br\/concursos\/wp-json\/wp\/v2\/instituicoes?post=172057"}],"curies":[{"name":"wp","href":"https:\/\/api.w.org\/{rel}","templated":true}]}}