{"id":171902,"date":"2021-08-02T14:25:37","date_gmt":"2021-08-02T17:25:37","guid":{"rendered":"https:\/\/www.agrobase.com.br\/concursos\/?p=171902"},"modified":"2021-08-02T14:25:37","modified_gmt":"2021-08-02T17:25:37","slug":"processo-seletivo-de-dores-do-indaia-mg-edital-001-2021","status":"publish","type":"post","link":"https:\/\/www.agrobase.com.br\/concursos\/2021\/processo-seletivo-de-dores-do-indaia-mg-edital-001-2021\/","title":{"rendered":"Processo Seletivo de Dores do Indai\u00e1 &#8211; MG | Edital 001\/2021"},"content":{"rendered":"<p>Por meio do Processo Seletivo 001\/2021, a Prefeitura de <a href=\"https:\/\/www.doresdoindaia.mg.gov.br\/\" title=\"Prefeitura de Dores do Indai\u00e1\" target=\"_blank\" rel=\"noopener\">Dores do Indai\u00e1 (MG)<\/a> promove a forma\u00e7\u00e3o de cadastro reserva para futuras contrata\u00e7\u00f5es tempor\u00e1rias.<\/p>\n<h2>Cargos e Remunera\u00e7\u00e3o<\/h2>\n<p>De acordo com o edital de abertura 001\/2021 da cidade de <a href=\"https:\/\/pt.wikipedia.org\/wiki\/Dores_do_Indai\u00e1\" title=\"Cidade de Dores do Indai\u00e1\" target=\"_blank\" rel=\"noopener\">Dores do Indai\u00e1<\/a>, esse processo seletivo ir\u00e1 formar <strong>cadastro reserva<\/strong> para futuras contrata\u00e7\u00f5es em n\u00edvel fundamental, m\u00e9dio, t\u00e9cnico e superior.<\/p>\n<p>Considerando atua\u00e7\u00f5es em jornadas de <strong>08h<\/strong>, <strong>14h<\/strong>, <strong>20h<\/strong>, <strong>23h<\/strong>, <strong>24h<\/strong>, <strong>30h<\/strong>, <strong>40h<\/strong> ou <strong>83 horas<\/strong>, os sal\u00e1rios podem ir desde <strong>R$ 16,75 por horas-aula<\/strong> at\u00e9 R$ 14.196,32, conforme o cargo ocupado.<\/p>\n<p>Os requisitos est\u00e3o no quadro de vagas abaixo:<\/p>\n<p><strong>Clique abaixo para exibir o quadro de vagas do Processo Seletivo de Dores do Indai\u00e1 &#8211; MG (Edital 001\/2021)<\/strong><br \/>\n<a target=\"_blank\" href=\"https:\/\/www.agrobase.com.br\/concursos\/wp-content\/uploads\/sites\/4\/2021\/08\/ANEXO-I-Cargo_funcao-publica-Escolaridade-Requisito-para-ingresso-Jornada-de-trabalho-Vencimento-inicial-e-Vagas-1.pdf\" rel=\"noopener\"><img loading=\"lazy\" decoding=\"async\" src=\"https:\/\/www.agrobase.com.br\/concursos\/wp-content\/uploads\/sites\/4\/2021\/08\/quadro-de-vagas-do-processo-seletivo-dores-do-indaia-mg.png\" alt=\"Vagas Concurso P\u00fablico Dores do Indai\u00e1 (PDF)\" width=\"570\" height=\"160\" class=\"aligncenter size-full\" \/><\/a><\/p>\n<h2>Inscri\u00e7\u00f5es<\/h2>\n<ul>\n<li><strong>Internet:<\/strong> para se inscrever \u00e9 necess\u00e1rio acessar o endere\u00e7o eletr\u00f4nico <a href=\"https:\/\/www.ibgpconcursos.com.br\/concursos\/DetalheConcurso.aspx?id=209\" rel=\"noopener\" target=\"_blank\">www.ibgpconcursos.com.br<\/a> o dia <strong>28 de julho de 2021<\/strong> e ser\u00e3o recebidas at\u00e9 \u00e0s 15h59 do dia <strong>16 de agosto de 2021<\/strong>.<\/li>\n<\/ul>\n<h2>Provas<\/h2>\n<ol>\n<li><strong>Prova Objetiva:<\/strong> de car\u00e1ter eliminat\u00f3rio e classificat\u00f3rio, prevista para ser aplicada nos dias <strong>04<\/strong> e <strong>05 de setembro de 2021<\/strong>.<\/li>\n<\/ol>\n<p>O Comprovante Definitivo de Inscri\u00e7\u00e3o (CDI) com a data, o hor\u00e1rio e o local da realiza\u00e7\u00e3o das Provas ser\u00e1 disponibilizados cinco dias antes da data de aplica\u00e7\u00e3o das provas no endere\u00e7o eletr\u00f4nico: www.ibgpconcursos.com.br, na aba \u00c1rea do Candidato, usando CPF e senha cadastrados no sistema no momento da inscri\u00e7\u00e3o.<\/p>\n<h2>Resultado Processo Seletivo Dores do Indai\u00e1<\/h2>\n<p>A comunica\u00e7\u00e3o do resultado final deste Processo Seletivo Simplificado ser\u00e1 publicada no Di\u00e1rio Oficial da Associa\u00e7\u00e3o Mineira de Munic\u00edpios, no Quadro de Avisos da Prefeitura Municipal de Dores do Indai\u00e1\/MG, nos sites: www.doresdoindaia.mg.gov.br e www.ibgpconcursos.com.br.<\/p>\n","protected":false},"excerpt":{"rendered":"<p>Por meio do Processo Seletivo 001\/2021, a Prefeitura de Dores do Indai\u00e1 (MG) promove a forma\u00e7\u00e3o de cadastro reserva para futuras contrata\u00e7\u00f5es tempor\u00e1rias.<\/p>\n","protected":false},"author":7,"featured_media":171910,"comment_status":"open","ping_status":"open","sticky":false,"template":"","format":"standard","meta":{"_acf_changed":false,"_breakdance_hide_in_design_set":false,"_breakdance_tags":"","footnotes":""},"categories":[3,94,6,106,9,10,12,17,112,122,19,111,100,20,116,21,22,23,24,25,26,27,101,118,31,108,130,143,134],"tags":[50],"_amplo":[],"destaque":[],"instituicoes":[4140],"class_list":["post-171902","post","type-post","status-publish","format-standard","has-post-thumbnail","hentry","category-administracao","category-biblioteconomia","category-biologia","category-bioquimica","category-ciencias-contabeis","category-direito","category-enfermagem","category-farmacia","category-filosofia","category-fisica","category-fonoaudiologia","category-geografia","category-historia","category-letras","category-matematica","category-medicina","category-veterinaria","category-nutricao","category-odontologia","category-pedagogia","category-psicologia","category-quimica","category-servico-social","category-sociologia","category-tecnico-ambiental","category-tecnico-enfermagem","category-tecnico-informatica","category-tecnico-odontologia","category-terapia-ocupacional","tag-minas-gerais","instituicoes-prefeitura-municipal-de-dores-do-indaia-mg"],"acf":{"_tipo_vagas":"cadastro de reserva","_numero_vagas":"","_quadro_vagas":null,"_cargos":"diversos","_cargos_especificos":"","_salario_max":"R$","_abertura":"20210728","_encerramento":"20210816","_inscricoes":"","_executora_concurso":49129,"_instituicao_concurso":[4140],"_link_adicional":null,"_anexos":[{"_arquivo_anexo":171904,"_titulo_anexo":"Edital 001\/2021"},{"_arquivo_anexo":171906,"_titulo_anexo":"Anexo II"},{"_arquivo_anexo":171907,"_titulo_anexo":"Anexo III"},{"_arquivo_anexo":171908,"_titulo_anexo":"Anexo IV"},{"_arquivo_anexo":171909,"_titulo_anexo":"Anexo V"}],"_produtos":null,"_vagas":"","_salario_min":"","_instituicao":"","_edital":"","_anexos_edital":"","_fund_incompleto":"","_fund_completo":"","_medio":"","_superior":""},"_links":{"self":[{"href":"https:\/\/www.agrobase.com.br\/concursos\/wp-json\/wp\/v2\/posts\/171902","targetHints":{"allow":["GET"]}}],"collection":[{"href":"https:\/\/www.agrobase.com.br\/concursos\/wp-json\/wp\/v2\/posts"}],"about":[{"href":"https:\/\/www.agrobase.com.br\/concursos\/wp-json\/wp\/v2\/types\/post"}],"author":[{"embeddable":true,"href":"https:\/\/www.agrobase.com.br\/concursos\/wp-json\/wp\/v2\/users\/7"}],"replies":[{"embeddable":true,"href":"https:\/\/www.agrobase.com.br\/concursos\/wp-json\/wp\/v2\/comments?post=171902"}],"version-history":[{"count":0,"href":"https:\/\/www.agrobase.com.br\/concursos\/wp-json\/wp\/v2\/posts\/171902\/revisions"}],"acf:term":[{"embeddable":true,"taxonomy":"instituicoes","href":"https:\/\/www.agrobase.com.br\/concursos\/wp-json\/wp\/v2\/instituicoes\/4140"}],"acf:post":[{"embeddable":true,"href":"https:\/\/www.agrobase.com.br\/concursos\/wp-json\/wp\/v2\/executora\/49129"}],"wp:featuredmedia":[{"embeddable":true,"href":"https:\/\/www.agrobase.com.br\/concursos\/wp-json\/wp\/v2\/media\/171910"}],"wp:attachment":[{"href":"https:\/\/www.agrobase.com.br\/concursos\/wp-json\/wp\/v2\/media?parent=171902"}],"wp:term":[{"taxonomy":"category","embeddable":true,"href":"https:\/\/www.agrobase.com.br\/concursos\/wp-json\/wp\/v2\/categories?post=171902"},{"taxonomy":"post_tag","embeddable":true,"href":"https:\/\/www.agrobase.com.br\/concursos\/wp-json\/wp\/v2\/tags?post=171902"},{"taxonomy":"_amplo","embeddable":true,"href":"https:\/\/www.agrobase.com.br\/concursos\/wp-json\/wp\/v2\/_amplo?post=171902"},{"taxonomy":"destaque","embeddable":true,"href":"https:\/\/www.agrobase.com.br\/concursos\/wp-json\/wp\/v2\/destaque?post=171902"},{"taxonomy":"instituicoes","embeddable":true,"href":"https:\/\/www.agrobase.com.br\/concursos\/wp-json\/wp\/v2\/instituicoes?post=171902"}],"curies":[{"name":"wp","href":"https:\/\/api.w.org\/{rel}","templated":true}]}}