{"id":170143,"date":"2021-06-28T14:02:25","date_gmt":"2021-06-28T17:02:25","guid":{"rendered":"https:\/\/www.agrobase.com.br\/concursos\/?p=170143"},"modified":"2021-06-28T14:03:24","modified_gmt":"2021-06-28T17:03:24","slug":"processo-seletivo-da-ufu-mg-edital-039-2021-professores-visitantes","status":"publish","type":"post","link":"https:\/\/www.agrobase.com.br\/concursos\/2021\/processo-seletivo-da-ufu-mg-edital-039-2021-professores-visitantes\/","title":{"rendered":"Processo Seletivo da UFU &#8211; MG | Edital 039\/2021 &#8211; Professores Visitantes"},"content":{"rendered":"<p>O Processo Seletivo da <a href=\"http:\/\/www.ufu.br\/\" title=\"Universidade Federal de Uberl\u00e2ndia\" target=\"_blank\" rel=\"noopener\">UFU &#8211; MG<\/a> realizar\u00e1 sele\u00e7\u00e3o de profissionais para seis vagas de professores visitantes.<\/p>\n<h2>Cargos e Remunera\u00e7\u00e3o<\/h2>\n<p>Conforme informa o edital de abertura junto dos seus editais complementares, este Processo Seletivo da Universidade Federal de Uberl\u00e2ndia (UFU) deve preencher <strong>seis vagas<\/strong> de professores visitantes nas seguintes \u00e1reas de atua\u00e7\u00e3o:<\/p>\n<p><em>letras &#8211; estudos liter\u00e1rios; recursos florestais e engenharia florestal; bot\u00e2nica ou ecologia; administra\u00e7\u00e3o p\u00fablica e de empresas, ci\u00eancias cont\u00e1beis e turismo; biotecnologia\/biotecnologia relacionada \u00e0 \u00e1rea da sa\u00fade ou biotecnologia animal; engenharia mec\u00e2nica &#8211; manuten\u00e7\u00e3o mec\u00e2nica; metrologia; processos de fabrica\u00e7\u00e3o; projetos mec\u00e2nicos; termo-flu\u00eddos; gest\u00e3o da produ\u00e7\u00e3o; ergonomia e seguran\u00e7a do trabalho<\/em><\/p>\n<p>Os valores remunerat\u00f3rios ganham destaque na institui\u00e7\u00e3o, j\u00e1 que apresentam valores entre <strong>R$ 5.488,43<\/strong> e <strong>R$ 20.530,01<\/strong>, de acordo com a titula\u00e7\u00e3o apresentada, e a jornada de trabalho ser\u00e1 de <strong>40 horas<\/strong> semanais em regime de <strong>dedica\u00e7\u00e3o exclusiva<\/strong>.<\/p>\n<p><strong>Clique abaixo para exibir o quadro de vagas do Processo Seletivo da UFU &#8211; MG (Edital 039\/2021)<\/strong><br \/>\n<a target=\"_blank\" href=\"https:\/\/www.agrobase.com.br\/concursos\/wp-content\/uploads\/sites\/4\/2021\/06\/quadro-de-vagas-do-processo-seletivo-da-ufu-mg.pdf\" rel=\"noopener\"><img loading=\"lazy\" decoding=\"async\" src=\"https:\/\/www.agrobase.com.br\/concursos\/wp-content\/uploads\/sites\/4\/2019\/01\/quadro-de-vagas-do-processo-seletivo-da-ufu.gif\" alt=\"Vagas Concurso P\u00fablico UFU - MG (PDF)\" width=\"570\" height=\"160\" class=\"aligncenter size-full\" \/><\/a><\/p>\n<h2>Inscri\u00e7\u00f5es<\/h2>\n<ul>\n<li><strong>Presencial:<\/strong> as inscri\u00e7\u00f5es s\u00e3o recebidas presencialmente, a partir das 15h do dia <strong>01 de julho de 2021<\/strong> at\u00e9 \u00e0s 14h59 do dia <strong>15 de julho de 2021<\/strong>, mediante comparecimento na unidade acad\u00eamica ofertante da vaga, conforme endere\u00e7os descritos nos editais complementares ao final dessa not\u00edcia.<\/li>\n<\/ul>\n<p>Todavia, o requerimento de inscri\u00e7\u00e3o estar\u00e1 dispon\u00edvel no site www.portalselecao.ufu.br.<\/p>\n<p>O valor da taxa de inscri\u00e7\u00e3o ser\u00e1 de <strong>R$ 190,00 (cento e noventa reais)<\/strong>.<\/p>\n<h2>Provas<\/h2>\n<p>Depois de inscritos os professores ser\u00e3o avaliados por meio das seguintes etapas, a saber:<\/p>\n<ol>\n<li><strong>Prova Escrita.<\/strong><\/li>\n<li><strong>Prova Did\u00e1tica.<\/strong><\/li>\n<li><strong>Prova Oral.<\/strong><\/li>\n<li><strong>Defesa de Projeto.<\/strong><\/li>\n<li><strong>An\u00e1lise de T\u00edtulos.<\/strong><\/li>\n<\/ol>\n<h2>Resultado Processo Seletivo UFU<\/h2>\n<p>A convoca\u00e7\u00e3o ocorrer\u00e1 ap\u00f3s a divulga\u00e7\u00e3o do Resultado Final e antes da sua Homologa\u00e7\u00e3o, atrav\u00e9s de lista de convoca\u00e7\u00e3o publicada na p\u00e1gina do processo sele\u00e7\u00e3o www.portalselecao.ufu.br.<\/p>\n","protected":false},"excerpt":{"rendered":"<p>O Processo Seletivo da UFU &#8211; MG realizar\u00e1 sele\u00e7\u00e3o de profissionais para seis vagas de professores visitantes.<\/p>\n","protected":false},"author":7,"featured_media":170144,"comment_status":"open","ping_status":"open","sticky":false,"template":"","format":"standard","meta":{"_acf_changed":false,"_breakdance_hide_in_design_set":false,"_breakdance_tags":"","footnotes":""},"categories":[3,6,106,8,9,97,125,15,104,152,17,20,27,123],"tags":[50],"_amplo":[],"destaque":[],"instituicoes":[168],"class_list":["post-170143","post","type-post","status-publish","format-standard","has-post-thumbnail","hentry","category-administracao","category-biologia","category-bioquimica","category-biotecnologia","category-ciencias-contabeis","category-ecologia","category-engenharia-producao","category-engenharia-florestal","category-engenharia-mecanica","category-engenharia-seguranca-trabalho","category-farmacia","category-letras","category-quimica","category-turismo","tag-minas-gerais","instituicoes-universidade-federal-de-uberlandia-ufu"],"acf":{"_tipo_vagas":"vagas","_numero_vagas":6,"_quadro_vagas":null,"_cargos":"professores","_cargos_especificos":"","_salario_max":"R$","_abertura":"20210701","_encerramento":"20210715","_inscricoes":"","_executora_concurso":"","_instituicao_concurso":[168],"_link_adicional":null,"_anexos":[{"_arquivo_anexo":170145,"_titulo_anexo":"Edital 039\/2021"},{"_arquivo_anexo":170146,"_titulo_anexo":"Edital Complementar (41)"},{"_arquivo_anexo":170151,"_titulo_anexo":"Edital Complementar (42)"},{"_arquivo_anexo":170150,"_titulo_anexo":"Edital Complementar (43)"},{"_arquivo_anexo":170149,"_titulo_anexo":"Edital Complementar (44)"},{"_arquivo_anexo":170148,"_titulo_anexo":"Edital Complementar (45)"},{"_arquivo_anexo":170147,"_titulo_anexo":"Edital Complementar (50)"}],"_produtos":null,"_vagas":"","_salario_min":"","_instituicao":"","_edital":"","_anexos_edital":"","_fund_incompleto":"","_fund_completo":"","_medio":"","_superior":""},"_links":{"self":[{"href":"https:\/\/www.agrobase.com.br\/concursos\/wp-json\/wp\/v2\/posts\/170143","targetHints":{"allow":["GET"]}}],"collection":[{"href":"https:\/\/www.agrobase.com.br\/concursos\/wp-json\/wp\/v2\/posts"}],"about":[{"href":"https:\/\/www.agrobase.com.br\/concursos\/wp-json\/wp\/v2\/types\/post"}],"author":[{"embeddable":true,"href":"https:\/\/www.agrobase.com.br\/concursos\/wp-json\/wp\/v2\/users\/7"}],"replies":[{"embeddable":true,"href":"https:\/\/www.agrobase.com.br\/concursos\/wp-json\/wp\/v2\/comments?post=170143"}],"version-history":[{"count":0,"href":"https:\/\/www.agrobase.com.br\/concursos\/wp-json\/wp\/v2\/posts\/170143\/revisions"}],"acf:term":[{"embeddable":true,"taxonomy":"instituicoes","href":"https:\/\/www.agrobase.com.br\/concursos\/wp-json\/wp\/v2\/instituicoes\/168"}],"wp:featuredmedia":[{"embeddable":true,"href":"https:\/\/www.agrobase.com.br\/concursos\/wp-json\/wp\/v2\/media\/170144"}],"wp:attachment":[{"href":"https:\/\/www.agrobase.com.br\/concursos\/wp-json\/wp\/v2\/media?parent=170143"}],"wp:term":[{"taxonomy":"category","embeddable":true,"href":"https:\/\/www.agrobase.com.br\/concursos\/wp-json\/wp\/v2\/categories?post=170143"},{"taxonomy":"post_tag","embeddable":true,"href":"https:\/\/www.agrobase.com.br\/concursos\/wp-json\/wp\/v2\/tags?post=170143"},{"taxonomy":"_amplo","embeddable":true,"href":"https:\/\/www.agrobase.com.br\/concursos\/wp-json\/wp\/v2\/_amplo?post=170143"},{"taxonomy":"destaque","embeddable":true,"href":"https:\/\/www.agrobase.com.br\/concursos\/wp-json\/wp\/v2\/destaque?post=170143"},{"taxonomy":"instituicoes","embeddable":true,"href":"https:\/\/www.agrobase.com.br\/concursos\/wp-json\/wp\/v2\/instituicoes?post=170143"}],"curies":[{"name":"wp","href":"https:\/\/api.w.org\/{rel}","templated":true}]}}